{"id":5118,"date":"2025-03-31T07:17:04","date_gmt":"2025-03-31T07:17:04","guid":{"rendered":"https:\/\/zsp14gliwice.pl\/sp28\/?p=5118"},"modified":"2025-03-31T07:17:28","modified_gmt":"2025-03-31T07:17:28","slug":"wyniki-szkolnego-konkursu-klasa-z-klasa","status":"publish","type":"post","link":"https:\/\/zsp14gliwice.pl\/sp28\/wyniki-szkolnego-konkursu-klasa-z-klasa\/","title":{"rendered":"Wyniki szkolnego konkursu &#8222;Klasa z klas\u0105&#8221;"},"content":{"rendered":"<div><span style=\"color: #000000;\">Zamiast wagar\u00f3w\u2026 konkurs! To dzia\u0142a od ponad 20 lat!\u00a0<\/span><\/div>\n<div><\/div>\n<div><span style=\"color: #000000;\">21 marca 2025 r. &#8211; pierwszy dzie\u0144 wiosny.<\/span><\/div>\n<div><span style=\"color: #000000;\">XXIV Konkurs Humanistyczny \u201eKlasa z klas\u0105\u201d.<\/span><\/div>\n<div><\/div>\n<div><span style=\"color: #000000;\">Konkurs \u201eKlasa klas\u0105 \u201d zosta\u0142 zorganizowany\u00a0 w ramach pracy Szkolnej Komisji Humanistycznej Szko\u0142y Podstawowej nr 28 im. W. Budryka w Gliwicach przez nauczycieli j. polskiego, historii i WOS-u.<\/span><\/div>\n<div><span style=\"color: #000000;\">Cele tegorocznego konkursu to<\/span><\/div>\n<div><span style=\"color: #000000;\">&#8211; popularyzacja\u00a0 szeroko poj\u0119tej kultury, zachowa\u0144 \u201ez klas\u0105\u201d,<\/span><\/div>\n<div><span style=\"color: #000000;\">&#8211; integracja zespo\u0142\u00f3w klasowych (poziom IV-VIII),<\/span><\/div>\n<div><span style=\"color: #000000;\">&#8211; popularyzacja tw\u00f3rczo\u015bci wybranych pisarzy- patron\u00f3w roku 2025: Antoniego\u00a0\u00a0<\/span><\/div>\n<div><span style=\"color: #000000;\">\u00a0 \u00a0 \u00a0 \u00a0 S\u0142onimskiego i Stefana \u017beromskiego,<\/span><\/div>\n<div><span style=\"color: #000000;\">&#8211; szerzenie\u00a0 mody\u00a0 na\u00a0 zdrow\u0105 rywalizacj\u0119, zgodn\u0105 z zasadami fair play,<\/span><\/div>\n<div><span style=\"color: #000000;\">&#8211; tworzenie tradycji szko\u0142y,<\/span><\/div>\n<div><span style=\"color: #000000;\">&#8211; uczenie przez zabaw\u0119,<\/span><\/div>\n<div><span style=\"color: #000000;\">&#8211; rozbudzanie zainteresowa\u0144 przedmiotami humanistycznymi- zach\u0119canie do powtarzania\u00a0 \u00a0 \u00a0 \u00a0 \u00a0 \u00a0 \u00a0 \u00a0 \u00a0 \u00a0\u00a0<\/span><\/div>\n<div><span style=\"color: #000000;\">\u00a0 \u00a0 \u00a0 \u00a0 i utrwalania wiadomo\u015bci i doskonalenie umiej\u0119tno\u015bci m.in. z j. polskiego i historii,<\/span><\/div>\n<div><span style=\"color: #000000;\">&#8211; kszta\u0142cenie umiej\u0119tno\u015bci kreatywnego rozwi\u0105zywania problem\u00f3w,<\/span><\/div>\n<div><span style=\"color: #000000;\">&#8211; wzbogacanie\u00a0 form\u00a0 pracy\u00a0 z\u00a0 uczniem,<\/span><\/div>\n<div><span style=\"color: #000000;\">&#8211; rozwijanie\u00a0 tw\u00f3rczej\u00a0 aktywno\u015bci dzieci i m\u0142odzie\u017cy.<\/span><\/div>\n<div><span style=\"color: #000000;\">W konkursie wzi\u0119\u0142y udzia\u0142 klasy IV-VIII, rywalizowa\u0142y poziomami i ka\u017cdy zesp\u00f3\u0142 mia\u0142 mo\u017cliwo\u015b\u0107 wykazania si\u0119. Na ten dzie\u0144 uczniowie czekali ca\u0142y rok, by\u00a0 powalczy\u0107 z r\u00f3wnoleg\u0142ymi klasami o zaszczytny tytu\u0142 \u201eklasy z klas\u0105\u201d.\u00a0<\/span><\/div>\n<div><span style=\"color: #000000;\">Ka\u017cda klasa wytypowa\u0142a swoj\u0105 trzyosobow\u0105 dru\u017cyn\u0119, kt\u00f3ra j\u0105 reprezentowa\u0142a, ale opr\u00f3cz pyta\u0144 dla tych w\u0142a\u015bnie wybranych os\u00f3b by\u0142y, jak zawsze, zadania i pytania dla ca\u0142ych klas. To od pracy wszystkich uczni\u00f3w danego zespo\u0142u zale\u017ca\u0142 sukces!<\/span><\/div>\n<div><span style=\"color: #000000;\">Przygotowania do tego konkursu trwa\u0142y\u00a0 kilka tygodni. Nauczyciele starali si\u0119 zaproponowa\u0107 takie zadania, aby uczniowie mogli bawi\u0107 si\u0119 dobrze , ale i wiele nauczy\u0107. Dzieci prezentowa\u0142y rymowanki o swojej klasie i proste piosenki; czasami transparenty, maskotki klasowe itp. by\u0142y dodatkowymi elementami, kt\u00f3re przedstawia\u0142y dany zesp\u00f3\u0142. Dekoracj\u0119 stanowi\u0142y przygotowane przez ka\u017cd\u0105 z klas IV-VIII plakaty, kt\u00f3re podczas konkursu by\u0142y opisywane i interpretowane przez wybran\u0105 osob\u0119. Uczniowie wykazali si\u0119 zaanga\u017cowaniem, dobrym przygotowaniem i kultur\u0105, i na tym w\u0142a\u015bnie zale\u017ca\u0142o organizatorom.\u00a0<\/span><\/div>\n<div><span style=\"color: #000000;\">Mie\u0107 klas\u0119 oznacza m.in.:<\/span><\/div>\n<div><span style=\"color: #000000;\">\u201e(\u2026)nie traktowa\u0107 ludzi przedmiotowo, lecz okazywa\u0107 im nale\u017cny respekt oraz rozumie\u0107, \u017ce\u00a0 szacunek dla siebie samego stanowi podstaw\u0119 szacunku dla innych;<\/span><\/div>\n<div><span style=\"color: #000000;\">\u2026przestrzega\u0107 w\u0142a\u015bciwych norm zachowania, bowiem klasa cz\u0142owieka zawsze zwi\u0105zana jest z jego zachowaniem, a nie ze statusem spo\u0142ecznym;<\/span><\/div>\n<div><span style=\"color: #000000;\">\u2026nigdy nie u\u017cywa\u0107 wulgarnego j\u0119zyka, nawet w gniewie;<\/span><\/div>\n<div><span style=\"color: #000000;\">\u2026posiada\u0107 nienaganne maniery;<\/span><\/div>\n<div><span style=\"color: #000000;\">\u2026rozumie\u0107, \u017ce najlepsz\u0105 drog\u0105 w\u0142asnego rozwoju jest pomoc w rozwoju innym;<\/span><\/div>\n<div><span style=\"color: #000000;\">\u2026stara\u0107 si\u0119, aby czyny sz\u0142y w parze ze s\u0142owami;<\/span><\/div>\n<div><span style=\"color: #000000;\">\u2026nie budowa\u0107 swojej pozycji i sukcesu na krzywdzie innych;<\/span><\/div>\n<div><span style=\"color: #000000;\">\u2026zna\u0107 wag\u0119 i warto\u015b\u0107 szczerego u\u015bmiechu.\u201d<\/span><\/div>\n<div><\/div>\n<div><span style=\"color: #000000;\">Zwyci\u0119skie klasy opr\u00f3cz honorowego tytu\u0142u KLASY Z KLAS\u0104 otrzyma\u0142y pami\u0105tkowy dyplom, torb\u0119 cukierk\u00f3w oraz przechodni\u0105 statuetk\u0119, o kt\u00f3r\u0105 za rok powalcz\u0105 zn\u00f3w wszystkie klasy z danego poziomu. Wielu zwyci\u0119zc\u00f3w pokaza\u0142o swoj\u0105 klas\u0119, dziel\u0105c si\u0119 s\u0142odyczami z kolegami i kole\u017cankami, kt\u00f3rzy w wyniku rywalizacji uzyskali mniej punkt\u00f3w.\u00a0<\/span><\/div>\n<div><span style=\"color: #000000;\">Kto chcia\u0142, \u017ceby jego klasa wygra\u0142a, zrezygnowa\u0142 z wagar\u00f3w w pierwszym dniu wiosny i uczy\u0142 si\u0119, bawi\u0105c, w szkole. Brawo!<\/span><\/div>\n<div><span style=\"color: #000000;\">W tym roku zdoby\u0142y tytu\u0142 \u201eklasy z klas\u0105\u201d\u00a0<\/span><\/div>\n<div><span style=\"color: #000000;\">nast\u0119puj\u0105ce zespo\u0142y klasowe:<\/span><\/div>\n<div><span style=\"color: #000000;\">IV a, V b, VI c, VII d, VIII a.<\/span><\/div>\n<div><span style=\"color: #000000;\">Gratulujemy!<\/span><\/div>\n<div><\/div>\n<div><span style=\"color: #000000;\">Podczas konkursu rozdano r\u00f3wnie\u017c nagrody laureatom dw\u00f3ch organizowanych wcze\u015bniej szkolnych konkurs\u00f3w: ortograficznego i frazeologicznego.<\/span><\/div>\n<div><\/div>\n<div><span style=\"color: #000000;\">Dzi\u0119kujemy wszystkim uczennicom i uczniom z klas IV-VIII, kt\u00f3rzy wzi\u0119li udzia\u0142 w \u201eKlasie z klas\u0105\u201d. Uczestnicy konkursu wykazali si\u0119 wiedz\u0105 i umiej\u0119tno\u015bciami z j. polskiego, historii (a w klasach VIII r\u00f3wnie\u017c z WOS-u), kreatywno\u015bci\u0105 oraz kultur\u0105 i zaanga\u017cowaniem.<\/span><\/div>\n<div><span style=\"color: #000000;\">Dzi\u0119kujemy wszystkim, kt\u00f3rzy pomogli w przygotowaniu uczni\u00f3w do \u201eKlasy z klas\u0105\u201d lub wsparli w inny spos\u00f3b organizacj\u0119 konkursu.<\/span><\/div>\n<div><\/div>\n<div><span style=\"color: #000000;\">W imieniu organizator\u00f3w<\/span><\/div>\n<div><span style=\"color: #000000;\">Marzanna Pietruszka-\u0141\u00f3j<\/span><\/div>\n<div><\/div>\n<div>\n<div id=\"attachment_5119\" style=\"width: 160px\" class=\"wp-caption alignleft\"><a href=\"https:\/\/zsp14gliwice.pl\/sp28\/wp-content\/uploads\/2025\/03\/4-a.jpg\"><img loading=\"lazy\" decoding=\"async\" aria-describedby=\"caption-attachment-5119\" class=\"size-thumbnail wp-image-5119\" title=\"4 a\" src=\"https:\/\/zsp14gliwice.pl\/sp28\/wp-content\/uploads\/2025\/03\/4-a-150x150.jpg\" alt=\"4 a\" width=\"150\" height=\"150\" \/><\/a><p id=\"caption-attachment-5119\" class=\"wp-caption-text\">4 a<\/p><\/div>\n<div id=\"attachment_5120\" style=\"width: 160px\" class=\"wp-caption alignleft\"><a href=\"https:\/\/zsp14gliwice.pl\/sp28\/wp-content\/uploads\/2025\/03\/5-b.jpg\"><img loading=\"lazy\" decoding=\"async\" aria-describedby=\"caption-attachment-5120\" class=\"size-thumbnail wp-image-5120\" title=\"5 b\" src=\"https:\/\/zsp14gliwice.pl\/sp28\/wp-content\/uploads\/2025\/03\/5-b-150x150.jpg\" alt=\"5 b\" width=\"150\" height=\"150\" \/><\/a><p id=\"caption-attachment-5120\" class=\"wp-caption-text\">5 b<\/p><\/div>\n<div id=\"attachment_5121\" style=\"width: 160px\" class=\"wp-caption alignleft\"><a href=\"https:\/\/zsp14gliwice.pl\/sp28\/wp-content\/uploads\/2025\/03\/6-c.jpg\"><img loading=\"lazy\" decoding=\"async\" aria-describedby=\"caption-attachment-5121\" class=\"size-thumbnail wp-image-5121\" title=\"6 c\" src=\"https:\/\/zsp14gliwice.pl\/sp28\/wp-content\/uploads\/2025\/03\/6-c-150x150.jpg\" alt=\"6 c\" width=\"150\" height=\"150\" \/><\/a><p id=\"caption-attachment-5121\" class=\"wp-caption-text\">6 c<\/p><\/div>\n<div id=\"attachment_5122\" style=\"width: 160px\" class=\"wp-caption alignleft\"><a href=\"https:\/\/zsp14gliwice.pl\/sp28\/wp-content\/uploads\/2025\/03\/7-d.jpg\"><img loading=\"lazy\" decoding=\"async\" aria-describedby=\"caption-attachment-5122\" class=\"size-thumbnail wp-image-5122\" title=\"7 d\" src=\"https:\/\/zsp14gliwice.pl\/sp28\/wp-content\/uploads\/2025\/03\/7-d-150x150.jpg\" alt=\"7 d\" width=\"150\" height=\"150\" \/><\/a><p id=\"caption-attachment-5122\" class=\"wp-caption-text\">7 d<\/p><\/div>\n<div id=\"attachment_5123\" style=\"width: 160px\" class=\"wp-caption alignleft\"><a href=\"https:\/\/zsp14gliwice.pl\/sp28\/wp-content\/uploads\/2025\/03\/8-a.jpg\"><img loading=\"lazy\" decoding=\"async\" aria-describedby=\"caption-attachment-5123\" class=\"size-thumbnail wp-image-5123\" title=\"8 a\" src=\"https:\/\/zsp14gliwice.pl\/sp28\/wp-content\/uploads\/2025\/03\/8-a-150x150.jpg\" alt=\"8 a\" width=\"150\" height=\"150\" \/><\/a><p id=\"caption-attachment-5123\" class=\"wp-caption-text\">8 a<\/p><\/div>\n<\/div>\n","protected":false},"excerpt":{"rendered":"<p>Zamiast wagar\u00f3w\u2026 konkurs! To dzia\u0142a od ponad 20 lat!\u00a0 21 marca 2025 r. &#8211; pierwszy dzie\u0144 wiosny. XXIV Konkurs Humanistyczny \u201eKlasa z klas\u0105\u201d. Konkurs \u201eKlasa klas\u0105 \u201d zosta\u0142 zorganizowany\u00a0 w ramach pracy Szkolnej Komisji Humanistycznej Szko\u0142y Podstawowej nr 28 im. W. Budryka w Gliwicach przez nauczycieli j. polskiego, historii i WOS-u. Cele tegorocznego konkursu to &#8211; popularyzacja\u00a0 szeroko poj\u0119tej kultury, &#8230; <\/p>\n<div><a href=\"https:\/\/zsp14gliwice.pl\/sp28\/wyniki-szkolnego-konkursu-klasa-z-klasa\/\" class=\"more-link\">Read More<\/a><\/div>\n","protected":false},"author":2,"featured_media":1284,"comment_status":"closed","ping_status":"open","sticky":false,"template":"","format":"standard","meta":{"footnotes":""},"categories":[14],"tags":[],"class_list":["post-5118","post","type-post","status-publish","format-standard","has-post-thumbnail","hentry","category-pilne"],"_links":{"self":[{"href":"https:\/\/zsp14gliwice.pl\/sp28\/wp-json\/wp\/v2\/posts\/5118"}],"collection":[{"href":"https:\/\/zsp14gliwice.pl\/sp28\/wp-json\/wp\/v2\/posts"}],"about":[{"href":"https:\/\/zsp14gliwice.pl\/sp28\/wp-json\/wp\/v2\/types\/post"}],"author":[{"embeddable":true,"href":"https:\/\/zsp14gliwice.pl\/sp28\/wp-json\/wp\/v2\/users\/2"}],"replies":[{"embeddable":true,"href":"https:\/\/zsp14gliwice.pl\/sp28\/wp-json\/wp\/v2\/comments?post=5118"}],"version-history":[{"count":5,"href":"https:\/\/zsp14gliwice.pl\/sp28\/wp-json\/wp\/v2\/posts\/5118\/revisions"}],"predecessor-version":[{"id":5128,"href":"https:\/\/zsp14gliwice.pl\/sp28\/wp-json\/wp\/v2\/posts\/5118\/revisions\/5128"}],"wp:featuredmedia":[{"embeddable":true,"href":"https:\/\/zsp14gliwice.pl\/sp28\/wp-json\/wp\/v2\/media\/1284"}],"wp:attachment":[{"href":"https:\/\/zsp14gliwice.pl\/sp28\/wp-json\/wp\/v2\/media?parent=5118"}],"wp:term":[{"taxonomy":"category","embeddable":true,"href":"https:\/\/zsp14gliwice.pl\/sp28\/wp-json\/wp\/v2\/categories?post=5118"},{"taxonomy":"post_tag","embeddable":true,"href":"https:\/\/zsp14gliwice.pl\/sp28\/wp-json\/wp\/v2\/tags?post=5118"}],"curies":[{"name":"wp","href":"https:\/\/api.w.org\/{rel}","templated":true}]}}