{"id":4646,"date":"2024-06-21T14:41:33","date_gmt":"2024-06-21T14:41:33","guid":{"rendered":"https:\/\/zsp14gliwice.pl\/sp28\/?p=4646"},"modified":"2024-06-24T14:16:32","modified_gmt":"2024-06-24T14:16:32","slug":"moja-szkola-spelnionych-marzen","status":"publish","type":"post","link":"https:\/\/zsp14gliwice.pl\/sp28\/moja-szkola-spelnionych-marzen\/","title":{"rendered":"\u201eMoja szko\u0142a spe\u0142nionych marze\u0144\u201d"},"content":{"rendered":"<h5><span style=\"color: #000000;\"><strong>Wyniki konkursu poetyckiego <\/strong><strong>na wiersz z okazji 60-lecia <\/strong><strong>Szko\u0142y Podstawowej nr 28 im. Witolda Budryka w Gliwicach <\/strong><strong><u>\u201eMoja szko\u0142a spe\u0142nionych marze\u0144\u201d<\/u><\/strong><\/span><\/h5>\n<div id=\"attachment_4520\" style=\"width: 307px\" class=\"wp-caption aligncenter\"><a href=\"https:\/\/zsp14gliwice.pl\/sp28\/wp-content\/uploads\/2024\/03\/logo-szkola.png\"><img loading=\"lazy\" decoding=\"async\" aria-describedby=\"caption-attachment-4520\" class=\"size-medium wp-image-4520\" title=\"logo szko\u0142\u0105\" src=\"https:\/\/zsp14gliwice.pl\/sp28\/wp-content\/uploads\/2024\/03\/logo-szkola-297x300.png\" alt=\"logo szko\u0142a\" width=\"297\" height=\"300\" srcset=\"https:\/\/zsp14gliwice.pl\/sp28\/wp-content\/uploads\/2024\/03\/logo-szkola-297x300.png 297w, https:\/\/zsp14gliwice.pl\/sp28\/wp-content\/uploads\/2024\/03\/logo-szkola-100x101.png 100w, https:\/\/zsp14gliwice.pl\/sp28\/wp-content\/uploads\/2024\/03\/logo-szkola.png 318w\" sizes=\"(max-width: 297px) 100vw, 297px\" \/><\/a><p id=\"caption-attachment-4520\" class=\"wp-caption-text\"><span style=\"color: #000000;\">logo szko\u0142a<\/span><\/p><\/div>\n<p>&nbsp;<\/p>\n<h5><span style=\"color: #000000;\"><strong><u>Kategoria klasy IV-VI<\/u><\/strong><\/span><\/h5>\n<h5><span style=\"color: #000000;\"><strong>I miejsce Julia Supruniuk V C \u201eNasza Kochana Jubilatka\u201d<br \/>\n<\/strong><\/span><span style=\"color: #000000;\"><strong>\u00a0 \u00a0 \u00a0 \u00a0 \u00a0 \u00a0 \u00a0 \u00a0 \u00a0 \u00a0 \u00a0 \u00a0 \u00a0 \u00a0 \u00a0Marta Dy\u015b VI A<\/strong><strong> \u201eNie jestem idealna\u201d<br \/>\n<\/strong><\/span><span style=\"color: #000000;\"><strong>II miejsce Maja Krawiec IV B \u201eWiersz o kochanej szkole\u201d<br \/>\n<\/strong><\/span><span style=\"color: #000000;\"><strong>III miejsce Joanna Piwowar V C \u201eKaruzela lekcji w Budryku\u201d<br \/>\n<\/strong><\/span><span style=\"color: #000000;\"><strong>Wyr\u00f3\u017cnienia: Marta Bartman IV B \u201eUrodziny szko\u0142y\u201d<br \/>\n<\/strong><\/span><span style=\"color: #000000;\"><strong>\u00a0 \u00a0 \u00a0 \u00a0 \u00a0 \u00a0 \u00a0 \u00a0 \u00a0 \u00a0 \u00a0 \u00a0 \u00a0 \u00a0 \u00a0 \u00a0 \u00a0 \u00a0Wiktor Nico\u015b IVB \u201eMoja szko\u0142a&#8230;\u201d<\/strong><\/span><\/h5>\n<h5><span style=\"color: #000000;\"><strong><u>Kategoria klasy VI-VIII<\/u><\/strong><\/span><\/h5>\n<h5><span style=\"color: #000000;\"><strong>I miejsce Zofia Kozio\u0142 VIII D \u201eWyj\u0105tkowe miejsce\u201d<br \/>\n<\/strong><strong>II miejsce Michalina Krajewska VIII D \u201eDzi\u0119kuj\u0119 Ci, Szko\u0142o\u201d<br \/>\n<\/strong><strong>III miejsce Wiktoria Szumniak VIII D \u201eTo w\u0142a\u015bnie tutaj\u201d<br \/>\nWyr\u00f3\u017cnienie: Marta D\u0119bska VIII D \u201eSzko\u0142a\u201d<\/strong><\/span><\/h5>\n<h5><span style=\"color: #000000;\"><strong>Wyr\u00f3\u017cnienie szczeg\u00f3lne otrzyma\u0142a absolwentka Szko\u0142y Podstawowej nr 28 w Gliwicach Ewa Stasikowska za wiersz \u201eOkiem absolwenta\u201d.<\/strong><\/span><\/h5>\n<h5><span style=\"color: #ff0000;\"><strong>Dzi\u0119kujemy za udzia\u0142 w konkursie! Gratulujemy wszystkim laureatom. <\/strong><strong>Informujemy, \u017ce zgodnie z regulaminem konkursu <\/strong><strong>laureaci otrzymaj\u0105 nagrody podczas uroczysto\u015bci jubileuszu <\/strong><strong>Szko\u0142y Podstawowej nr 28 im. Witolda Budryka w Gliwicach\u00a0 <\/strong><strong>we wrze\u015bniu 2024 r.<\/strong><\/span><\/h5>\n<h5><span style=\"color: #000000;\">Marzanna Pietruszka-\u0141\u00f3j<\/span><br \/>\n<span style=\"color: #000000;\">Anna Gomo\u0142a<\/span><\/h5>\n","protected":false},"excerpt":{"rendered":"<p>Wyniki konkursu poetyckiego na wiersz z okazji 60-lecia Szko\u0142y Podstawowej nr 28 im. Witolda Budryka w Gliwicach \u201eMoja szko\u0142a spe\u0142nionych marze\u0144\u201d &nbsp; Kategoria klasy IV-VI I miejsce Julia Supruniuk V C \u201eNasza Kochana Jubilatka\u201d \u00a0 \u00a0 \u00a0 \u00a0 \u00a0 \u00a0 \u00a0 \u00a0 \u00a0 \u00a0 \u00a0 \u00a0 \u00a0 \u00a0 \u00a0Marta Dy\u015b VI A \u201eNie jestem idealna\u201d II miejsce Maja Krawiec IV &#8230; <\/p>\n<div><a href=\"https:\/\/zsp14gliwice.pl\/sp28\/moja-szkola-spelnionych-marzen\/\" class=\"more-link\">Read More<\/a><\/div>\n","protected":false},"author":2,"featured_media":4520,"comment_status":"closed","ping_status":"open","sticky":false,"template":"","format":"standard","meta":{"footnotes":""},"categories":[12,14],"tags":[],"class_list":["post-4646","post","type-post","status-publish","format-standard","has-post-thumbnail","hentry","category-aktualnosci","category-pilne"],"_links":{"self":[{"href":"https:\/\/zsp14gliwice.pl\/sp28\/wp-json\/wp\/v2\/posts\/4646"}],"collection":[{"href":"https:\/\/zsp14gliwice.pl\/sp28\/wp-json\/wp\/v2\/posts"}],"about":[{"href":"https:\/\/zsp14gliwice.pl\/sp28\/wp-json\/wp\/v2\/types\/post"}],"author":[{"embeddable":true,"href":"https:\/\/zsp14gliwice.pl\/sp28\/wp-json\/wp\/v2\/users\/2"}],"replies":[{"embeddable":true,"href":"https:\/\/zsp14gliwice.pl\/sp28\/wp-json\/wp\/v2\/comments?post=4646"}],"version-history":[{"count":5,"href":"https:\/\/zsp14gliwice.pl\/sp28\/wp-json\/wp\/v2\/posts\/4646\/revisions"}],"predecessor-version":[{"id":4651,"href":"https:\/\/zsp14gliwice.pl\/sp28\/wp-json\/wp\/v2\/posts\/4646\/revisions\/4651"}],"wp:featuredmedia":[{"embeddable":true,"href":"https:\/\/zsp14gliwice.pl\/sp28\/wp-json\/wp\/v2\/media\/4520"}],"wp:attachment":[{"href":"https:\/\/zsp14gliwice.pl\/sp28\/wp-json\/wp\/v2\/media?parent=4646"}],"wp:term":[{"taxonomy":"category","embeddable":true,"href":"https:\/\/zsp14gliwice.pl\/sp28\/wp-json\/wp\/v2\/categories?post=4646"},{"taxonomy":"post_tag","embeddable":true,"href":"https:\/\/zsp14gliwice.pl\/sp28\/wp-json\/wp\/v2\/tags?post=4646"}],"curies":[{"name":"wp","href":"https:\/\/api.w.org\/{rel}","templated":true}]}}