{"id":921,"date":"2021-06-01T18:01:00","date_gmt":"2021-06-01T16:01:00","guid":{"rendered":"http:\/\/zsp14gliwice.pl\/pm40\/?p=921"},"modified":"2021-06-14T10:28:42","modified_gmt":"2021-06-14T08:28:42","slug":"dzien-dziecka","status":"publish","type":"post","link":"https:\/\/zsp14gliwice.pl\/pm40\/2021\/06\/01\/dzien-dziecka\/","title":{"rendered":"Dzie\u0144 dziecka"},"content":{"rendered":"\n<p>Dzie\u0144 Dziecka powinien trwa\u0107 ca\u0142y rok, a przynajmniej dwa dni, tak jak u nas. Nasze przedszkolaki p\u0119ka\u0142y ze \u015bmiechu dzi\u0119ki wyst\u0119pom Hapijama Fun Art. Rado\u015bci nie by\u0142o ko\u0144ca i u\u015bmiechy jeszcze d\u0142ugo go\u015bci\u0142y na twarzach dzieci. Dzie\u0144 Dziecka w naszym przedszkolu jest zawsze wyj\u0105tkowy, bo to jedno z najwa\u017cniejszych \u015bwi\u0105t w naszym kalendarzu. Z tej okazji barwnym korowodem spacerowali\u015bmy po parku Chopina. Oby naszym przedszkolakom spe\u0142ni\u0142y si\u0119 wszystkie najskrytsze marzenia!<\/p>\n\n\n\n<figure class=\"wp-block-gallery columns-2 is-cropped wp-block-gallery-1 is-layout-flex wp-block-gallery-is-layout-flex\"><ul class=\"blocks-gallery-grid\"><li class=\"blocks-gallery-item\"><figure><a href=\"http:\/\/zsp14gliwice.pl\/pm40\/wp-content\/uploads\/2021\/06\/zsp14gliwice-pm40-dzien-dziecka-2.jpg\"><img loading=\"lazy\" decoding=\"async\" width=\"1024\" height=\"768\" src=\"http:\/\/zsp14gliwice.pl\/pm40\/wp-content\/uploads\/2021\/06\/zsp14gliwice-pm40-dzien-dziecka-2-1024x768.jpg\" alt=\"\" data-id=\"923\" data-full-url=\"http:\/\/zsp14gliwice.pl\/pm40\/wp-content\/uploads\/2021\/06\/zsp14gliwice-pm40-dzien-dziecka-2.jpg\" data-link=\"http:\/\/zsp14gliwice.pl\/pm40\/?attachment_id=923\" class=\"wp-image-923\" srcset=\"https:\/\/zsp14gliwice.pl\/pm40\/wp-content\/uploads\/2021\/06\/zsp14gliwice-pm40-dzien-dziecka-2-1024x768.jpg 1024w, https:\/\/zsp14gliwice.pl\/pm40\/wp-content\/uploads\/2021\/06\/zsp14gliwice-pm40-dzien-dziecka-2-300x225.jpg 300w, https:\/\/zsp14gliwice.pl\/pm40\/wp-content\/uploads\/2021\/06\/zsp14gliwice-pm40-dzien-dziecka-2-768x576.jpg 768w, https:\/\/zsp14gliwice.pl\/pm40\/wp-content\/uploads\/2021\/06\/zsp14gliwice-pm40-dzien-dziecka-2-1536x1152.jpg 1536w, https:\/\/zsp14gliwice.pl\/pm40\/wp-content\/uploads\/2021\/06\/zsp14gliwice-pm40-dzien-dziecka-2-100x75.jpg 100w, https:\/\/zsp14gliwice.pl\/pm40\/wp-content\/uploads\/2021\/06\/zsp14gliwice-pm40-dzien-dziecka-2-862x647.jpg 862w, https:\/\/zsp14gliwice.pl\/pm40\/wp-content\/uploads\/2021\/06\/zsp14gliwice-pm40-dzien-dziecka-2-1200x900.jpg 1200w, https:\/\/zsp14gliwice.pl\/pm40\/wp-content\/uploads\/2021\/06\/zsp14gliwice-pm40-dzien-dziecka-2.jpg 1600w\" sizes=\"(max-width: 1024px) 100vw, 1024px\" \/><\/a><\/figure><\/li><li class=\"blocks-gallery-item\"><figure><a href=\"http:\/\/zsp14gliwice.pl\/pm40\/wp-content\/uploads\/2021\/06\/zsp14gliwice-pm40-dzien-dziecka-3.jpg\"><img loading=\"lazy\" decoding=\"async\" width=\"461\" height=\"1024\" src=\"http:\/\/zsp14gliwice.pl\/pm40\/wp-content\/uploads\/2021\/06\/zsp14gliwice-pm40-dzien-dziecka-3-461x1024.jpg\" alt=\"\" data-id=\"924\" data-full-url=\"http:\/\/zsp14gliwice.pl\/pm40\/wp-content\/uploads\/2021\/06\/zsp14gliwice-pm40-dzien-dziecka-3.jpg\" data-link=\"http:\/\/zsp14gliwice.pl\/pm40\/?attachment_id=924\" class=\"wp-image-924\" srcset=\"https:\/\/zsp14gliwice.pl\/pm40\/wp-content\/uploads\/2021\/06\/zsp14gliwice-pm40-dzien-dziecka-3-461x1024.jpg 461w, https:\/\/zsp14gliwice.pl\/pm40\/wp-content\/uploads\/2021\/06\/zsp14gliwice-pm40-dzien-dziecka-3-135x300.jpg 135w, https:\/\/zsp14gliwice.pl\/pm40\/wp-content\/uploads\/2021\/06\/zsp14gliwice-pm40-dzien-dziecka-3-691x1536.jpg 691w, https:\/\/zsp14gliwice.pl\/pm40\/wp-content\/uploads\/2021\/06\/zsp14gliwice-pm40-dzien-dziecka-3-100x222.jpg 100w, https:\/\/zsp14gliwice.pl\/pm40\/wp-content\/uploads\/2021\/06\/zsp14gliwice-pm40-dzien-dziecka-3.jpg 720w\" sizes=\"(max-width: 461px) 100vw, 461px\" \/><\/a><\/figure><\/li><\/ul><\/figure>\n","protected":false},"excerpt":{"rendered":"<p>Dzie\u0144 Dziecka powinien trwa\u0107 ca\u0142y rok, a przynajmniej dwa dni, tak jak u nas. Nasze przedszkolaki p\u0119ka\u0142y ze \u015bmiechu dzi\u0119ki wyst\u0119pom Hapijama Fun Art. Rado\u015bci nie by\u0142o ko\u0144ca i u\u015bmiechy jeszcze d\u0142ugo go\u015bci\u0142y na twarzach dzieci. Dzie\u0144 Dziecka w naszym przedszkolu jest zawsze wyj\u0105tkowy, bo to jedno z najwa\u017cniejszych \u015bwi\u0105t w naszym kalendarzu. Z tej okazji barwnym korowodem spacerowali\u015bmy po &#8230; <\/p>\n<div><a href=\"https:\/\/zsp14gliwice.pl\/pm40\/2021\/06\/01\/dzien-dziecka\/\" class=\"more-link\">Read More<\/a><\/div>\n","protected":false},"author":1,"featured_media":922,"comment_status":"closed","ping_status":"open","sticky":false,"template":"","format":"standard","meta":{"footnotes":""},"categories":[7],"tags":[],"_links":{"self":[{"href":"https:\/\/zsp14gliwice.pl\/pm40\/wp-json\/wp\/v2\/posts\/921"}],"collection":[{"href":"https:\/\/zsp14gliwice.pl\/pm40\/wp-json\/wp\/v2\/posts"}],"about":[{"href":"https:\/\/zsp14gliwice.pl\/pm40\/wp-json\/wp\/v2\/types\/post"}],"author":[{"embeddable":true,"href":"https:\/\/zsp14gliwice.pl\/pm40\/wp-json\/wp\/v2\/users\/1"}],"replies":[{"embeddable":true,"href":"https:\/\/zsp14gliwice.pl\/pm40\/wp-json\/wp\/v2\/comments?post=921"}],"version-history":[{"count":1,"href":"https:\/\/zsp14gliwice.pl\/pm40\/wp-json\/wp\/v2\/posts\/921\/revisions"}],"predecessor-version":[{"id":925,"href":"https:\/\/zsp14gliwice.pl\/pm40\/wp-json\/wp\/v2\/posts\/921\/revisions\/925"}],"wp:featuredmedia":[{"embeddable":true,"href":"https:\/\/zsp14gliwice.pl\/pm40\/wp-json\/wp\/v2\/media\/922"}],"wp:attachment":[{"href":"https:\/\/zsp14gliwice.pl\/pm40\/wp-json\/wp\/v2\/media?parent=921"}],"wp:term":[{"taxonomy":"category","embeddable":true,"href":"https:\/\/zsp14gliwice.pl\/pm40\/wp-json\/wp\/v2\/categories?post=921"},{"taxonomy":"post_tag","embeddable":true,"href":"https:\/\/zsp14gliwice.pl\/pm40\/wp-json\/wp\/v2\/tags?post=921"}],"curies":[{"name":"wp","href":"https:\/\/api.w.org\/{rel}","templated":true}]}}