{"id":890,"date":"2021-05-10T14:39:02","date_gmt":"2021-05-10T12:39:02","guid":{"rendered":"http:\/\/zsp14gliwice.pl\/pm40\/?p=890"},"modified":"2021-05-13T10:02:25","modified_gmt":"2021-05-13T08:02:25","slug":"dzien-ziemi","status":"publish","type":"post","link":"https:\/\/zsp14gliwice.pl\/pm40\/2021\/05\/10\/dzien-ziemi\/","title":{"rendered":"Dzie\u0144 Ziemi"},"content":{"rendered":"\n<p>Wok\u00f3\u0142 naszego przedszkola zrobi\u0142o si\u0119 kolorowo! A to wszystko za spraw\u0105 naszych pracowitych jak mr\u00f3weczki przedszkolak\u00f3w, kt\u00f3re z okazji Dnia Ziemi zasadzi\u0142y w ogrodzie i na przedszkolnych tarasach bratki. Z okazji Dnia Ziemi Liski przygotowa\u0142y wspania\u0142y wyst\u0119p przypomnia\u0142y naszym przedszkolakom jak nale\u017cy zachowywa\u0107 si\u0119 w lesie. Szanowanie spokoju zwierz\u0105t i zielonych urok\u00f3w tego miejsca s\u0105 bardzo wa\u017cne!<\/p>\n\n\n\n<figure class=\"wp-block-gallery columns-3 is-cropped wp-block-gallery-1 is-layout-flex wp-block-gallery-is-layout-flex\"><ul class=\"blocks-gallery-grid\"><li class=\"blocks-gallery-item\"><figure><a href=\"http:\/\/zsp14gliwice.pl\/pm40\/wp-content\/uploads\/2021\/05\/zsp14gliwice-pm40-dzien-ziemi-2021-1.jpg\"><img loading=\"lazy\" decoding=\"async\" width=\"769\" height=\"1024\" src=\"http:\/\/zsp14gliwice.pl\/pm40\/wp-content\/uploads\/2021\/05\/zsp14gliwice-pm40-dzien-ziemi-2021-1-769x1024.jpg\" alt=\"\" data-id=\"900\" data-full-url=\"http:\/\/zsp14gliwice.pl\/pm40\/wp-content\/uploads\/2021\/05\/zsp14gliwice-pm40-dzien-ziemi-2021-1.jpg\" data-link=\"http:\/\/zsp14gliwice.pl\/pm40\/2021\/05\/10\/dzien-ziemi\/zsp14gliwice-pm40-dzien-ziemi-2021-1\/\" class=\"wp-image-900\" srcset=\"https:\/\/zsp14gliwice.pl\/pm40\/wp-content\/uploads\/2021\/05\/zsp14gliwice-pm40-dzien-ziemi-2021-1-769x1024.jpg 769w, https:\/\/zsp14gliwice.pl\/pm40\/wp-content\/uploads\/2021\/05\/zsp14gliwice-pm40-dzien-ziemi-2021-1-225x300.jpg 225w, https:\/\/zsp14gliwice.pl\/pm40\/wp-content\/uploads\/2021\/05\/zsp14gliwice-pm40-dzien-ziemi-2021-1-768x1023.jpg 768w, https:\/\/zsp14gliwice.pl\/pm40\/wp-content\/uploads\/2021\/05\/zsp14gliwice-pm40-dzien-ziemi-2021-1-1153x1536.jpg 1153w, https:\/\/zsp14gliwice.pl\/pm40\/wp-content\/uploads\/2021\/05\/zsp14gliwice-pm40-dzien-ziemi-2021-1-100x133.jpg 100w, https:\/\/zsp14gliwice.pl\/pm40\/wp-content\/uploads\/2021\/05\/zsp14gliwice-pm40-dzien-ziemi-2021-1-862x1148.jpg 862w, https:\/\/zsp14gliwice.pl\/pm40\/wp-content\/uploads\/2021\/05\/zsp14gliwice-pm40-dzien-ziemi-2021-1-1200x1599.jpg 1200w, https:\/\/zsp14gliwice.pl\/pm40\/wp-content\/uploads\/2021\/05\/zsp14gliwice-pm40-dzien-ziemi-2021-1.jpg 1300w\" sizes=\"(max-width: 769px) 100vw, 769px\" \/><\/a><\/figure><\/li><li class=\"blocks-gallery-item\"><figure><a href=\"http:\/\/zsp14gliwice.pl\/pm40\/wp-content\/uploads\/2021\/05\/zsp14gliwice-pm40-dzien-ziemi-2021-2.jpg\"><img loading=\"lazy\" decoding=\"async\" width=\"1024\" height=\"576\" src=\"http:\/\/zsp14gliwice.pl\/pm40\/wp-content\/uploads\/2021\/05\/zsp14gliwice-pm40-dzien-ziemi-2021-2-1024x576.jpg\" alt=\"\" data-id=\"899\" data-full-url=\"http:\/\/zsp14gliwice.pl\/pm40\/wp-content\/uploads\/2021\/05\/zsp14gliwice-pm40-dzien-ziemi-2021-2.jpg\" data-link=\"http:\/\/zsp14gliwice.pl\/pm40\/2021\/05\/10\/dzien-ziemi\/zsp14gliwice-pm40-dzien-ziemi-2021-2\/\" class=\"wp-image-899\" srcset=\"https:\/\/zsp14gliwice.pl\/pm40\/wp-content\/uploads\/2021\/05\/zsp14gliwice-pm40-dzien-ziemi-2021-2-1024x576.jpg 1024w, https:\/\/zsp14gliwice.pl\/pm40\/wp-content\/uploads\/2021\/05\/zsp14gliwice-pm40-dzien-ziemi-2021-2-300x169.jpg 300w, https:\/\/zsp14gliwice.pl\/pm40\/wp-content\/uploads\/2021\/05\/zsp14gliwice-pm40-dzien-ziemi-2021-2-768x432.jpg 768w, https:\/\/zsp14gliwice.pl\/pm40\/wp-content\/uploads\/2021\/05\/zsp14gliwice-pm40-dzien-ziemi-2021-2-100x56.jpg 100w, https:\/\/zsp14gliwice.pl\/pm40\/wp-content\/uploads\/2021\/05\/zsp14gliwice-pm40-dzien-ziemi-2021-2-862x485.jpg 862w, https:\/\/zsp14gliwice.pl\/pm40\/wp-content\/uploads\/2021\/05\/zsp14gliwice-pm40-dzien-ziemi-2021-2-1200x675.jpg 1200w, https:\/\/zsp14gliwice.pl\/pm40\/wp-content\/uploads\/2021\/05\/zsp14gliwice-pm40-dzien-ziemi-2021-2.jpg 1300w\" sizes=\"(max-width: 1024px) 100vw, 1024px\" \/><\/a><\/figure><\/li><li class=\"blocks-gallery-item\"><figure><a href=\"http:\/\/zsp14gliwice.pl\/pm40\/wp-content\/uploads\/2021\/05\/zsp14gliwice-pm40-dzien-ziemi-2021-3.jpg\"><img loading=\"lazy\" decoding=\"async\" width=\"768\" height=\"1024\" src=\"http:\/\/zsp14gliwice.pl\/pm40\/wp-content\/uploads\/2021\/05\/zsp14gliwice-pm40-dzien-ziemi-2021-3-768x1024.jpg\" alt=\"\" data-id=\"897\" data-full-url=\"http:\/\/zsp14gliwice.pl\/pm40\/wp-content\/uploads\/2021\/05\/zsp14gliwice-pm40-dzien-ziemi-2021-3.jpg\" data-link=\"http:\/\/zsp14gliwice.pl\/pm40\/2021\/05\/10\/dzien-ziemi\/zsp14gliwice-pm40-dzien-ziemi-2021-3\/\" class=\"wp-image-897\" srcset=\"https:\/\/zsp14gliwice.pl\/pm40\/wp-content\/uploads\/2021\/05\/zsp14gliwice-pm40-dzien-ziemi-2021-3-768x1024.jpg 768w, https:\/\/zsp14gliwice.pl\/pm40\/wp-content\/uploads\/2021\/05\/zsp14gliwice-pm40-dzien-ziemi-2021-3-225x300.jpg 225w, https:\/\/zsp14gliwice.pl\/pm40\/wp-content\/uploads\/2021\/05\/zsp14gliwice-pm40-dzien-ziemi-2021-3-1152x1536.jpg 1152w, https:\/\/zsp14gliwice.pl\/pm40\/wp-content\/uploads\/2021\/05\/zsp14gliwice-pm40-dzien-ziemi-2021-3-100x133.jpg 100w, https:\/\/zsp14gliwice.pl\/pm40\/wp-content\/uploads\/2021\/05\/zsp14gliwice-pm40-dzien-ziemi-2021-3-862x1149.jpg 862w, https:\/\/zsp14gliwice.pl\/pm40\/wp-content\/uploads\/2021\/05\/zsp14gliwice-pm40-dzien-ziemi-2021-3-1200x1600.jpg 1200w, https:\/\/zsp14gliwice.pl\/pm40\/wp-content\/uploads\/2021\/05\/zsp14gliwice-pm40-dzien-ziemi-2021-3.jpg 1300w\" sizes=\"(max-width: 768px) 100vw, 768px\" \/><\/a><\/figure><\/li><\/ul><\/figure>\n","protected":false},"excerpt":{"rendered":"<p>Wok\u00f3\u0142 naszego przedszkola zrobi\u0142o si\u0119 kolorowo! A to wszystko za spraw\u0105 naszych pracowitych jak mr\u00f3weczki przedszkolak\u00f3w, kt\u00f3re z okazji Dnia Ziemi zasadzi\u0142y w ogrodzie i na przedszkolnych tarasach bratki. Z okazji Dnia Ziemi Liski przygotowa\u0142y wspania\u0142y wyst\u0119p przypomnia\u0142y naszym przedszkolakom jak nale\u017cy zachowywa\u0107 si\u0119 w lesie. Szanowanie spokoju zwierz\u0105t i zielonych urok\u00f3w tego miejsca s\u0105 bardzo wa\u017cne!<\/p>\n","protected":false},"author":1,"featured_media":891,"comment_status":"closed","ping_status":"open","sticky":false,"template":"","format":"standard","meta":{"footnotes":""},"categories":[7],"tags":[],"_links":{"self":[{"href":"https:\/\/zsp14gliwice.pl\/pm40\/wp-json\/wp\/v2\/posts\/890"}],"collection":[{"href":"https:\/\/zsp14gliwice.pl\/pm40\/wp-json\/wp\/v2\/posts"}],"about":[{"href":"https:\/\/zsp14gliwice.pl\/pm40\/wp-json\/wp\/v2\/types\/post"}],"author":[{"embeddable":true,"href":"https:\/\/zsp14gliwice.pl\/pm40\/wp-json\/wp\/v2\/users\/1"}],"replies":[{"embeddable":true,"href":"https:\/\/zsp14gliwice.pl\/pm40\/wp-json\/wp\/v2\/comments?post=890"}],"version-history":[{"count":3,"href":"https:\/\/zsp14gliwice.pl\/pm40\/wp-json\/wp\/v2\/posts\/890\/revisions"}],"predecessor-version":[{"id":902,"href":"https:\/\/zsp14gliwice.pl\/pm40\/wp-json\/wp\/v2\/posts\/890\/revisions\/902"}],"wp:featuredmedia":[{"embeddable":true,"href":"https:\/\/zsp14gliwice.pl\/pm40\/wp-json\/wp\/v2\/media\/891"}],"wp:attachment":[{"href":"https:\/\/zsp14gliwice.pl\/pm40\/wp-json\/wp\/v2\/media?parent=890"}],"wp:term":[{"taxonomy":"category","embeddable":true,"href":"https:\/\/zsp14gliwice.pl\/pm40\/wp-json\/wp\/v2\/categories?post=890"},{"taxonomy":"post_tag","embeddable":true,"href":"https:\/\/zsp14gliwice.pl\/pm40\/wp-json\/wp\/v2\/tags?post=890"}],"curies":[{"name":"wp","href":"https:\/\/api.w.org\/{rel}","templated":true}]}}