{"id":865,"date":"2021-04-02T23:51:00","date_gmt":"2021-04-02T21:51:00","guid":{"rendered":"http:\/\/zsp14gliwice.pl\/pm40\/?p=865"},"modified":"2021-04-14T23:54:00","modified_gmt":"2021-04-14T21:54:00","slug":"swiatowy-dzien-swiadomosci-autyzmu","status":"publish","type":"post","link":"https:\/\/zsp14gliwice.pl\/pm40\/2021\/04\/02\/swiatowy-dzien-swiadomosci-autyzmu\/","title":{"rendered":"\u015awiatowy Dzie\u0144 \u015awiadomo\u015bci Autyzmu"},"content":{"rendered":"\n<p>2 kwietnia to bardzo wa\u017cny dzie\u0144 w naszym przedszkolu &#8211; \u015aWIATOWY DZIE\u0143 \u015aWIADOMO\u015aCI AUTYZMU. Aby podkre\u015bli\u0107 nasze wsparcie i zrozumienie autyzmu zrobili\u015bmy niebieskie kola\u017ce naszych d\u0142oni, a w domu dzieci z rodzicami zrobili fantazyjne puzzle. Jak zwykle nie zabrak\u0142o kreatywno\u015bci i wyobra\u017ani!<\/p>\n","protected":false},"excerpt":{"rendered":"<p>2 kwietnia to bardzo wa\u017cny dzie\u0144 w naszym przedszkolu &#8211; \u015aWIATOWY DZIE\u0143 \u015aWIADOMO\u015aCI AUTYZMU. Aby podkre\u015bli\u0107 nasze wsparcie i zrozumienie autyzmu zrobili\u015bmy niebieskie kola\u017ce naszych d\u0142oni, a w domu dzieci z rodzicami zrobili fantazyjne puzzle. Jak zwykle nie zabrak\u0142o kreatywno\u015bci i wyobra\u017ani!<\/p>\n","protected":false},"author":1,"featured_media":866,"comment_status":"closed","ping_status":"open","sticky":false,"template":"","format":"standard","meta":{"footnotes":""},"categories":[7],"tags":[],"_links":{"self":[{"href":"https:\/\/zsp14gliwice.pl\/pm40\/wp-json\/wp\/v2\/posts\/865"}],"collection":[{"href":"https:\/\/zsp14gliwice.pl\/pm40\/wp-json\/wp\/v2\/posts"}],"about":[{"href":"https:\/\/zsp14gliwice.pl\/pm40\/wp-json\/wp\/v2\/types\/post"}],"author":[{"embeddable":true,"href":"https:\/\/zsp14gliwice.pl\/pm40\/wp-json\/wp\/v2\/users\/1"}],"replies":[{"embeddable":true,"href":"https:\/\/zsp14gliwice.pl\/pm40\/wp-json\/wp\/v2\/comments?post=865"}],"version-history":[{"count":1,"href":"https:\/\/zsp14gliwice.pl\/pm40\/wp-json\/wp\/v2\/posts\/865\/revisions"}],"predecessor-version":[{"id":867,"href":"https:\/\/zsp14gliwice.pl\/pm40\/wp-json\/wp\/v2\/posts\/865\/revisions\/867"}],"wp:featuredmedia":[{"embeddable":true,"href":"https:\/\/zsp14gliwice.pl\/pm40\/wp-json\/wp\/v2\/media\/866"}],"wp:attachment":[{"href":"https:\/\/zsp14gliwice.pl\/pm40\/wp-json\/wp\/v2\/media?parent=865"}],"wp:term":[{"taxonomy":"category","embeddable":true,"href":"https:\/\/zsp14gliwice.pl\/pm40\/wp-json\/wp\/v2\/categories?post=865"},{"taxonomy":"post_tag","embeddable":true,"href":"https:\/\/zsp14gliwice.pl\/pm40\/wp-json\/wp\/v2\/tags?post=865"}],"curies":[{"name":"wp","href":"https:\/\/api.w.org\/{rel}","templated":true}]}}