{"id":859,"date":"2021-04-14T23:51:19","date_gmt":"2021-04-14T21:51:19","guid":{"rendered":"http:\/\/zsp14gliwice.pl\/pm40\/?p=859"},"modified":"2021-04-14T23:51:19","modified_gmt":"2021-04-14T21:51:19","slug":"wiosenny-koncert","status":"publish","type":"post","link":"https:\/\/zsp14gliwice.pl\/pm40\/2021\/04\/14\/wiosenny-koncert\/","title":{"rendered":"Wiosenny koncert"},"content":{"rendered":"\n<p>Z okazji nadej\u015bcia Wiosny ka\u017cda grupa przygotowa\u0142y piosenki i choreografie taneczne. Tego dnia by\u0142o w naszym przedszkolu naprawd\u0119 bardzo kolorowo i wiosennie!<\/p>\n\n\n\n<figure class=\"wp-block-image size-large\"><img loading=\"lazy\" decoding=\"async\" width=\"1024\" height=\"769\" src=\"http:\/\/zsp14gliwice.pl\/pm40\/wp-content\/uploads\/2021\/04\/zsp14-gliwice-pm40-wiosenny-koncert-2-1024x769.jpg\" alt=\"\" class=\"wp-image-862\" srcset=\"https:\/\/zsp14gliwice.pl\/pm40\/wp-content\/uploads\/2021\/04\/zsp14-gliwice-pm40-wiosenny-koncert-2-1024x769.jpg 1024w, https:\/\/zsp14gliwice.pl\/pm40\/wp-content\/uploads\/2021\/04\/zsp14-gliwice-pm40-wiosenny-koncert-2-300x225.jpg 300w, https:\/\/zsp14gliwice.pl\/pm40\/wp-content\/uploads\/2021\/04\/zsp14-gliwice-pm40-wiosenny-koncert-2-768x577.jpg 768w, https:\/\/zsp14gliwice.pl\/pm40\/wp-content\/uploads\/2021\/04\/zsp14-gliwice-pm40-wiosenny-koncert-2-100x75.jpg 100w, https:\/\/zsp14gliwice.pl\/pm40\/wp-content\/uploads\/2021\/04\/zsp14-gliwice-pm40-wiosenny-koncert-2-862x647.jpg 862w, https:\/\/zsp14gliwice.pl\/pm40\/wp-content\/uploads\/2021\/04\/zsp14-gliwice-pm40-wiosenny-koncert-2.jpg 1200w\" sizes=\"(max-width: 1024px) 100vw, 1024px\" \/><\/figure>\n","protected":false},"excerpt":{"rendered":"<p>Z okazji nadej\u015bcia Wiosny ka\u017cda grupa przygotowa\u0142y piosenki i choreografie taneczne. Tego dnia by\u0142o w naszym przedszkolu naprawd\u0119 bardzo kolorowo i wiosennie!<\/p>\n","protected":false},"author":1,"featured_media":863,"comment_status":"closed","ping_status":"open","sticky":false,"template":"","format":"standard","meta":{"footnotes":""},"categories":[7],"tags":[],"_links":{"self":[{"href":"https:\/\/zsp14gliwice.pl\/pm40\/wp-json\/wp\/v2\/posts\/859"}],"collection":[{"href":"https:\/\/zsp14gliwice.pl\/pm40\/wp-json\/wp\/v2\/posts"}],"about":[{"href":"https:\/\/zsp14gliwice.pl\/pm40\/wp-json\/wp\/v2\/types\/post"}],"author":[{"embeddable":true,"href":"https:\/\/zsp14gliwice.pl\/pm40\/wp-json\/wp\/v2\/users\/1"}],"replies":[{"embeddable":true,"href":"https:\/\/zsp14gliwice.pl\/pm40\/wp-json\/wp\/v2\/comments?post=859"}],"version-history":[{"count":1,"href":"https:\/\/zsp14gliwice.pl\/pm40\/wp-json\/wp\/v2\/posts\/859\/revisions"}],"predecessor-version":[{"id":864,"href":"https:\/\/zsp14gliwice.pl\/pm40\/wp-json\/wp\/v2\/posts\/859\/revisions\/864"}],"wp:featuredmedia":[{"embeddable":true,"href":"https:\/\/zsp14gliwice.pl\/pm40\/wp-json\/wp\/v2\/media\/863"}],"wp:attachment":[{"href":"https:\/\/zsp14gliwice.pl\/pm40\/wp-json\/wp\/v2\/media?parent=859"}],"wp:term":[{"taxonomy":"category","embeddable":true,"href":"https:\/\/zsp14gliwice.pl\/pm40\/wp-json\/wp\/v2\/categories?post=859"},{"taxonomy":"post_tag","embeddable":true,"href":"https:\/\/zsp14gliwice.pl\/pm40\/wp-json\/wp\/v2\/tags?post=859"}],"curies":[{"name":"wp","href":"https:\/\/api.w.org\/{rel}","templated":true}]}}