{"id":851,"date":"2021-04-14T23:39:32","date_gmt":"2021-04-14T21:39:32","guid":{"rendered":"http:\/\/zsp14gliwice.pl\/pm40\/?p=851"},"modified":"2021-04-14T23:41:08","modified_gmt":"2021-04-14T21:41:08","slug":"wiosenny-korowod","status":"publish","type":"post","link":"https:\/\/zsp14gliwice.pl\/pm40\/2021\/04\/14\/wiosenny-korowod\/","title":{"rendered":"Wiosenny korow\u00f3d"},"content":{"rendered":"\n<p>Obchody wiosny to tak\u017ce wiosenny korow\u00f3d po parku Chopina. Dzieci wraz z Pani\u0105 Wiosn\u0105 kolorowo \u015bwi\u0119towa\u0142y nadej\u015bcie nowej pory roku. Ka\u017cda z grup przygotowa\u0142a tak\u017ce marzanny, kt\u00f3re symbolicznie oblewali\u015bmy wod\u0105.<\/p>\n\n\n\n<figure class=\"wp-block-image size-large\"><img loading=\"lazy\" decoding=\"async\" width=\"1024\" height=\"461\" src=\"http:\/\/zsp14gliwice.pl\/pm40\/wp-content\/uploads\/2021\/04\/zsp14-gliwice-pm40-wiosenny-korowod-2-1024x461.jpg\" alt=\"\" class=\"wp-image-853\" srcset=\"https:\/\/zsp14gliwice.pl\/pm40\/wp-content\/uploads\/2021\/04\/zsp14-gliwice-pm40-wiosenny-korowod-2-1024x461.jpg 1024w, https:\/\/zsp14gliwice.pl\/pm40\/wp-content\/uploads\/2021\/04\/zsp14-gliwice-pm40-wiosenny-korowod-2-300x135.jpg 300w, https:\/\/zsp14gliwice.pl\/pm40\/wp-content\/uploads\/2021\/04\/zsp14-gliwice-pm40-wiosenny-korowod-2-768x346.jpg 768w, https:\/\/zsp14gliwice.pl\/pm40\/wp-content\/uploads\/2021\/04\/zsp14-gliwice-pm40-wiosenny-korowod-2-1536x691.jpg 1536w, https:\/\/zsp14gliwice.pl\/pm40\/wp-content\/uploads\/2021\/04\/zsp14-gliwice-pm40-wiosenny-korowod-2-100x45.jpg 100w, https:\/\/zsp14gliwice.pl\/pm40\/wp-content\/uploads\/2021\/04\/zsp14-gliwice-pm40-wiosenny-korowod-2-862x388.jpg 862w, https:\/\/zsp14gliwice.pl\/pm40\/wp-content\/uploads\/2021\/04\/zsp14-gliwice-pm40-wiosenny-korowod-2-1200x540.jpg 1200w, https:\/\/zsp14gliwice.pl\/pm40\/wp-content\/uploads\/2021\/04\/zsp14-gliwice-pm40-wiosenny-korowod-2.jpg 1600w\" sizes=\"(max-width: 1024px) 100vw, 1024px\" \/><\/figure>\n","protected":false},"excerpt":{"rendered":"<p>Obchody wiosny to tak\u017ce wiosenny korow\u00f3d po parku Chopina. Dzieci wraz z Pani\u0105 Wiosn\u0105 kolorowo \u015bwi\u0119towa\u0142y nadej\u015bcie nowej pory roku. Ka\u017cda z grup przygotowa\u0142a tak\u017ce marzanny, kt\u00f3re symbolicznie oblewali\u015bmy wod\u0105.<\/p>\n","protected":false},"author":1,"featured_media":852,"comment_status":"closed","ping_status":"open","sticky":false,"template":"","format":"standard","meta":{"footnotes":""},"categories":[7],"tags":[],"_links":{"self":[{"href":"https:\/\/zsp14gliwice.pl\/pm40\/wp-json\/wp\/v2\/posts\/851"}],"collection":[{"href":"https:\/\/zsp14gliwice.pl\/pm40\/wp-json\/wp\/v2\/posts"}],"about":[{"href":"https:\/\/zsp14gliwice.pl\/pm40\/wp-json\/wp\/v2\/types\/post"}],"author":[{"embeddable":true,"href":"https:\/\/zsp14gliwice.pl\/pm40\/wp-json\/wp\/v2\/users\/1"}],"replies":[{"embeddable":true,"href":"https:\/\/zsp14gliwice.pl\/pm40\/wp-json\/wp\/v2\/comments?post=851"}],"version-history":[{"count":1,"href":"https:\/\/zsp14gliwice.pl\/pm40\/wp-json\/wp\/v2\/posts\/851\/revisions"}],"predecessor-version":[{"id":854,"href":"https:\/\/zsp14gliwice.pl\/pm40\/wp-json\/wp\/v2\/posts\/851\/revisions\/854"}],"wp:featuredmedia":[{"embeddable":true,"href":"https:\/\/zsp14gliwice.pl\/pm40\/wp-json\/wp\/v2\/media\/852"}],"wp:attachment":[{"href":"https:\/\/zsp14gliwice.pl\/pm40\/wp-json\/wp\/v2\/media?parent=851"}],"wp:term":[{"taxonomy":"category","embeddable":true,"href":"https:\/\/zsp14gliwice.pl\/pm40\/wp-json\/wp\/v2\/categories?post=851"},{"taxonomy":"post_tag","embeddable":true,"href":"https:\/\/zsp14gliwice.pl\/pm40\/wp-json\/wp\/v2\/tags?post=851"}],"curies":[{"name":"wp","href":"https:\/\/api.w.org\/{rel}","templated":true}]}}