{"id":847,"date":"2021-04-14T23:34:32","date_gmt":"2021-04-14T21:34:32","guid":{"rendered":"http:\/\/zsp14gliwice.pl\/pm40\/?p=847"},"modified":"2021-04-14T23:34:32","modified_gmt":"2021-04-14T21:34:32","slug":"powitanie-wiosny","status":"publish","type":"post","link":"https:\/\/zsp14gliwice.pl\/pm40\/2021\/04\/14\/powitanie-wiosny\/","title":{"rendered":"Powitanie Wiosny"},"content":{"rendered":"\n<p>Przysz\u0142a do nas Wiosna \u2013 pi\u0119kna, radosna i d\u0142ugo wyczekiwana. Z tej okazji Panie przygotowa\u0142y wiosenny wyst\u0119p dla dzieci, a dodatkowo mieli\u015bmy uroczyste otwarcie naszej nowej sceny.\u00a0 Wyst\u0119p urozmaici\u0142y dziewczynki z grupy \u201eMyszki\u201d, kt\u00f3re wykona\u0142y wiosenny taniec motyli.<\/p>\n\n\n\n<figure class=\"wp-block-image size-large\"><img loading=\"lazy\" decoding=\"async\" width=\"1024\" height=\"576\" src=\"http:\/\/zsp14gliwice.pl\/pm40\/wp-content\/uploads\/2021\/04\/zsp14-gliwice-pm40-powitanie-wiosny-2-1024x576.jpg\" alt=\"\" class=\"wp-image-849\" srcset=\"https:\/\/zsp14gliwice.pl\/pm40\/wp-content\/uploads\/2021\/04\/zsp14-gliwice-pm40-powitanie-wiosny-2-1024x576.jpg 1024w, https:\/\/zsp14gliwice.pl\/pm40\/wp-content\/uploads\/2021\/04\/zsp14-gliwice-pm40-powitanie-wiosny-2-300x169.jpg 300w, https:\/\/zsp14gliwice.pl\/pm40\/wp-content\/uploads\/2021\/04\/zsp14-gliwice-pm40-powitanie-wiosny-2-768x432.jpg 768w, https:\/\/zsp14gliwice.pl\/pm40\/wp-content\/uploads\/2021\/04\/zsp14-gliwice-pm40-powitanie-wiosny-2-1536x864.jpg 1536w, https:\/\/zsp14gliwice.pl\/pm40\/wp-content\/uploads\/2021\/04\/zsp14-gliwice-pm40-powitanie-wiosny-2-100x56.jpg 100w, https:\/\/zsp14gliwice.pl\/pm40\/wp-content\/uploads\/2021\/04\/zsp14-gliwice-pm40-powitanie-wiosny-2-862x485.jpg 862w, https:\/\/zsp14gliwice.pl\/pm40\/wp-content\/uploads\/2021\/04\/zsp14-gliwice-pm40-powitanie-wiosny-2-1200x675.jpg 1200w, https:\/\/zsp14gliwice.pl\/pm40\/wp-content\/uploads\/2021\/04\/zsp14-gliwice-pm40-powitanie-wiosny-2.jpg 1600w\" sizes=\"(max-width: 1024px) 100vw, 1024px\" \/><\/figure>\n","protected":false},"excerpt":{"rendered":"<p>Przysz\u0142a do nas Wiosna \u2013 pi\u0119kna, radosna i d\u0142ugo wyczekiwana. Z tej okazji Panie przygotowa\u0142y wiosenny wyst\u0119p dla dzieci, a dodatkowo mieli\u015bmy uroczyste otwarcie naszej nowej sceny.\u00a0 Wyst\u0119p urozmaici\u0142y dziewczynki z grupy \u201eMyszki\u201d, kt\u00f3re wykona\u0142y wiosenny taniec motyli.<\/p>\n","protected":false},"author":1,"featured_media":848,"comment_status":"closed","ping_status":"open","sticky":false,"template":"","format":"standard","meta":{"footnotes":""},"categories":[7],"tags":[],"_links":{"self":[{"href":"https:\/\/zsp14gliwice.pl\/pm40\/wp-json\/wp\/v2\/posts\/847"}],"collection":[{"href":"https:\/\/zsp14gliwice.pl\/pm40\/wp-json\/wp\/v2\/posts"}],"about":[{"href":"https:\/\/zsp14gliwice.pl\/pm40\/wp-json\/wp\/v2\/types\/post"}],"author":[{"embeddable":true,"href":"https:\/\/zsp14gliwice.pl\/pm40\/wp-json\/wp\/v2\/users\/1"}],"replies":[{"embeddable":true,"href":"https:\/\/zsp14gliwice.pl\/pm40\/wp-json\/wp\/v2\/comments?post=847"}],"version-history":[{"count":1,"href":"https:\/\/zsp14gliwice.pl\/pm40\/wp-json\/wp\/v2\/posts\/847\/revisions"}],"predecessor-version":[{"id":850,"href":"https:\/\/zsp14gliwice.pl\/pm40\/wp-json\/wp\/v2\/posts\/847\/revisions\/850"}],"wp:featuredmedia":[{"embeddable":true,"href":"https:\/\/zsp14gliwice.pl\/pm40\/wp-json\/wp\/v2\/media\/848"}],"wp:attachment":[{"href":"https:\/\/zsp14gliwice.pl\/pm40\/wp-json\/wp\/v2\/media?parent=847"}],"wp:term":[{"taxonomy":"category","embeddable":true,"href":"https:\/\/zsp14gliwice.pl\/pm40\/wp-json\/wp\/v2\/categories?post=847"},{"taxonomy":"post_tag","embeddable":true,"href":"https:\/\/zsp14gliwice.pl\/pm40\/wp-json\/wp\/v2\/tags?post=847"}],"curies":[{"name":"wp","href":"https:\/\/api.w.org\/{rel}","templated":true}]}}