{"id":831,"date":"2021-04-14T23:04:04","date_gmt":"2021-04-14T21:04:04","guid":{"rendered":"http:\/\/zsp14gliwice.pl\/pm40\/?p=831"},"modified":"2021-04-14T23:04:05","modified_gmt":"2021-04-14T21:04:05","slug":"dogoterapia","status":"publish","type":"post","link":"https:\/\/zsp14gliwice.pl\/pm40\/2021\/04\/14\/dogoterapia\/","title":{"rendered":"Dogoterapia"},"content":{"rendered":"\n<p>Mieli\u015bmy super go\u015bcia w naszych przedszkolnych progach w ramach dogoterapii. Ka\u017cd\u0105 z grup integracyjnych, odwiedzi\u0142 Bordo &#8211; pies rasy Border Collie. Jego opiekunka wprowadzi\u0142a dzieci w tematyk\u0119 dogoterapii. W czasie spotkania dzieci mog\u0142y dowiedzie\u0107 si\u0119, jak nale\u017cy zachowa\u0107 si\u0119 wobec obcego psa oraz jakie zasady obowi\u0105zuj\u0105 w czasie spotkania z psem. Podczas zaj\u0119\u0107 przedszkolaki mog\u0142y osobi\u015bcie do\u015bwiadczy\u0107 \u0142agodno\u015bci psa, kt\u00f3ry cierpliwie wys\u0142uchiwa\u0142 wydawanych mu polece\u0144 i jad\u0142 dzieciom z r\u0119ki.<\/p>\n\n\n\n<figure class=\"wp-block-image size-large is-style-default\"><img loading=\"lazy\" decoding=\"async\" width=\"1024\" height=\"598\" src=\"http:\/\/zsp14gliwice.pl\/pm40\/wp-content\/uploads\/2021\/04\/zsp14-gliwice-dogoterapia-2-1024x598.jpg\" alt=\"\" class=\"wp-image-833\" srcset=\"https:\/\/zsp14gliwice.pl\/pm40\/wp-content\/uploads\/2021\/04\/zsp14-gliwice-dogoterapia-2-1024x598.jpg 1024w, https:\/\/zsp14gliwice.pl\/pm40\/wp-content\/uploads\/2021\/04\/zsp14-gliwice-dogoterapia-2-300x175.jpg 300w, https:\/\/zsp14gliwice.pl\/pm40\/wp-content\/uploads\/2021\/04\/zsp14-gliwice-dogoterapia-2-768x449.jpg 768w, https:\/\/zsp14gliwice.pl\/pm40\/wp-content\/uploads\/2021\/04\/zsp14-gliwice-dogoterapia-2-100x58.jpg 100w, https:\/\/zsp14gliwice.pl\/pm40\/wp-content\/uploads\/2021\/04\/zsp14-gliwice-dogoterapia-2-862x504.jpg 862w, https:\/\/zsp14gliwice.pl\/pm40\/wp-content\/uploads\/2021\/04\/zsp14-gliwice-dogoterapia-2.jpg 1200w\" sizes=\"(max-width: 1024px) 100vw, 1024px\" \/><\/figure>\n","protected":false},"excerpt":{"rendered":"<p>Mieli\u015bmy super go\u015bcia w naszych przedszkolnych progach w ramach dogoterapii. Ka\u017cd\u0105 z grup integracyjnych, odwiedzi\u0142 Bordo &#8211; pies rasy Border Collie. Jego opiekunka wprowadzi\u0142a dzieci w tematyk\u0119 dogoterapii. W czasie spotkania dzieci mog\u0142y dowiedzie\u0107 si\u0119, jak nale\u017cy zachowa\u0107 si\u0119 wobec obcego psa oraz jakie zasady obowi\u0105zuj\u0105 w czasie spotkania z psem. Podczas zaj\u0119\u0107 przedszkolaki mog\u0142y osobi\u015bcie do\u015bwiadczy\u0107 \u0142agodno\u015bci psa, kt\u00f3ry &#8230; <\/p>\n<div><a href=\"https:\/\/zsp14gliwice.pl\/pm40\/2021\/04\/14\/dogoterapia\/\" class=\"more-link\">Read More<\/a><\/div>\n","protected":false},"author":1,"featured_media":832,"comment_status":"closed","ping_status":"open","sticky":false,"template":"","format":"standard","meta":{"footnotes":""},"categories":[7],"tags":[],"_links":{"self":[{"href":"https:\/\/zsp14gliwice.pl\/pm40\/wp-json\/wp\/v2\/posts\/831"}],"collection":[{"href":"https:\/\/zsp14gliwice.pl\/pm40\/wp-json\/wp\/v2\/posts"}],"about":[{"href":"https:\/\/zsp14gliwice.pl\/pm40\/wp-json\/wp\/v2\/types\/post"}],"author":[{"embeddable":true,"href":"https:\/\/zsp14gliwice.pl\/pm40\/wp-json\/wp\/v2\/users\/1"}],"replies":[{"embeddable":true,"href":"https:\/\/zsp14gliwice.pl\/pm40\/wp-json\/wp\/v2\/comments?post=831"}],"version-history":[{"count":1,"href":"https:\/\/zsp14gliwice.pl\/pm40\/wp-json\/wp\/v2\/posts\/831\/revisions"}],"predecessor-version":[{"id":834,"href":"https:\/\/zsp14gliwice.pl\/pm40\/wp-json\/wp\/v2\/posts\/831\/revisions\/834"}],"wp:featuredmedia":[{"embeddable":true,"href":"https:\/\/zsp14gliwice.pl\/pm40\/wp-json\/wp\/v2\/media\/832"}],"wp:attachment":[{"href":"https:\/\/zsp14gliwice.pl\/pm40\/wp-json\/wp\/v2\/media?parent=831"}],"wp:term":[{"taxonomy":"category","embeddable":true,"href":"https:\/\/zsp14gliwice.pl\/pm40\/wp-json\/wp\/v2\/categories?post=831"},{"taxonomy":"post_tag","embeddable":true,"href":"https:\/\/zsp14gliwice.pl\/pm40\/wp-json\/wp\/v2\/tags?post=831"}],"curies":[{"name":"wp","href":"https:\/\/api.w.org\/{rel}","templated":true}]}}