{"id":710,"date":"2021-02-27T08:30:20","date_gmt":"2021-02-27T07:30:20","guid":{"rendered":"http:\/\/zsp14gliwice.pl\/pm40\/?p=710"},"modified":"2021-03-03T21:59:22","modified_gmt":"2021-03-03T20:59:22","slug":"bal-karnawalowy","status":"publish","type":"post","link":"https:\/\/zsp14gliwice.pl\/pm40\/2021\/02\/27\/bal-karnawalowy\/","title":{"rendered":"Bal karnawa\u0142owy"},"content":{"rendered":"\n<p>9 lutego odby\u0142 si\u0119 w naszym przedszkolu Bal Karnawa\u0142owy. Dzieci poszczeg\u00f3lnych grup wcieli\u0142y si\u0119 w przer\u00f3\u017cne postacie. Tego dnia w naszym przedszkolu gra\u0142a g\u0142o\u015bno muzyka, by\u0142o bardzo kolorowo, a ta\u0144ce od rana a\u017c do p\u00f3\u017anego popo\u0142udnia sprawi\u0142y, \u017ce tego dnia w przedszkolu by\u0142o wiele \u015bmiechu i rado\u015bci!<\/p>\n\n\n\n<div class=\"wp-block-image\"><figure class=\"aligncenter size-large\"><img loading=\"lazy\" decoding=\"async\" width=\"1024\" height=\"769\" src=\"http:\/\/zsp14gliwice.pl\/pm40\/wp-content\/uploads\/2021\/02\/zsp14gliwice-pm40-bal-karnawalowy-2-1024x769.jpg\" alt=\"\" class=\"wp-image-711\" srcset=\"https:\/\/zsp14gliwice.pl\/pm40\/wp-content\/uploads\/2021\/02\/zsp14gliwice-pm40-bal-karnawalowy-2-1024x769.jpg 1024w, https:\/\/zsp14gliwice.pl\/pm40\/wp-content\/uploads\/2021\/02\/zsp14gliwice-pm40-bal-karnawalowy-2-300x225.jpg 300w, https:\/\/zsp14gliwice.pl\/pm40\/wp-content\/uploads\/2021\/02\/zsp14gliwice-pm40-bal-karnawalowy-2-768x577.jpg 768w, https:\/\/zsp14gliwice.pl\/pm40\/wp-content\/uploads\/2021\/02\/zsp14gliwice-pm40-bal-karnawalowy-2-100x75.jpg 100w, https:\/\/zsp14gliwice.pl\/pm40\/wp-content\/uploads\/2021\/02\/zsp14gliwice-pm40-bal-karnawalowy-2-862x647.jpg 862w, https:\/\/zsp14gliwice.pl\/pm40\/wp-content\/uploads\/2021\/02\/zsp14gliwice-pm40-bal-karnawalowy-2-1200x901.jpg 1200w, https:\/\/zsp14gliwice.pl\/pm40\/wp-content\/uploads\/2021\/02\/zsp14gliwice-pm40-bal-karnawalowy-2.jpg 1300w\" sizes=\"(max-width: 1024px) 100vw, 1024px\" \/><\/figure><\/div>\n","protected":false},"excerpt":{"rendered":"<p>9 lutego odby\u0142 si\u0119 w naszym przedszkolu Bal Karnawa\u0142owy. Dzieci poszczeg\u00f3lnych grup wcieli\u0142y si\u0119 w przer\u00f3\u017cne postacie. Tego dnia w naszym przedszkolu gra\u0142a g\u0142o\u015bno muzyka, by\u0142o bardzo kolorowo, a ta\u0144ce od rana a\u017c do p\u00f3\u017anego popo\u0142udnia sprawi\u0142y, \u017ce tego dnia w przedszkolu by\u0142o wiele \u015bmiechu i rado\u015bci!<\/p>\n","protected":false},"author":1,"featured_media":712,"comment_status":"closed","ping_status":"open","sticky":false,"template":"","format":"standard","meta":{"footnotes":""},"categories":[7],"tags":[],"_links":{"self":[{"href":"https:\/\/zsp14gliwice.pl\/pm40\/wp-json\/wp\/v2\/posts\/710"}],"collection":[{"href":"https:\/\/zsp14gliwice.pl\/pm40\/wp-json\/wp\/v2\/posts"}],"about":[{"href":"https:\/\/zsp14gliwice.pl\/pm40\/wp-json\/wp\/v2\/types\/post"}],"author":[{"embeddable":true,"href":"https:\/\/zsp14gliwice.pl\/pm40\/wp-json\/wp\/v2\/users\/1"}],"replies":[{"embeddable":true,"href":"https:\/\/zsp14gliwice.pl\/pm40\/wp-json\/wp\/v2\/comments?post=710"}],"version-history":[{"count":1,"href":"https:\/\/zsp14gliwice.pl\/pm40\/wp-json\/wp\/v2\/posts\/710\/revisions"}],"predecessor-version":[{"id":713,"href":"https:\/\/zsp14gliwice.pl\/pm40\/wp-json\/wp\/v2\/posts\/710\/revisions\/713"}],"wp:featuredmedia":[{"embeddable":true,"href":"https:\/\/zsp14gliwice.pl\/pm40\/wp-json\/wp\/v2\/media\/712"}],"wp:attachment":[{"href":"https:\/\/zsp14gliwice.pl\/pm40\/wp-json\/wp\/v2\/media?parent=710"}],"wp:term":[{"taxonomy":"category","embeddable":true,"href":"https:\/\/zsp14gliwice.pl\/pm40\/wp-json\/wp\/v2\/categories?post=710"},{"taxonomy":"post_tag","embeddable":true,"href":"https:\/\/zsp14gliwice.pl\/pm40\/wp-json\/wp\/v2\/tags?post=710"}],"curies":[{"name":"wp","href":"https:\/\/api.w.org\/{rel}","templated":true}]}}