{"id":705,"date":"2021-02-27T08:26:50","date_gmt":"2021-02-27T07:26:50","guid":{"rendered":"http:\/\/zsp14gliwice.pl\/pm40\/?p=705"},"modified":"2021-03-03T21:59:17","modified_gmt":"2021-03-03T20:59:17","slug":"dzien-babci-i-dziadka","status":"publish","type":"post","link":"https:\/\/zsp14gliwice.pl\/pm40\/2021\/02\/27\/dzien-babci-i-dziadka\/","title":{"rendered":"Dzie\u0144 Babci i Dziadka"},"content":{"rendered":"\n<p>W lutym obchodzili\u015bmy w naszym przedszkolu Dzie\u0144 Babci i Dziadka. Dzieci poszczeg\u00f3lnych grup przygotowa\u0142y pi\u0119kne piosenki, wierszyki i ta\u0144ce z okazji tego \u015bwi\u0119ta.<\/p>\n\n\n\n<p>W tym roku Dzie\u0144 Babci i Dziadka odby\u0142 si\u0119 niestety bez obecno\u015bci naszych szczeg\u00f3lnych go\u015bci, ale dzieci z rado\u015bci\u0105 pokazywa\u0142y w domu nagrania z wyst\u0119p\u00f3w prezentowanych w przedszkolu.<\/p>\n\n\n\n<p><a href=\"https:\/\/drive.google.com\/file\/d\/1n1xRABjZTW-tOE_u0FNFKBWNde2bnqQ3\/view?usp=sharing\">https:\/\/drive.google.com\/file\/d\/1n1xRABjZTW-tOE_u0FNFKBWNde2bnqQ3\/view?usp=sharing<\/a><\/p>\n","protected":false},"excerpt":{"rendered":"<p>W lutym obchodzili\u015bmy w naszym przedszkolu Dzie\u0144 Babci i Dziadka. Dzieci poszczeg\u00f3lnych grup przygotowa\u0142y pi\u0119kne piosenki, wierszyki i ta\u0144ce z okazji tego \u015bwi\u0119ta. W tym roku Dzie\u0144 Babci i Dziadka odby\u0142 si\u0119 niestety bez obecno\u015bci naszych szczeg\u00f3lnych go\u015bci, ale dzieci z rado\u015bci\u0105 pokazywa\u0142y w domu nagrania z wyst\u0119p\u00f3w prezentowanych w przedszkolu. https:\/\/drive.google.com\/file\/d\/1n1xRABjZTW-tOE_u0FNFKBWNde2bnqQ3\/view?usp=sharing<\/p>\n","protected":false},"author":1,"featured_media":706,"comment_status":"closed","ping_status":"open","sticky":false,"template":"","format":"standard","meta":{"footnotes":""},"categories":[7],"tags":[],"_links":{"self":[{"href":"https:\/\/zsp14gliwice.pl\/pm40\/wp-json\/wp\/v2\/posts\/705"}],"collection":[{"href":"https:\/\/zsp14gliwice.pl\/pm40\/wp-json\/wp\/v2\/posts"}],"about":[{"href":"https:\/\/zsp14gliwice.pl\/pm40\/wp-json\/wp\/v2\/types\/post"}],"author":[{"embeddable":true,"href":"https:\/\/zsp14gliwice.pl\/pm40\/wp-json\/wp\/v2\/users\/1"}],"replies":[{"embeddable":true,"href":"https:\/\/zsp14gliwice.pl\/pm40\/wp-json\/wp\/v2\/comments?post=705"}],"version-history":[{"count":2,"href":"https:\/\/zsp14gliwice.pl\/pm40\/wp-json\/wp\/v2\/posts\/705\/revisions"}],"predecessor-version":[{"id":708,"href":"https:\/\/zsp14gliwice.pl\/pm40\/wp-json\/wp\/v2\/posts\/705\/revisions\/708"}],"wp:featuredmedia":[{"embeddable":true,"href":"https:\/\/zsp14gliwice.pl\/pm40\/wp-json\/wp\/v2\/media\/706"}],"wp:attachment":[{"href":"https:\/\/zsp14gliwice.pl\/pm40\/wp-json\/wp\/v2\/media?parent=705"}],"wp:term":[{"taxonomy":"category","embeddable":true,"href":"https:\/\/zsp14gliwice.pl\/pm40\/wp-json\/wp\/v2\/categories?post=705"},{"taxonomy":"post_tag","embeddable":true,"href":"https:\/\/zsp14gliwice.pl\/pm40\/wp-json\/wp\/v2\/tags?post=705"}],"curies":[{"name":"wp","href":"https:\/\/api.w.org\/{rel}","templated":true}]}}