{"id":701,"date":"2021-02-27T08:24:43","date_gmt":"2021-02-27T07:24:43","guid":{"rendered":"http:\/\/zsp14gliwice.pl\/pm40\/?p=701"},"modified":"2021-03-03T21:59:11","modified_gmt":"2021-03-03T20:59:11","slug":"przedszkolaki-z-pasja","status":"publish","type":"post","link":"https:\/\/zsp14gliwice.pl\/pm40\/2021\/02\/27\/przedszkolaki-z-pasja\/","title":{"rendered":"Przedszkolaki z Pasj\u0105"},"content":{"rendered":"\n<p>Dzieci w naszym przedszkolu bior\u0105 udzia\u0142 w projekcie &#8222;Przedszkolaki z Pasj\u0105&#8221;. Projekt ten polega na szukaniu oraz wzmacnianiu pasji i zainteresowa\u0144 naszych podopiecznych.<\/p>\n\n\n\n<p>W tym miesi\u0105cu projekt up\u0142yn\u0105\u0142 pod has\u0142em pasji j\u0119zykowych. Pani Agnieszka opowiada\u0142a dzieciom o j\u0119zykach \u015bwiata i pokazywa\u0142a wiele ciekawych przedmiot\u00f3w, jak na przyk\u0142ad ksi\u0105\u017ceczki z bajkami dla dzieci w r\u00f3\u017cnych j\u0119zykach. Wiele emocji wzbudzi\u0142a pr\u00f3ba pisania po chi\u0144sku. Mamy ogromn\u0105 nadziej\u0119, \u017ce pasje odnalezione w przedszkolu i ciekawo\u015b\u0107 \u015bwiata b\u0119d\u0105 przewodniczy\u0107 naszym wychowankom przez ca\u0142e \u017cycie.<\/p>\n\n\n\n<div class=\"wp-block-image\"><figure class=\"aligncenter size-large\"><img loading=\"lazy\" decoding=\"async\" width=\"1024\" height=\"769\" src=\"http:\/\/zsp14gliwice.pl\/pm40\/wp-content\/uploads\/2021\/02\/zsp14gliwice-pm40-przedszkolaki-z-pasja-2-1024x769.jpg\" alt=\"\" class=\"wp-image-703\" srcset=\"https:\/\/zsp14gliwice.pl\/pm40\/wp-content\/uploads\/2021\/02\/zsp14gliwice-pm40-przedszkolaki-z-pasja-2-1024x769.jpg 1024w, https:\/\/zsp14gliwice.pl\/pm40\/wp-content\/uploads\/2021\/02\/zsp14gliwice-pm40-przedszkolaki-z-pasja-2-300x225.jpg 300w, https:\/\/zsp14gliwice.pl\/pm40\/wp-content\/uploads\/2021\/02\/zsp14gliwice-pm40-przedszkolaki-z-pasja-2-768x577.jpg 768w, https:\/\/zsp14gliwice.pl\/pm40\/wp-content\/uploads\/2021\/02\/zsp14gliwice-pm40-przedszkolaki-z-pasja-2-100x75.jpg 100w, https:\/\/zsp14gliwice.pl\/pm40\/wp-content\/uploads\/2021\/02\/zsp14gliwice-pm40-przedszkolaki-z-pasja-2-862x647.jpg 862w, https:\/\/zsp14gliwice.pl\/pm40\/wp-content\/uploads\/2021\/02\/zsp14gliwice-pm40-przedszkolaki-z-pasja-2-1200x901.jpg 1200w, https:\/\/zsp14gliwice.pl\/pm40\/wp-content\/uploads\/2021\/02\/zsp14gliwice-pm40-przedszkolaki-z-pasja-2.jpg 1300w\" sizes=\"(max-width: 1024px) 100vw, 1024px\" \/><\/figure><\/div>\n","protected":false},"excerpt":{"rendered":"<p>Dzieci w naszym przedszkolu bior\u0105 udzia\u0142 w projekcie &#8222;Przedszkolaki z Pasj\u0105&#8221;. Projekt ten polega na szukaniu oraz wzmacnianiu pasji i zainteresowa\u0144 naszych podopiecznych. W tym miesi\u0105cu projekt up\u0142yn\u0105\u0142 pod has\u0142em pasji j\u0119zykowych. Pani Agnieszka opowiada\u0142a dzieciom o j\u0119zykach \u015bwiata i pokazywa\u0142a wiele ciekawych przedmiot\u00f3w, jak na przyk\u0142ad ksi\u0105\u017ceczki z bajkami dla dzieci w r\u00f3\u017cnych j\u0119zykach. Wiele emocji wzbudzi\u0142a pr\u00f3ba pisania &#8230; <\/p>\n<div><a href=\"https:\/\/zsp14gliwice.pl\/pm40\/2021\/02\/27\/przedszkolaki-z-pasja\/\" class=\"more-link\">Read More<\/a><\/div>\n","protected":false},"author":1,"featured_media":702,"comment_status":"closed","ping_status":"open","sticky":false,"template":"","format":"standard","meta":{"footnotes":""},"categories":[7],"tags":[],"_links":{"self":[{"href":"https:\/\/zsp14gliwice.pl\/pm40\/wp-json\/wp\/v2\/posts\/701"}],"collection":[{"href":"https:\/\/zsp14gliwice.pl\/pm40\/wp-json\/wp\/v2\/posts"}],"about":[{"href":"https:\/\/zsp14gliwice.pl\/pm40\/wp-json\/wp\/v2\/types\/post"}],"author":[{"embeddable":true,"href":"https:\/\/zsp14gliwice.pl\/pm40\/wp-json\/wp\/v2\/users\/1"}],"replies":[{"embeddable":true,"href":"https:\/\/zsp14gliwice.pl\/pm40\/wp-json\/wp\/v2\/comments?post=701"}],"version-history":[{"count":1,"href":"https:\/\/zsp14gliwice.pl\/pm40\/wp-json\/wp\/v2\/posts\/701\/revisions"}],"predecessor-version":[{"id":704,"href":"https:\/\/zsp14gliwice.pl\/pm40\/wp-json\/wp\/v2\/posts\/701\/revisions\/704"}],"wp:featuredmedia":[{"embeddable":true,"href":"https:\/\/zsp14gliwice.pl\/pm40\/wp-json\/wp\/v2\/media\/702"}],"wp:attachment":[{"href":"https:\/\/zsp14gliwice.pl\/pm40\/wp-json\/wp\/v2\/media?parent=701"}],"wp:term":[{"taxonomy":"category","embeddable":true,"href":"https:\/\/zsp14gliwice.pl\/pm40\/wp-json\/wp\/v2\/categories?post=701"},{"taxonomy":"post_tag","embeddable":true,"href":"https:\/\/zsp14gliwice.pl\/pm40\/wp-json\/wp\/v2\/tags?post=701"}],"curies":[{"name":"wp","href":"https:\/\/api.w.org\/{rel}","templated":true}]}}