{"id":674,"date":"2021-01-12T18:20:00","date_gmt":"2021-01-12T17:20:00","guid":{"rendered":"http:\/\/zsp14gliwice.pl\/pm40\/?p=674"},"modified":"2021-02-10T23:26:00","modified_gmt":"2021-02-10T22:26:00","slug":"powitanie-pani-zimy","status":"publish","type":"post","link":"https:\/\/zsp14gliwice.pl\/pm40\/2021\/01\/12\/powitanie-pani-zimy\/","title":{"rendered":"Powitanie Pani Zimy"},"content":{"rendered":"\n<p>Za oknami zimy wprawdzie&nbsp; nie wida\u0107, ale nas w przedszkolu ju\u017c odwiedzi\u0142a. W posta\u0107 Pani Zimy wcieli\u0142a si\u0119 p. Alicja, kt\u00f3ra od samego rana odwiedza\u0142a wszystkie grupy z zimowymi zagadkami i zabawami.<\/p>\n\n\n\n<p>&nbsp;\u201eMy si\u0119 zimy nie boimy i te\u017c na ni\u0105 si\u0119 cieszymy i czekamy na \u015bnieg<\/p>\n\n\n\n<div class=\"wp-block-image\"><figure class=\"aligncenter size-large\"><img loading=\"lazy\" decoding=\"async\" width=\"1024\" height=\"768\" src=\"http:\/\/zsp14gliwice.pl\/pm40\/wp-content\/uploads\/2021\/02\/zsp14-pm40-powitanie-pani-zimy-1-1024x768.jpg\" alt=\"\" class=\"wp-image-675\" srcset=\"https:\/\/zsp14gliwice.pl\/pm40\/wp-content\/uploads\/2021\/02\/zsp14-pm40-powitanie-pani-zimy-1-1024x768.jpg 1024w, https:\/\/zsp14gliwice.pl\/pm40\/wp-content\/uploads\/2021\/02\/zsp14-pm40-powitanie-pani-zimy-1-300x225.jpg 300w, https:\/\/zsp14gliwice.pl\/pm40\/wp-content\/uploads\/2021\/02\/zsp14-pm40-powitanie-pani-zimy-1-768x576.jpg 768w, https:\/\/zsp14gliwice.pl\/pm40\/wp-content\/uploads\/2021\/02\/zsp14-pm40-powitanie-pani-zimy-1-1536x1152.jpg 1536w, https:\/\/zsp14gliwice.pl\/pm40\/wp-content\/uploads\/2021\/02\/zsp14-pm40-powitanie-pani-zimy-1-100x75.jpg 100w, https:\/\/zsp14gliwice.pl\/pm40\/wp-content\/uploads\/2021\/02\/zsp14-pm40-powitanie-pani-zimy-1-862x647.jpg 862w, https:\/\/zsp14gliwice.pl\/pm40\/wp-content\/uploads\/2021\/02\/zsp14-pm40-powitanie-pani-zimy-1-1200x900.jpg 1200w, https:\/\/zsp14gliwice.pl\/pm40\/wp-content\/uploads\/2021\/02\/zsp14-pm40-powitanie-pani-zimy-1.jpg 1600w\" sizes=\"(max-width: 1024px) 100vw, 1024px\" \/><\/figure><\/div>\n","protected":false},"excerpt":{"rendered":"<p>Za oknami zimy wprawdzie&nbsp; nie wida\u0107, ale nas w przedszkolu ju\u017c odwiedzi\u0142a. W posta\u0107 Pani Zimy wcieli\u0142a si\u0119 p. Alicja, kt\u00f3ra od samego rana odwiedza\u0142a wszystkie grupy z zimowymi zagadkami i zabawami. &nbsp;\u201eMy si\u0119 zimy nie boimy i te\u017c na ni\u0105 si\u0119 cieszymy i czekamy na \u015bnieg<\/p>\n","protected":false},"author":1,"featured_media":676,"comment_status":"closed","ping_status":"open","sticky":false,"template":"","format":"standard","meta":{"footnotes":""},"categories":[7],"tags":[],"_links":{"self":[{"href":"https:\/\/zsp14gliwice.pl\/pm40\/wp-json\/wp\/v2\/posts\/674"}],"collection":[{"href":"https:\/\/zsp14gliwice.pl\/pm40\/wp-json\/wp\/v2\/posts"}],"about":[{"href":"https:\/\/zsp14gliwice.pl\/pm40\/wp-json\/wp\/v2\/types\/post"}],"author":[{"embeddable":true,"href":"https:\/\/zsp14gliwice.pl\/pm40\/wp-json\/wp\/v2\/users\/1"}],"replies":[{"embeddable":true,"href":"https:\/\/zsp14gliwice.pl\/pm40\/wp-json\/wp\/v2\/comments?post=674"}],"version-history":[{"count":1,"href":"https:\/\/zsp14gliwice.pl\/pm40\/wp-json\/wp\/v2\/posts\/674\/revisions"}],"predecessor-version":[{"id":677,"href":"https:\/\/zsp14gliwice.pl\/pm40\/wp-json\/wp\/v2\/posts\/674\/revisions\/677"}],"wp:featuredmedia":[{"embeddable":true,"href":"https:\/\/zsp14gliwice.pl\/pm40\/wp-json\/wp\/v2\/media\/676"}],"wp:attachment":[{"href":"https:\/\/zsp14gliwice.pl\/pm40\/wp-json\/wp\/v2\/media?parent=674"}],"wp:term":[{"taxonomy":"category","embeddable":true,"href":"https:\/\/zsp14gliwice.pl\/pm40\/wp-json\/wp\/v2\/categories?post=674"},{"taxonomy":"post_tag","embeddable":true,"href":"https:\/\/zsp14gliwice.pl\/pm40\/wp-json\/wp\/v2\/tags?post=674"}],"curies":[{"name":"wp","href":"https:\/\/api.w.org\/{rel}","templated":true}]}}