{"id":611,"date":"2021-01-11T15:01:00","date_gmt":"2021-01-11T14:01:00","guid":{"rendered":"http:\/\/zsp14gliwice.pl\/pm40\/?p=611"},"modified":"2021-02-10T23:06:47","modified_gmt":"2021-02-10T22:06:47","slug":"swieteczne-wyscigi-rzedow-przedszkolakow-z-grupy-plomyczki","status":"publish","type":"post","link":"https:\/\/zsp14gliwice.pl\/pm40\/2021\/01\/11\/swieteczne-wyscigi-rzedow-przedszkolakow-z-grupy-plomyczki\/","title":{"rendered":"\u015awi\u0105teczne wy\u015bcigi rz\u0119d\u00f3w przedszkolak\u00f3w z grupy p\u0142omyczki"},"content":{"rendered":"\n<p>Na sali gimnastycznej w ZSP 14 &#8211; SP 28 dzi\u0119ki naszym przedszkolakom, zn\u00f3w zrobi\u0142o si\u0119 \u017cywio\u0142owo. Szkolna Komisja Sportowa przygotowa\u0142a dla dzieci z PM 40 oraz PM 4 sportowe konkurencje \u015bwi\u0105teczne. By\u0142y miedzy innymi wy\u015bcigi renifer\u00f3w, jazda na saneczkach, toczenie kuli \u015bnie\u017cnej oraz lepienie ba\u0142wana. Rado\u015b\u0107, \u015bmiech oraz sportowa zabawa by\u0142a gwarantowana! Poza konkurencjami sportowymi, uczniowie z klasy 5s przygotowali dla naszych przedszkolak\u00f3w artystyczn\u0105 niespodziank\u0119.<br><\/p>\n\n\n\n<p>Serdecznie dzi\u0119kujemy za ZAPROSZENIE!<br>Zapraszamy do fotorelacji.<br><a href=\"https:\/\/www.facebook.com\/ZSP14sp28gliwice\/videos\/135227971548942\" target=\"_blank\" rel=\"noreferrer noopener\">https:\/\/www.facebook.com\/ZSP14sp28gliwice\/videos\/135227971548942<\/a><\/p>\n","protected":false},"excerpt":{"rendered":"<p>Na sali gimnastycznej w ZSP 14 &#8211; SP 28 dzi\u0119ki naszym przedszkolakom, zn\u00f3w zrobi\u0142o si\u0119 \u017cywio\u0142owo. Szkolna Komisja Sportowa przygotowa\u0142a dla dzieci z PM 40 oraz PM 4 sportowe konkurencje \u015bwi\u0105teczne. By\u0142y miedzy innymi wy\u015bcigi renifer\u00f3w, jazda na saneczkach, toczenie kuli \u015bnie\u017cnej oraz lepienie ba\u0142wana. Rado\u015b\u0107, \u015bmiech oraz sportowa zabawa by\u0142a gwarantowana! Poza konkurencjami sportowymi, uczniowie z klasy 5s przygotowali &#8230; <\/p>\n<div><a href=\"https:\/\/zsp14gliwice.pl\/pm40\/2021\/01\/11\/swieteczne-wyscigi-rzedow-przedszkolakow-z-grupy-plomyczki\/\" class=\"more-link\">Read More<\/a><\/div>\n","protected":false},"author":1,"featured_media":612,"comment_status":"closed","ping_status":"open","sticky":false,"template":"","format":"standard","meta":{"footnotes":""},"categories":[7],"tags":[],"_links":{"self":[{"href":"https:\/\/zsp14gliwice.pl\/pm40\/wp-json\/wp\/v2\/posts\/611"}],"collection":[{"href":"https:\/\/zsp14gliwice.pl\/pm40\/wp-json\/wp\/v2\/posts"}],"about":[{"href":"https:\/\/zsp14gliwice.pl\/pm40\/wp-json\/wp\/v2\/types\/post"}],"author":[{"embeddable":true,"href":"https:\/\/zsp14gliwice.pl\/pm40\/wp-json\/wp\/v2\/users\/1"}],"replies":[{"embeddable":true,"href":"https:\/\/zsp14gliwice.pl\/pm40\/wp-json\/wp\/v2\/comments?post=611"}],"version-history":[{"count":3,"href":"https:\/\/zsp14gliwice.pl\/pm40\/wp-json\/wp\/v2\/posts\/611\/revisions"}],"predecessor-version":[{"id":667,"href":"https:\/\/zsp14gliwice.pl\/pm40\/wp-json\/wp\/v2\/posts\/611\/revisions\/667"}],"wp:featuredmedia":[{"embeddable":true,"href":"https:\/\/zsp14gliwice.pl\/pm40\/wp-json\/wp\/v2\/media\/612"}],"wp:attachment":[{"href":"https:\/\/zsp14gliwice.pl\/pm40\/wp-json\/wp\/v2\/media?parent=611"}],"wp:term":[{"taxonomy":"category","embeddable":true,"href":"https:\/\/zsp14gliwice.pl\/pm40\/wp-json\/wp\/v2\/categories?post=611"},{"taxonomy":"post_tag","embeddable":true,"href":"https:\/\/zsp14gliwice.pl\/pm40\/wp-json\/wp\/v2\/tags?post=611"}],"curies":[{"name":"wp","href":"https:\/\/api.w.org\/{rel}","templated":true}]}}