{"id":471,"date":"2020-12-02T22:06:00","date_gmt":"2020-12-02T21:06:00","guid":{"rendered":"http:\/\/zsp14gliwice.pl\/pm40\/?p=471"},"modified":"2021-02-10T23:07:22","modified_gmt":"2021-02-10T22:07:22","slug":"dzien-gornika","status":"publish","type":"post","link":"https:\/\/zsp14gliwice.pl\/pm40\/2020\/12\/02\/dzien-gornika\/","title":{"rendered":"Dzie\u0144 g\u00f3rnika"},"content":{"rendered":"\n<p>Dzi\u015b obchodzili\u015bmy Dzie\u0144 G\u00f3rnika. Dzieci z grupy Lisk\u00f3w przygotowa\u0142y pi\u0119kny wyst\u0119p z piosenkami i wierszykami, by pami\u0119ta\u0107 jak ci\u0119\u017ck\u0105 prac\u0119 maj\u0105 g\u00f3rnicy i jak wa\u017cna jest dla naszego regionu.<br>Mogli\u015bmy te\u017c zobaczy\u0107 i pos\u0142ucha\u0107 p. Mariana na tablicy multimedialnej. Dzi\u0119kujemy za prezentacje i pozdrawiamy.<\/p>\n","protected":false},"excerpt":{"rendered":"<p>Dzi\u015b obchodzili\u015bmy Dzie\u0144 G\u00f3rnika. Dzieci z grupy Lisk\u00f3w przygotowa\u0142y pi\u0119kny wyst\u0119p z piosenkami i wierszykami, by pami\u0119ta\u0107 jak ci\u0119\u017ck\u0105 prac\u0119 maj\u0105 g\u00f3rnicy i jak wa\u017cna jest dla naszego regionu.Mogli\u015bmy te\u017c zobaczy\u0107 i pos\u0142ucha\u0107 p. Mariana na tablicy multimedialnej. Dzi\u0119kujemy za prezentacje i pozdrawiamy.<\/p>\n","protected":false},"author":1,"featured_media":472,"comment_status":"closed","ping_status":"open","sticky":false,"template":"","format":"standard","meta":{"footnotes":""},"categories":[7],"tags":[],"_links":{"self":[{"href":"https:\/\/zsp14gliwice.pl\/pm40\/wp-json\/wp\/v2\/posts\/471"}],"collection":[{"href":"https:\/\/zsp14gliwice.pl\/pm40\/wp-json\/wp\/v2\/posts"}],"about":[{"href":"https:\/\/zsp14gliwice.pl\/pm40\/wp-json\/wp\/v2\/types\/post"}],"author":[{"embeddable":true,"href":"https:\/\/zsp14gliwice.pl\/pm40\/wp-json\/wp\/v2\/users\/1"}],"replies":[{"embeddable":true,"href":"https:\/\/zsp14gliwice.pl\/pm40\/wp-json\/wp\/v2\/comments?post=471"}],"version-history":[{"count":3,"href":"https:\/\/zsp14gliwice.pl\/pm40\/wp-json\/wp\/v2\/posts\/471\/revisions"}],"predecessor-version":[{"id":670,"href":"https:\/\/zsp14gliwice.pl\/pm40\/wp-json\/wp\/v2\/posts\/471\/revisions\/670"}],"wp:featuredmedia":[{"embeddable":true,"href":"https:\/\/zsp14gliwice.pl\/pm40\/wp-json\/wp\/v2\/media\/472"}],"wp:attachment":[{"href":"https:\/\/zsp14gliwice.pl\/pm40\/wp-json\/wp\/v2\/media?parent=471"}],"wp:term":[{"taxonomy":"category","embeddable":true,"href":"https:\/\/zsp14gliwice.pl\/pm40\/wp-json\/wp\/v2\/categories?post=471"},{"taxonomy":"post_tag","embeddable":true,"href":"https:\/\/zsp14gliwice.pl\/pm40\/wp-json\/wp\/v2\/tags?post=471"}],"curies":[{"name":"wp","href":"https:\/\/api.w.org\/{rel}","templated":true}]}}