{"id":465,"date":"2020-12-04T21:54:00","date_gmt":"2020-12-04T20:54:00","guid":{"rendered":"http:\/\/zsp14gliwice.pl\/pm40\/?p=465"},"modified":"2021-02-10T23:07:11","modified_gmt":"2021-02-10T22:07:11","slug":"wizyta-sw-mikolaja-i-renifera","status":"publish","type":"post","link":"https:\/\/zsp14gliwice.pl\/pm40\/2020\/12\/04\/wizyta-sw-mikolaja-i-renifera\/","title":{"rendered":"Wizyta \u015bw.Miko\u0142aja i renifera"},"content":{"rendered":"\n<p>Od samego rana w przedszkolu panowa\u0142a wielka rado\u015b\u0107 i poruszenie. Nastr\u00f3j miko\u0142ajkowy widoczny<br>by\u0142 ju\u017c po przekroczeniu progu przedszkola. Pi\u0119kny wystr\u00f3j przypomina\u0142, \u017ce jest to w\u0142a\u015bnie ten dzie\u0144,<br>w kt\u00f3rym Miko\u0142aj odwiedzi dzieci z naszego przedszkola. Przedszkolaki z wielk\u0105 niecierpliwo\u015bci\u0105<br>oczekiwa\u0142y niezwyk\u0142ego go\u015bcia. Aby podkre\u015bli\u0107 wyj\u0105tkowy charakter tego wydarzenia wszystkie dzieci<br>by\u0142y od\u015bwi\u0119tnie ubrane w dominuj\u0105cym czerwonym kolorze oraz w miko\u0142ajowe czapeczki, rogi<br>renifera. Tak d\u0142ugo oczekiwany go\u015b\u0107 przyby\u0142 do naszego przedszkola w towarzystwie weso\u0142ego<br>Renifera.<br>Serdecznie dzi\u0119kujemy niezwyk\u0142ym go\u015bciom za przybycie i zorganizowanie show miko\u0142ajkowego oraz<br>Radzie Rodzic\u00f3w za przygotowanie paczek.<\/p>\n\n\n\n<figure class=\"wp-block-image size-large\"><img loading=\"lazy\" decoding=\"async\" width=\"1024\" height=\"462\" src=\"http:\/\/zsp14gliwice.pl\/pm40\/wp-content\/uploads\/2020\/12\/wizyta-mikolaja-2-1024x462.jpg\" alt=\"\" class=\"wp-image-467\" srcset=\"https:\/\/zsp14gliwice.pl\/pm40\/wp-content\/uploads\/2020\/12\/wizyta-mikolaja-2-1024x462.jpg 1024w, https:\/\/zsp14gliwice.pl\/pm40\/wp-content\/uploads\/2020\/12\/wizyta-mikolaja-2-300x135.jpg 300w, https:\/\/zsp14gliwice.pl\/pm40\/wp-content\/uploads\/2020\/12\/wizyta-mikolaja-2-768x346.jpg 768w, https:\/\/zsp14gliwice.pl\/pm40\/wp-content\/uploads\/2020\/12\/wizyta-mikolaja-2-100x45.jpg 100w, https:\/\/zsp14gliwice.pl\/pm40\/wp-content\/uploads\/2020\/12\/wizyta-mikolaja-2-862x389.jpg 862w, https:\/\/zsp14gliwice.pl\/pm40\/wp-content\/uploads\/2020\/12\/wizyta-mikolaja-2-1200x541.jpg 1200w, https:\/\/zsp14gliwice.pl\/pm40\/wp-content\/uploads\/2020\/12\/wizyta-mikolaja-2.jpg 1300w\" sizes=\"(max-width: 1024px) 100vw, 1024px\" \/><\/figure>\n","protected":false},"excerpt":{"rendered":"<p>Od samego rana w przedszkolu panowa\u0142a wielka rado\u015b\u0107 i poruszenie. Nastr\u00f3j miko\u0142ajkowy widocznyby\u0142 ju\u017c po przekroczeniu progu przedszkola. Pi\u0119kny wystr\u00f3j przypomina\u0142, \u017ce jest to w\u0142a\u015bnie ten dzie\u0144,w kt\u00f3rym Miko\u0142aj odwiedzi dzieci z naszego przedszkola. Przedszkolaki z wielk\u0105 niecierpliwo\u015bci\u0105oczekiwa\u0142y niezwyk\u0142ego go\u015bcia. Aby podkre\u015bli\u0107 wyj\u0105tkowy charakter tego wydarzenia wszystkie dzieciby\u0142y od\u015bwi\u0119tnie ubrane w dominuj\u0105cym czerwonym kolorze oraz w miko\u0142ajowe czapeczki, rogirenifera. Tak &#8230; <\/p>\n<div><a href=\"https:\/\/zsp14gliwice.pl\/pm40\/2020\/12\/04\/wizyta-sw-mikolaja-i-renifera\/\" class=\"more-link\">Read More<\/a><\/div>\n","protected":false},"author":1,"featured_media":466,"comment_status":"closed","ping_status":"open","sticky":false,"template":"","format":"standard","meta":{"footnotes":""},"categories":[7],"tags":[],"_links":{"self":[{"href":"https:\/\/zsp14gliwice.pl\/pm40\/wp-json\/wp\/v2\/posts\/465"}],"collection":[{"href":"https:\/\/zsp14gliwice.pl\/pm40\/wp-json\/wp\/v2\/posts"}],"about":[{"href":"https:\/\/zsp14gliwice.pl\/pm40\/wp-json\/wp\/v2\/types\/post"}],"author":[{"embeddable":true,"href":"https:\/\/zsp14gliwice.pl\/pm40\/wp-json\/wp\/v2\/users\/1"}],"replies":[{"embeddable":true,"href":"https:\/\/zsp14gliwice.pl\/pm40\/wp-json\/wp\/v2\/comments?post=465"}],"version-history":[{"count":3,"href":"https:\/\/zsp14gliwice.pl\/pm40\/wp-json\/wp\/v2\/posts\/465\/revisions"}],"predecessor-version":[{"id":668,"href":"https:\/\/zsp14gliwice.pl\/pm40\/wp-json\/wp\/v2\/posts\/465\/revisions\/668"}],"wp:featuredmedia":[{"embeddable":true,"href":"https:\/\/zsp14gliwice.pl\/pm40\/wp-json\/wp\/v2\/media\/466"}],"wp:attachment":[{"href":"https:\/\/zsp14gliwice.pl\/pm40\/wp-json\/wp\/v2\/media?parent=465"}],"wp:term":[{"taxonomy":"category","embeddable":true,"href":"https:\/\/zsp14gliwice.pl\/pm40\/wp-json\/wp\/v2\/categories?post=465"},{"taxonomy":"post_tag","embeddable":true,"href":"https:\/\/zsp14gliwice.pl\/pm40\/wp-json\/wp\/v2\/tags?post=465"}],"curies":[{"name":"wp","href":"https:\/\/api.w.org\/{rel}","templated":true}]}}