{"id":2235,"date":"2023-06-20T15:02:00","date_gmt":"2023-06-20T13:02:00","guid":{"rendered":"https:\/\/zsp14gliwice.pl\/pm40\/?p=2235"},"modified":"2023-10-24T15:06:54","modified_gmt":"2023-10-24T13:06:54","slug":"vii-gliwickie-swieto-rodziny","status":"publish","type":"post","link":"https:\/\/zsp14gliwice.pl\/pm40\/2023\/06\/20\/vii-gliwickie-swieto-rodziny\/","title":{"rendered":"VII Gliwickie \u015awi\u0119to Rodziny"},"content":{"rendered":"\n<p>17.06.2023 zesp\u00f3\u0142 ,, Promyczek &#8221;&nbsp;<img decoding=\"async\" alt=\"\ud83d\udc83\" src=\"https:\/\/fonts.gstatic.com\/s\/e\/notoemoji\/15.0\/1f483\/32.png\"><img decoding=\"async\" alt=\"\ud83d\udc83\" src=\"https:\/\/fonts.gstatic.com\/s\/e\/notoemoji\/15.0\/1f483\/32.png\"><img decoding=\"async\" alt=\"\ud83d\udc83\" src=\"https:\/\/fonts.gstatic.com\/s\/e\/notoemoji\/15.0\/1f483\/32.png\">&nbsp;wyst\u0105pi\u0142 na scenie w Parku Chopina z okazji VII Gliwickiego \u015awi\u0119ta Rodziny pod patronatem Prezydenta Miasta&nbsp; Gliwice Adama Neumanna.&nbsp;<\/p>\n\n\n\n<p>Gratulujemy dziewczynkom pi\u0119knego wyst\u0119pu.<\/p>\n\n\n\n<figure class=\"wp-block-gallery has-nested-images columns-default is-cropped wp-block-gallery-1 is-layout-flex wp-block-gallery-is-layout-flex\">\n<figure class=\"wp-block-image size-large\"><img loading=\"lazy\" decoding=\"async\" width=\"1024\" height=\"576\" data-id=\"2233\" src=\"https:\/\/zsp14gliwice.pl\/pm40\/wp-content\/uploads\/2023\/10\/FB_IMG_1698058674572-1024x576.jpg\" alt=\"FB IMG 1698058674572\" class=\"wp-image-2233\" srcset=\"https:\/\/zsp14gliwice.pl\/pm40\/wp-content\/uploads\/2023\/10\/FB_IMG_1698058674572-1024x576.jpg 1024w, https:\/\/zsp14gliwice.pl\/pm40\/wp-content\/uploads\/2023\/10\/FB_IMG_1698058674572-300x169.jpg 300w, https:\/\/zsp14gliwice.pl\/pm40\/wp-content\/uploads\/2023\/10\/FB_IMG_1698058674572-768x432.jpg 768w, https:\/\/zsp14gliwice.pl\/pm40\/wp-content\/uploads\/2023\/10\/FB_IMG_1698058674572-100x56.jpg 100w, https:\/\/zsp14gliwice.pl\/pm40\/wp-content\/uploads\/2023\/10\/FB_IMG_1698058674572-862x485.jpg 862w, https:\/\/zsp14gliwice.pl\/pm40\/wp-content\/uploads\/2023\/10\/FB_IMG_1698058674572.jpg 1080w\" sizes=\"(max-width: 1024px) 100vw, 1024px\" \/><\/figure>\n\n\n\n<figure class=\"wp-block-image size-large\"><img loading=\"lazy\" decoding=\"async\" width=\"1024\" height=\"768\" data-id=\"2234\" src=\"https:\/\/zsp14gliwice.pl\/pm40\/wp-content\/uploads\/2023\/10\/FB_IMG_1698058677708-1024x768.jpg\" alt=\"FB IMG 1698058677708\" class=\"wp-image-2234\" srcset=\"https:\/\/zsp14gliwice.pl\/pm40\/wp-content\/uploads\/2023\/10\/FB_IMG_1698058677708-1024x768.jpg 1024w, https:\/\/zsp14gliwice.pl\/pm40\/wp-content\/uploads\/2023\/10\/FB_IMG_1698058677708-300x225.jpg 300w, https:\/\/zsp14gliwice.pl\/pm40\/wp-content\/uploads\/2023\/10\/FB_IMG_1698058677708-768x576.jpg 768w, https:\/\/zsp14gliwice.pl\/pm40\/wp-content\/uploads\/2023\/10\/FB_IMG_1698058677708-100x75.jpg 100w, https:\/\/zsp14gliwice.pl\/pm40\/wp-content\/uploads\/2023\/10\/FB_IMG_1698058677708-862x647.jpg 862w, https:\/\/zsp14gliwice.pl\/pm40\/wp-content\/uploads\/2023\/10\/FB_IMG_1698058677708.jpg 1080w\" sizes=\"(max-width: 1024px) 100vw, 1024px\" \/><\/figure>\n\n\n\n<figure class=\"wp-block-image size-large\"><img loading=\"lazy\" decoding=\"async\" width=\"1024\" height=\"576\" data-id=\"2232\" src=\"https:\/\/zsp14gliwice.pl\/pm40\/wp-content\/uploads\/2023\/10\/FB_IMG_1698058670081-1024x576.jpg\" alt=\"FB IMG 1698058670081\" class=\"wp-image-2232\" srcset=\"https:\/\/zsp14gliwice.pl\/pm40\/wp-content\/uploads\/2023\/10\/FB_IMG_1698058670081-1024x576.jpg 1024w, https:\/\/zsp14gliwice.pl\/pm40\/wp-content\/uploads\/2023\/10\/FB_IMG_1698058670081-300x169.jpg 300w, https:\/\/zsp14gliwice.pl\/pm40\/wp-content\/uploads\/2023\/10\/FB_IMG_1698058670081-768x432.jpg 768w, https:\/\/zsp14gliwice.pl\/pm40\/wp-content\/uploads\/2023\/10\/FB_IMG_1698058670081-100x56.jpg 100w, https:\/\/zsp14gliwice.pl\/pm40\/wp-content\/uploads\/2023\/10\/FB_IMG_1698058670081-862x485.jpg 862w, https:\/\/zsp14gliwice.pl\/pm40\/wp-content\/uploads\/2023\/10\/FB_IMG_1698058670081.jpg 1080w\" sizes=\"(max-width: 1024px) 100vw, 1024px\" \/><\/figure>\n\n\n\n<figure class=\"wp-block-image size-large\"><img loading=\"lazy\" decoding=\"async\" width=\"1024\" height=\"576\" data-id=\"2231\" src=\"https:\/\/zsp14gliwice.pl\/pm40\/wp-content\/uploads\/2023\/10\/FB_IMG_1698058666874-1024x576.jpg\" alt=\"FB IMG 1698058666874\" class=\"wp-image-2231\" srcset=\"https:\/\/zsp14gliwice.pl\/pm40\/wp-content\/uploads\/2023\/10\/FB_IMG_1698058666874-1024x576.jpg 1024w, https:\/\/zsp14gliwice.pl\/pm40\/wp-content\/uploads\/2023\/10\/FB_IMG_1698058666874-300x169.jpg 300w, https:\/\/zsp14gliwice.pl\/pm40\/wp-content\/uploads\/2023\/10\/FB_IMG_1698058666874-768x432.jpg 768w, https:\/\/zsp14gliwice.pl\/pm40\/wp-content\/uploads\/2023\/10\/FB_IMG_1698058666874-100x56.jpg 100w, https:\/\/zsp14gliwice.pl\/pm40\/wp-content\/uploads\/2023\/10\/FB_IMG_1698058666874-862x485.jpg 862w, https:\/\/zsp14gliwice.pl\/pm40\/wp-content\/uploads\/2023\/10\/FB_IMG_1698058666874.jpg 1080w\" sizes=\"(max-width: 1024px) 100vw, 1024px\" \/><\/figure>\n<\/figure>\n","protected":false},"excerpt":{"rendered":"<p>17.06.2023 zesp\u00f3\u0142 ,, Promyczek &#8221;&nbsp;&nbsp;wyst\u0105pi\u0142 na scenie w Parku Chopina z okazji VII Gliwickiego \u015awi\u0119ta Rodziny pod patronatem Prezydenta Miasta&nbsp; Gliwice Adama Neumanna.&nbsp; Gratulujemy dziewczynkom pi\u0119knego wyst\u0119pu.<\/p>\n","protected":false},"author":1,"featured_media":2233,"comment_status":"closed","ping_status":"open","sticky":false,"template":"","format":"standard","meta":{"footnotes":""},"categories":[7],"tags":[],"_links":{"self":[{"href":"https:\/\/zsp14gliwice.pl\/pm40\/wp-json\/wp\/v2\/posts\/2235"}],"collection":[{"href":"https:\/\/zsp14gliwice.pl\/pm40\/wp-json\/wp\/v2\/posts"}],"about":[{"href":"https:\/\/zsp14gliwice.pl\/pm40\/wp-json\/wp\/v2\/types\/post"}],"author":[{"embeddable":true,"href":"https:\/\/zsp14gliwice.pl\/pm40\/wp-json\/wp\/v2\/users\/1"}],"replies":[{"embeddable":true,"href":"https:\/\/zsp14gliwice.pl\/pm40\/wp-json\/wp\/v2\/comments?post=2235"}],"version-history":[{"count":1,"href":"https:\/\/zsp14gliwice.pl\/pm40\/wp-json\/wp\/v2\/posts\/2235\/revisions"}],"predecessor-version":[{"id":2236,"href":"https:\/\/zsp14gliwice.pl\/pm40\/wp-json\/wp\/v2\/posts\/2235\/revisions\/2236"}],"wp:featuredmedia":[{"embeddable":true,"href":"https:\/\/zsp14gliwice.pl\/pm40\/wp-json\/wp\/v2\/media\/2233"}],"wp:attachment":[{"href":"https:\/\/zsp14gliwice.pl\/pm40\/wp-json\/wp\/v2\/media?parent=2235"}],"wp:term":[{"taxonomy":"category","embeddable":true,"href":"https:\/\/zsp14gliwice.pl\/pm40\/wp-json\/wp\/v2\/categories?post=2235"},{"taxonomy":"post_tag","embeddable":true,"href":"https:\/\/zsp14gliwice.pl\/pm40\/wp-json\/wp\/v2\/tags?post=2235"}],"curies":[{"name":"wp","href":"https:\/\/api.w.org\/{rel}","templated":true}]}}