{"id":1881,"date":"2023-02-27T13:14:42","date_gmt":"2023-02-27T12:14:42","guid":{"rendered":"https:\/\/zsp14gliwice.pl\/pm40\/?p=1881"},"modified":"2023-02-27T13:14:43","modified_gmt":"2023-02-27T12:14:43","slug":"koncert-charytatywny-pozwolmy-marzyc","status":"publish","type":"post","link":"https:\/\/zsp14gliwice.pl\/pm40\/2023\/02\/27\/koncert-charytatywny-pozwolmy-marzyc\/","title":{"rendered":"Koncert charytatywny &#8211; \u201cPozw\u00f3lmy marzy\u0107\u201d"},"content":{"rendered":"\n<p>Dzieci z grupy &#8222;Pszcz\u00f3\u0142ki&#8221; zaprezentowa\u0142y cz\u0119\u015b\u0107 artystyczn\u0105 na XV koncercie charytatywnym &#8222;Pozw\u00f3lmy marzy\u0107&#8221; zorganizowanym przez<a href=\"https:\/\/www.facebook.com\/hashtag\/zspnr14szko%C5%82apodstawowanr28wgliwicach?__eep__=6&amp;__cft__%5B0%5D=AZUlUdU7mujV5v8tA9Fnms2NLwK-41gkXbgGFBrFGgw91DvgNVTsP-KZiMy0w0zKHQMvDk288C0vb8RJ_cxrXOzDKdyVobYHMi5C7fyyMdWOIvoGVcP82ocOFRFLGGgpFfJZsXKGR9r3J_pEkKCHucfGLm-oB3JaTcZ95A6fFL6W8lroTI4IO5p52JiCbalCM9s&amp;__tn__=*NK-R\"> <\/a>Szko\u0142\u0119 Podstawow\u0105 nr 28 w Gliwicach. Warto pomaga\u0107!<\/p>\n\n\n\n<figure class=\"wp-block-gallery has-nested-images columns-default is-cropped wp-block-gallery-1 is-layout-flex wp-block-gallery-is-layout-flex\">\n<figure class=\"wp-block-image size-large\"><img loading=\"lazy\" decoding=\"async\" width=\"1024\" height=\"576\" data-id=\"1883\" src=\"https:\/\/zsp14gliwice.pl\/pm40\/wp-content\/uploads\/2023\/02\/zsp14gliwice-pm40-koncert-charytatywny-pozwolmy-marzyc-2-1024x576.jpg\" alt=\"\" class=\"wp-image-1883\" srcset=\"https:\/\/zsp14gliwice.pl\/pm40\/wp-content\/uploads\/2023\/02\/zsp14gliwice-pm40-koncert-charytatywny-pozwolmy-marzyc-2-1024x576.jpg 1024w, https:\/\/zsp14gliwice.pl\/pm40\/wp-content\/uploads\/2023\/02\/zsp14gliwice-pm40-koncert-charytatywny-pozwolmy-marzyc-2-300x169.jpg 300w, https:\/\/zsp14gliwice.pl\/pm40\/wp-content\/uploads\/2023\/02\/zsp14gliwice-pm40-koncert-charytatywny-pozwolmy-marzyc-2-768x432.jpg 768w, https:\/\/zsp14gliwice.pl\/pm40\/wp-content\/uploads\/2023\/02\/zsp14gliwice-pm40-koncert-charytatywny-pozwolmy-marzyc-2-100x56.jpg 100w, https:\/\/zsp14gliwice.pl\/pm40\/wp-content\/uploads\/2023\/02\/zsp14gliwice-pm40-koncert-charytatywny-pozwolmy-marzyc-2-862x485.jpg 862w, https:\/\/zsp14gliwice.pl\/pm40\/wp-content\/uploads\/2023\/02\/zsp14gliwice-pm40-koncert-charytatywny-pozwolmy-marzyc-2.jpg 1200w\" sizes=\"(max-width: 1024px) 100vw, 1024px\" \/><\/figure>\n\n\n\n<figure class=\"wp-block-image size-large\"><img loading=\"lazy\" decoding=\"async\" width=\"1024\" height=\"768\" data-id=\"1884\" src=\"https:\/\/zsp14gliwice.pl\/pm40\/wp-content\/uploads\/2023\/02\/zsp14gliwice-pm40-koncert-charytatywny-pozwolmy-marzyc-3-1024x768.jpg\" alt=\"\" class=\"wp-image-1884\" srcset=\"https:\/\/zsp14gliwice.pl\/pm40\/wp-content\/uploads\/2023\/02\/zsp14gliwice-pm40-koncert-charytatywny-pozwolmy-marzyc-3-1024x768.jpg 1024w, https:\/\/zsp14gliwice.pl\/pm40\/wp-content\/uploads\/2023\/02\/zsp14gliwice-pm40-koncert-charytatywny-pozwolmy-marzyc-3-300x225.jpg 300w, https:\/\/zsp14gliwice.pl\/pm40\/wp-content\/uploads\/2023\/02\/zsp14gliwice-pm40-koncert-charytatywny-pozwolmy-marzyc-3-768x576.jpg 768w, https:\/\/zsp14gliwice.pl\/pm40\/wp-content\/uploads\/2023\/02\/zsp14gliwice-pm40-koncert-charytatywny-pozwolmy-marzyc-3-100x75.jpg 100w, https:\/\/zsp14gliwice.pl\/pm40\/wp-content\/uploads\/2023\/02\/zsp14gliwice-pm40-koncert-charytatywny-pozwolmy-marzyc-3-862x647.jpg 862w, https:\/\/zsp14gliwice.pl\/pm40\/wp-content\/uploads\/2023\/02\/zsp14gliwice-pm40-koncert-charytatywny-pozwolmy-marzyc-3.jpg 1200w\" sizes=\"(max-width: 1024px) 100vw, 1024px\" \/><\/figure>\n\n\n\n<figure class=\"wp-block-image size-large\"><img loading=\"lazy\" decoding=\"async\" width=\"1024\" height=\"768\" data-id=\"1885\" src=\"https:\/\/zsp14gliwice.pl\/pm40\/wp-content\/uploads\/2023\/02\/zsp14gliwice-pm40-koncert-charytatywny-pozwolmy-marzyc-4-1024x768.jpg\" alt=\"\" class=\"wp-image-1885\" srcset=\"https:\/\/zsp14gliwice.pl\/pm40\/wp-content\/uploads\/2023\/02\/zsp14gliwice-pm40-koncert-charytatywny-pozwolmy-marzyc-4-1024x768.jpg 1024w, https:\/\/zsp14gliwice.pl\/pm40\/wp-content\/uploads\/2023\/02\/zsp14gliwice-pm40-koncert-charytatywny-pozwolmy-marzyc-4-300x225.jpg 300w, https:\/\/zsp14gliwice.pl\/pm40\/wp-content\/uploads\/2023\/02\/zsp14gliwice-pm40-koncert-charytatywny-pozwolmy-marzyc-4-768x576.jpg 768w, https:\/\/zsp14gliwice.pl\/pm40\/wp-content\/uploads\/2023\/02\/zsp14gliwice-pm40-koncert-charytatywny-pozwolmy-marzyc-4-100x75.jpg 100w, https:\/\/zsp14gliwice.pl\/pm40\/wp-content\/uploads\/2023\/02\/zsp14gliwice-pm40-koncert-charytatywny-pozwolmy-marzyc-4-862x647.jpg 862w, https:\/\/zsp14gliwice.pl\/pm40\/wp-content\/uploads\/2023\/02\/zsp14gliwice-pm40-koncert-charytatywny-pozwolmy-marzyc-4.jpg 1200w\" sizes=\"(max-width: 1024px) 100vw, 1024px\" \/><\/figure>\n\n\n\n<figure class=\"wp-block-image size-large\"><img loading=\"lazy\" decoding=\"async\" width=\"1200\" height=\"799\" data-id=\"1882\" src=\"https:\/\/zsp14gliwice.pl\/pm40\/wp-content\/uploads\/2023\/02\/zsp14gliwice-pm40-koncert-charytatywny-pozwolmy-marzyc-1.jpg\" alt=\"\" class=\"wp-image-1882\" srcset=\"https:\/\/zsp14gliwice.pl\/pm40\/wp-content\/uploads\/2023\/02\/zsp14gliwice-pm40-koncert-charytatywny-pozwolmy-marzyc-1.jpg 1200w, https:\/\/zsp14gliwice.pl\/pm40\/wp-content\/uploads\/2023\/02\/zsp14gliwice-pm40-koncert-charytatywny-pozwolmy-marzyc-1-300x200.jpg 300w, https:\/\/zsp14gliwice.pl\/pm40\/wp-content\/uploads\/2023\/02\/zsp14gliwice-pm40-koncert-charytatywny-pozwolmy-marzyc-1-1024x682.jpg 1024w, https:\/\/zsp14gliwice.pl\/pm40\/wp-content\/uploads\/2023\/02\/zsp14gliwice-pm40-koncert-charytatywny-pozwolmy-marzyc-1-768x511.jpg 768w, https:\/\/zsp14gliwice.pl\/pm40\/wp-content\/uploads\/2023\/02\/zsp14gliwice-pm40-koncert-charytatywny-pozwolmy-marzyc-1-100x67.jpg 100w, https:\/\/zsp14gliwice.pl\/pm40\/wp-content\/uploads\/2023\/02\/zsp14gliwice-pm40-koncert-charytatywny-pozwolmy-marzyc-1-862x574.jpg 862w\" sizes=\"(max-width: 1200px) 100vw, 1200px\" \/><\/figure>\n<\/figure>\n","protected":false},"excerpt":{"rendered":"<p>Dzieci z grupy &#8222;Pszcz\u00f3\u0142ki&#8221; zaprezentowa\u0142y cz\u0119\u015b\u0107 artystyczn\u0105 na XV koncercie charytatywnym &#8222;Pozw\u00f3lmy marzy\u0107&#8221; zorganizowanym przez Szko\u0142\u0119 Podstawow\u0105 nr 28 w Gliwicach. Warto pomaga\u0107!<\/p>\n","protected":false},"author":1,"featured_media":1882,"comment_status":"closed","ping_status":"open","sticky":false,"template":"","format":"standard","meta":{"footnotes":""},"categories":[7],"tags":[],"_links":{"self":[{"href":"https:\/\/zsp14gliwice.pl\/pm40\/wp-json\/wp\/v2\/posts\/1881"}],"collection":[{"href":"https:\/\/zsp14gliwice.pl\/pm40\/wp-json\/wp\/v2\/posts"}],"about":[{"href":"https:\/\/zsp14gliwice.pl\/pm40\/wp-json\/wp\/v2\/types\/post"}],"author":[{"embeddable":true,"href":"https:\/\/zsp14gliwice.pl\/pm40\/wp-json\/wp\/v2\/users\/1"}],"replies":[{"embeddable":true,"href":"https:\/\/zsp14gliwice.pl\/pm40\/wp-json\/wp\/v2\/comments?post=1881"}],"version-history":[{"count":1,"href":"https:\/\/zsp14gliwice.pl\/pm40\/wp-json\/wp\/v2\/posts\/1881\/revisions"}],"predecessor-version":[{"id":1886,"href":"https:\/\/zsp14gliwice.pl\/pm40\/wp-json\/wp\/v2\/posts\/1881\/revisions\/1886"}],"wp:featuredmedia":[{"embeddable":true,"href":"https:\/\/zsp14gliwice.pl\/pm40\/wp-json\/wp\/v2\/media\/1882"}],"wp:attachment":[{"href":"https:\/\/zsp14gliwice.pl\/pm40\/wp-json\/wp\/v2\/media?parent=1881"}],"wp:term":[{"taxonomy":"category","embeddable":true,"href":"https:\/\/zsp14gliwice.pl\/pm40\/wp-json\/wp\/v2\/categories?post=1881"},{"taxonomy":"post_tag","embeddable":true,"href":"https:\/\/zsp14gliwice.pl\/pm40\/wp-json\/wp\/v2\/tags?post=1881"}],"curies":[{"name":"wp","href":"https:\/\/api.w.org\/{rel}","templated":true}]}}