{"id":1864,"date":"2023-02-24T09:09:31","date_gmt":"2023-02-24T08:09:31","guid":{"rendered":"https:\/\/zsp14gliwice.pl\/pm40\/?p=1864"},"modified":"2023-02-24T09:09:32","modified_gmt":"2023-02-24T08:09:32","slug":"dzieci-z-pasja-fotografia","status":"publish","type":"post","link":"https:\/\/zsp14gliwice.pl\/pm40\/2023\/02\/24\/dzieci-z-pasja-fotografia\/","title":{"rendered":"Dzieci z Pasj\u0105 &#8211; fotografia"},"content":{"rendered":"\n<p>Kolejne spotkanie w ramach programu &#8222;Dzieci z Pasj\u0105&#8221;. Tym razem go\u015bcili\u015bmy pasjonata fotografii pana \u0141ukasza. Widzieli\u015bmy stare i nowe aparaty, poznali\u015bmy ich cz\u0119\u015bci, dowiedzieli\u015bmy si\u0119 jak zrobi\u0107 profesjonalne zdj\u0119cie. \u017byczymy, aby pi\u0119kna i barwna pasja fotograficzna rozwin\u0119\u0142a si\u0119 i by\u0142a rado\u015bci\u0105 w ka\u017cdej chwili.<\/p>\n\n\n\n<figure class=\"wp-block-gallery has-nested-images columns-default is-cropped wp-block-gallery-1 is-layout-flex wp-block-gallery-is-layout-flex\">\n<figure class=\"wp-block-image size-large\"><a href=\"https:\/\/zsp14gliwice.pl\/pm40\/wp-content\/uploads\/2023\/02\/zsp14gliwice-pm40-dzieci-z-pasja-fotografia-2.jpg\"><img loading=\"lazy\" decoding=\"async\" width=\"1200\" height=\"900\" data-id=\"1866\" src=\"https:\/\/zsp14gliwice.pl\/pm40\/wp-content\/uploads\/2023\/02\/zsp14gliwice-pm40-dzieci-z-pasja-fotografia-2.jpg\" alt=\"\" class=\"wp-image-1866\" srcset=\"https:\/\/zsp14gliwice.pl\/pm40\/wp-content\/uploads\/2023\/02\/zsp14gliwice-pm40-dzieci-z-pasja-fotografia-2.jpg 1200w, https:\/\/zsp14gliwice.pl\/pm40\/wp-content\/uploads\/2023\/02\/zsp14gliwice-pm40-dzieci-z-pasja-fotografia-2-300x225.jpg 300w, https:\/\/zsp14gliwice.pl\/pm40\/wp-content\/uploads\/2023\/02\/zsp14gliwice-pm40-dzieci-z-pasja-fotografia-2-1024x768.jpg 1024w, https:\/\/zsp14gliwice.pl\/pm40\/wp-content\/uploads\/2023\/02\/zsp14gliwice-pm40-dzieci-z-pasja-fotografia-2-768x576.jpg 768w, https:\/\/zsp14gliwice.pl\/pm40\/wp-content\/uploads\/2023\/02\/zsp14gliwice-pm40-dzieci-z-pasja-fotografia-2-100x75.jpg 100w, https:\/\/zsp14gliwice.pl\/pm40\/wp-content\/uploads\/2023\/02\/zsp14gliwice-pm40-dzieci-z-pasja-fotografia-2-862x647.jpg 862w\" sizes=\"(max-width: 1200px) 100vw, 1200px\" \/><\/a><\/figure>\n\n\n\n<figure class=\"wp-block-image size-large\"><a href=\"https:\/\/zsp14gliwice.pl\/pm40\/wp-content\/uploads\/2023\/02\/zsp14gliwice-pm40-dzieci-z-pasja-fotografia-3.jpg\"><img loading=\"lazy\" decoding=\"async\" width=\"1200\" height=\"900\" data-id=\"1867\" src=\"https:\/\/zsp14gliwice.pl\/pm40\/wp-content\/uploads\/2023\/02\/zsp14gliwice-pm40-dzieci-z-pasja-fotografia-3.jpg\" alt=\"\" class=\"wp-image-1867\" srcset=\"https:\/\/zsp14gliwice.pl\/pm40\/wp-content\/uploads\/2023\/02\/zsp14gliwice-pm40-dzieci-z-pasja-fotografia-3.jpg 1200w, https:\/\/zsp14gliwice.pl\/pm40\/wp-content\/uploads\/2023\/02\/zsp14gliwice-pm40-dzieci-z-pasja-fotografia-3-300x225.jpg 300w, https:\/\/zsp14gliwice.pl\/pm40\/wp-content\/uploads\/2023\/02\/zsp14gliwice-pm40-dzieci-z-pasja-fotografia-3-1024x768.jpg 1024w, https:\/\/zsp14gliwice.pl\/pm40\/wp-content\/uploads\/2023\/02\/zsp14gliwice-pm40-dzieci-z-pasja-fotografia-3-768x576.jpg 768w, https:\/\/zsp14gliwice.pl\/pm40\/wp-content\/uploads\/2023\/02\/zsp14gliwice-pm40-dzieci-z-pasja-fotografia-3-100x75.jpg 100w, https:\/\/zsp14gliwice.pl\/pm40\/wp-content\/uploads\/2023\/02\/zsp14gliwice-pm40-dzieci-z-pasja-fotografia-3-862x647.jpg 862w\" sizes=\"(max-width: 1200px) 100vw, 1200px\" \/><\/a><\/figure>\n\n\n\n<figure class=\"wp-block-image size-large\"><a href=\"https:\/\/zsp14gliwice.pl\/pm40\/wp-content\/uploads\/2023\/02\/zsp14gliwice-pm40-dzieci-z-pasja-fotografia-4.jpg\"><img loading=\"lazy\" decoding=\"async\" width=\"1200\" height=\"900\" data-id=\"1868\" src=\"https:\/\/zsp14gliwice.pl\/pm40\/wp-content\/uploads\/2023\/02\/zsp14gliwice-pm40-dzieci-z-pasja-fotografia-4.jpg\" alt=\"\" class=\"wp-image-1868\" srcset=\"https:\/\/zsp14gliwice.pl\/pm40\/wp-content\/uploads\/2023\/02\/zsp14gliwice-pm40-dzieci-z-pasja-fotografia-4.jpg 1200w, https:\/\/zsp14gliwice.pl\/pm40\/wp-content\/uploads\/2023\/02\/zsp14gliwice-pm40-dzieci-z-pasja-fotografia-4-300x225.jpg 300w, https:\/\/zsp14gliwice.pl\/pm40\/wp-content\/uploads\/2023\/02\/zsp14gliwice-pm40-dzieci-z-pasja-fotografia-4-1024x768.jpg 1024w, https:\/\/zsp14gliwice.pl\/pm40\/wp-content\/uploads\/2023\/02\/zsp14gliwice-pm40-dzieci-z-pasja-fotografia-4-768x576.jpg 768w, https:\/\/zsp14gliwice.pl\/pm40\/wp-content\/uploads\/2023\/02\/zsp14gliwice-pm40-dzieci-z-pasja-fotografia-4-100x75.jpg 100w, https:\/\/zsp14gliwice.pl\/pm40\/wp-content\/uploads\/2023\/02\/zsp14gliwice-pm40-dzieci-z-pasja-fotografia-4-862x647.jpg 862w\" sizes=\"(max-width: 1200px) 100vw, 1200px\" \/><\/a><\/figure>\n\n\n\n<figure class=\"wp-block-image size-large\"><a href=\"https:\/\/zsp14gliwice.pl\/pm40\/wp-content\/uploads\/2023\/02\/zsp14gliwice-pm40-dzieci-z-pasja-fotografia-5.jpg\"><img loading=\"lazy\" decoding=\"async\" width=\"1200\" height=\"1600\" data-id=\"1869\" src=\"https:\/\/zsp14gliwice.pl\/pm40\/wp-content\/uploads\/2023\/02\/zsp14gliwice-pm40-dzieci-z-pasja-fotografia-5.jpg\" alt=\"\" class=\"wp-image-1869\" srcset=\"https:\/\/zsp14gliwice.pl\/pm40\/wp-content\/uploads\/2023\/02\/zsp14gliwice-pm40-dzieci-z-pasja-fotografia-5.jpg 1200w, https:\/\/zsp14gliwice.pl\/pm40\/wp-content\/uploads\/2023\/02\/zsp14gliwice-pm40-dzieci-z-pasja-fotografia-5-225x300.jpg 225w, https:\/\/zsp14gliwice.pl\/pm40\/wp-content\/uploads\/2023\/02\/zsp14gliwice-pm40-dzieci-z-pasja-fotografia-5-768x1024.jpg 768w, https:\/\/zsp14gliwice.pl\/pm40\/wp-content\/uploads\/2023\/02\/zsp14gliwice-pm40-dzieci-z-pasja-fotografia-5-1152x1536.jpg 1152w, https:\/\/zsp14gliwice.pl\/pm40\/wp-content\/uploads\/2023\/02\/zsp14gliwice-pm40-dzieci-z-pasja-fotografia-5-100x133.jpg 100w, https:\/\/zsp14gliwice.pl\/pm40\/wp-content\/uploads\/2023\/02\/zsp14gliwice-pm40-dzieci-z-pasja-fotografia-5-862x1149.jpg 862w\" sizes=\"(max-width: 1200px) 100vw, 1200px\" \/><\/a><\/figure>\n\n\n\n<figure class=\"wp-block-image size-large\"><a href=\"https:\/\/zsp14gliwice.pl\/pm40\/wp-content\/uploads\/2023\/02\/zsp14gliwice-pm40-dzieci-z-pasja-fotografia-6.jpg\"><img loading=\"lazy\" decoding=\"async\" width=\"1200\" height=\"900\" data-id=\"1870\" src=\"https:\/\/zsp14gliwice.pl\/pm40\/wp-content\/uploads\/2023\/02\/zsp14gliwice-pm40-dzieci-z-pasja-fotografia-6.jpg\" alt=\"\" class=\"wp-image-1870\" srcset=\"https:\/\/zsp14gliwice.pl\/pm40\/wp-content\/uploads\/2023\/02\/zsp14gliwice-pm40-dzieci-z-pasja-fotografia-6.jpg 1200w, https:\/\/zsp14gliwice.pl\/pm40\/wp-content\/uploads\/2023\/02\/zsp14gliwice-pm40-dzieci-z-pasja-fotografia-6-300x225.jpg 300w, https:\/\/zsp14gliwice.pl\/pm40\/wp-content\/uploads\/2023\/02\/zsp14gliwice-pm40-dzieci-z-pasja-fotografia-6-1024x768.jpg 1024w, https:\/\/zsp14gliwice.pl\/pm40\/wp-content\/uploads\/2023\/02\/zsp14gliwice-pm40-dzieci-z-pasja-fotografia-6-768x576.jpg 768w, https:\/\/zsp14gliwice.pl\/pm40\/wp-content\/uploads\/2023\/02\/zsp14gliwice-pm40-dzieci-z-pasja-fotografia-6-100x75.jpg 100w, https:\/\/zsp14gliwice.pl\/pm40\/wp-content\/uploads\/2023\/02\/zsp14gliwice-pm40-dzieci-z-pasja-fotografia-6-862x647.jpg 862w\" sizes=\"(max-width: 1200px) 100vw, 1200px\" \/><\/a><\/figure>\n\n\n\n<figure class=\"wp-block-image size-large\"><a href=\"https:\/\/zsp14gliwice.pl\/pm40\/wp-content\/uploads\/2023\/02\/zsp14gliwice-pm40-dzieci-z-pasja-fotografia-1.jpg\"><img loading=\"lazy\" decoding=\"async\" width=\"1200\" height=\"900\" data-id=\"1865\" src=\"https:\/\/zsp14gliwice.pl\/pm40\/wp-content\/uploads\/2023\/02\/zsp14gliwice-pm40-dzieci-z-pasja-fotografia-1.jpg\" alt=\"\" class=\"wp-image-1865\" srcset=\"https:\/\/zsp14gliwice.pl\/pm40\/wp-content\/uploads\/2023\/02\/zsp14gliwice-pm40-dzieci-z-pasja-fotografia-1.jpg 1200w, https:\/\/zsp14gliwice.pl\/pm40\/wp-content\/uploads\/2023\/02\/zsp14gliwice-pm40-dzieci-z-pasja-fotografia-1-300x225.jpg 300w, https:\/\/zsp14gliwice.pl\/pm40\/wp-content\/uploads\/2023\/02\/zsp14gliwice-pm40-dzieci-z-pasja-fotografia-1-1024x768.jpg 1024w, https:\/\/zsp14gliwice.pl\/pm40\/wp-content\/uploads\/2023\/02\/zsp14gliwice-pm40-dzieci-z-pasja-fotografia-1-768x576.jpg 768w, https:\/\/zsp14gliwice.pl\/pm40\/wp-content\/uploads\/2023\/02\/zsp14gliwice-pm40-dzieci-z-pasja-fotografia-1-100x75.jpg 100w, https:\/\/zsp14gliwice.pl\/pm40\/wp-content\/uploads\/2023\/02\/zsp14gliwice-pm40-dzieci-z-pasja-fotografia-1-862x647.jpg 862w\" sizes=\"(max-width: 1200px) 100vw, 1200px\" \/><\/a><\/figure>\n<\/figure>\n","protected":false},"excerpt":{"rendered":"<p>Kolejne spotkanie w ramach programu &#8222;Dzieci z Pasj\u0105&#8221;. Tym razem go\u015bcili\u015bmy pasjonata fotografii pana \u0141ukasza. Widzieli\u015bmy stare i nowe aparaty, poznali\u015bmy ich cz\u0119\u015bci, dowiedzieli\u015bmy si\u0119 jak zrobi\u0107 profesjonalne zdj\u0119cie. \u017byczymy, aby pi\u0119kna i barwna pasja fotograficzna rozwin\u0119\u0142a si\u0119 i by\u0142a rado\u015bci\u0105 w ka\u017cdej chwili.<\/p>\n","protected":false},"author":1,"featured_media":1865,"comment_status":"closed","ping_status":"open","sticky":false,"template":"","format":"standard","meta":{"footnotes":""},"categories":[7],"tags":[],"_links":{"self":[{"href":"https:\/\/zsp14gliwice.pl\/pm40\/wp-json\/wp\/v2\/posts\/1864"}],"collection":[{"href":"https:\/\/zsp14gliwice.pl\/pm40\/wp-json\/wp\/v2\/posts"}],"about":[{"href":"https:\/\/zsp14gliwice.pl\/pm40\/wp-json\/wp\/v2\/types\/post"}],"author":[{"embeddable":true,"href":"https:\/\/zsp14gliwice.pl\/pm40\/wp-json\/wp\/v2\/users\/1"}],"replies":[{"embeddable":true,"href":"https:\/\/zsp14gliwice.pl\/pm40\/wp-json\/wp\/v2\/comments?post=1864"}],"version-history":[{"count":1,"href":"https:\/\/zsp14gliwice.pl\/pm40\/wp-json\/wp\/v2\/posts\/1864\/revisions"}],"predecessor-version":[{"id":1871,"href":"https:\/\/zsp14gliwice.pl\/pm40\/wp-json\/wp\/v2\/posts\/1864\/revisions\/1871"}],"wp:featuredmedia":[{"embeddable":true,"href":"https:\/\/zsp14gliwice.pl\/pm40\/wp-json\/wp\/v2\/media\/1865"}],"wp:attachment":[{"href":"https:\/\/zsp14gliwice.pl\/pm40\/wp-json\/wp\/v2\/media?parent=1864"}],"wp:term":[{"taxonomy":"category","embeddable":true,"href":"https:\/\/zsp14gliwice.pl\/pm40\/wp-json\/wp\/v2\/categories?post=1864"},{"taxonomy":"post_tag","embeddable":true,"href":"https:\/\/zsp14gliwice.pl\/pm40\/wp-json\/wp\/v2\/tags?post=1864"}],"curies":[{"name":"wp","href":"https:\/\/api.w.org\/{rel}","templated":true}]}}