{"id":1857,"date":"2023-02-24T09:06:24","date_gmt":"2023-02-24T08:06:24","guid":{"rendered":"https:\/\/zsp14gliwice.pl\/pm40\/?p=1857"},"modified":"2023-02-24T09:06:25","modified_gmt":"2023-02-24T08:06:25","slug":"dzien-babci-i-dziadka-2","status":"publish","type":"post","link":"https:\/\/zsp14gliwice.pl\/pm40\/2023\/02\/24\/dzien-babci-i-dziadka-2\/","title":{"rendered":"Dzie\u0144 Babci i Dziadka"},"content":{"rendered":"\n<p>Za nami jedno z najwa\u017cniejszych \u015bwi\u0105t w \u017cyciu ka\u017cdego przedszkolaka &#8211; DZIE\u0143 BABCI I DZIADKA. Ka\u017cda grupa przygotowa\u0142a pi\u0119kny wyst\u0119p dla ukochanych Dziadk\u00f3w, by podzi\u0119kowa\u0107 za trosk\u0119 i opiek\u0119. Jeszcze raz \u017cyczymy du\u017co zdrowia i pociechy z wnucz\u0105t!<\/p>\n\n\n\n<figure class=\"wp-block-gallery has-nested-images columns-default is-cropped wp-block-gallery-1 is-layout-flex wp-block-gallery-is-layout-flex\">\n<figure class=\"wp-block-image size-large\"><a href=\"https:\/\/zsp14gliwice.pl\/pm40\/wp-content\/uploads\/2023\/02\/zsp14gliwice-pm40-dzien-babci-i-dziadka-2.jpg\"><img loading=\"lazy\" decoding=\"async\" width=\"1200\" height=\"715\" data-id=\"1859\" src=\"https:\/\/zsp14gliwice.pl\/pm40\/wp-content\/uploads\/2023\/02\/zsp14gliwice-pm40-dzien-babci-i-dziadka-2.jpg\" alt=\"\" class=\"wp-image-1859\" srcset=\"https:\/\/zsp14gliwice.pl\/pm40\/wp-content\/uploads\/2023\/02\/zsp14gliwice-pm40-dzien-babci-i-dziadka-2.jpg 1200w, https:\/\/zsp14gliwice.pl\/pm40\/wp-content\/uploads\/2023\/02\/zsp14gliwice-pm40-dzien-babci-i-dziadka-2-300x179.jpg 300w, https:\/\/zsp14gliwice.pl\/pm40\/wp-content\/uploads\/2023\/02\/zsp14gliwice-pm40-dzien-babci-i-dziadka-2-1024x610.jpg 1024w, https:\/\/zsp14gliwice.pl\/pm40\/wp-content\/uploads\/2023\/02\/zsp14gliwice-pm40-dzien-babci-i-dziadka-2-768x458.jpg 768w, https:\/\/zsp14gliwice.pl\/pm40\/wp-content\/uploads\/2023\/02\/zsp14gliwice-pm40-dzien-babci-i-dziadka-2-100x60.jpg 100w, https:\/\/zsp14gliwice.pl\/pm40\/wp-content\/uploads\/2023\/02\/zsp14gliwice-pm40-dzien-babci-i-dziadka-2-862x514.jpg 862w\" sizes=\"(max-width: 1200px) 100vw, 1200px\" \/><\/a><\/figure>\n\n\n\n<figure class=\"wp-block-image size-large\"><a href=\"https:\/\/zsp14gliwice.pl\/pm40\/wp-content\/uploads\/2023\/02\/zsp14gliwice-pm40-dzien-babci-i-dziadka-3.jpg\"><img loading=\"lazy\" decoding=\"async\" width=\"1200\" height=\"900\" data-id=\"1860\" src=\"https:\/\/zsp14gliwice.pl\/pm40\/wp-content\/uploads\/2023\/02\/zsp14gliwice-pm40-dzien-babci-i-dziadka-3.jpg\" alt=\"\" class=\"wp-image-1860\" srcset=\"https:\/\/zsp14gliwice.pl\/pm40\/wp-content\/uploads\/2023\/02\/zsp14gliwice-pm40-dzien-babci-i-dziadka-3.jpg 1200w, https:\/\/zsp14gliwice.pl\/pm40\/wp-content\/uploads\/2023\/02\/zsp14gliwice-pm40-dzien-babci-i-dziadka-3-300x225.jpg 300w, https:\/\/zsp14gliwice.pl\/pm40\/wp-content\/uploads\/2023\/02\/zsp14gliwice-pm40-dzien-babci-i-dziadka-3-1024x768.jpg 1024w, https:\/\/zsp14gliwice.pl\/pm40\/wp-content\/uploads\/2023\/02\/zsp14gliwice-pm40-dzien-babci-i-dziadka-3-768x576.jpg 768w, https:\/\/zsp14gliwice.pl\/pm40\/wp-content\/uploads\/2023\/02\/zsp14gliwice-pm40-dzien-babci-i-dziadka-3-100x75.jpg 100w, https:\/\/zsp14gliwice.pl\/pm40\/wp-content\/uploads\/2023\/02\/zsp14gliwice-pm40-dzien-babci-i-dziadka-3-862x647.jpg 862w\" sizes=\"(max-width: 1200px) 100vw, 1200px\" \/><\/a><\/figure>\n\n\n\n<figure class=\"wp-block-image size-large\"><a href=\"https:\/\/zsp14gliwice.pl\/pm40\/wp-content\/uploads\/2023\/02\/zsp14gliwice-pm40-dzien-babci-i-dziadka-4.jpg\"><img loading=\"lazy\" decoding=\"async\" width=\"1200\" height=\"899\" data-id=\"1861\" src=\"https:\/\/zsp14gliwice.pl\/pm40\/wp-content\/uploads\/2023\/02\/zsp14gliwice-pm40-dzien-babci-i-dziadka-4.jpg\" alt=\"\" class=\"wp-image-1861\" srcset=\"https:\/\/zsp14gliwice.pl\/pm40\/wp-content\/uploads\/2023\/02\/zsp14gliwice-pm40-dzien-babci-i-dziadka-4.jpg 1200w, https:\/\/zsp14gliwice.pl\/pm40\/wp-content\/uploads\/2023\/02\/zsp14gliwice-pm40-dzien-babci-i-dziadka-4-300x225.jpg 300w, https:\/\/zsp14gliwice.pl\/pm40\/wp-content\/uploads\/2023\/02\/zsp14gliwice-pm40-dzien-babci-i-dziadka-4-1024x767.jpg 1024w, https:\/\/zsp14gliwice.pl\/pm40\/wp-content\/uploads\/2023\/02\/zsp14gliwice-pm40-dzien-babci-i-dziadka-4-768x575.jpg 768w, https:\/\/zsp14gliwice.pl\/pm40\/wp-content\/uploads\/2023\/02\/zsp14gliwice-pm40-dzien-babci-i-dziadka-4-100x75.jpg 100w, https:\/\/zsp14gliwice.pl\/pm40\/wp-content\/uploads\/2023\/02\/zsp14gliwice-pm40-dzien-babci-i-dziadka-4-862x646.jpg 862w\" sizes=\"(max-width: 1200px) 100vw, 1200px\" \/><\/a><\/figure>\n\n\n\n<figure class=\"wp-block-image size-large\"><a href=\"https:\/\/zsp14gliwice.pl\/pm40\/wp-content\/uploads\/2023\/02\/zsp14gliwice-pm40-dzien-babci-i-dziadka-5.jpg\"><img loading=\"lazy\" decoding=\"async\" width=\"1200\" height=\"675\" data-id=\"1862\" src=\"https:\/\/zsp14gliwice.pl\/pm40\/wp-content\/uploads\/2023\/02\/zsp14gliwice-pm40-dzien-babci-i-dziadka-5.jpg\" alt=\"\" class=\"wp-image-1862\" srcset=\"https:\/\/zsp14gliwice.pl\/pm40\/wp-content\/uploads\/2023\/02\/zsp14gliwice-pm40-dzien-babci-i-dziadka-5.jpg 1200w, https:\/\/zsp14gliwice.pl\/pm40\/wp-content\/uploads\/2023\/02\/zsp14gliwice-pm40-dzien-babci-i-dziadka-5-300x169.jpg 300w, https:\/\/zsp14gliwice.pl\/pm40\/wp-content\/uploads\/2023\/02\/zsp14gliwice-pm40-dzien-babci-i-dziadka-5-1024x576.jpg 1024w, https:\/\/zsp14gliwice.pl\/pm40\/wp-content\/uploads\/2023\/02\/zsp14gliwice-pm40-dzien-babci-i-dziadka-5-768x432.jpg 768w, https:\/\/zsp14gliwice.pl\/pm40\/wp-content\/uploads\/2023\/02\/zsp14gliwice-pm40-dzien-babci-i-dziadka-5-100x56.jpg 100w, https:\/\/zsp14gliwice.pl\/pm40\/wp-content\/uploads\/2023\/02\/zsp14gliwice-pm40-dzien-babci-i-dziadka-5-862x485.jpg 862w\" sizes=\"(max-width: 1200px) 100vw, 1200px\" \/><\/a><\/figure>\n\n\n\n<figure class=\"wp-block-image size-large\"><a href=\"https:\/\/zsp14gliwice.pl\/pm40\/wp-content\/uploads\/2023\/02\/zsp14gliwice-pm40-dzien-babci-i-dziadka-1.jpg\"><img loading=\"lazy\" decoding=\"async\" width=\"1200\" height=\"900\" data-id=\"1858\" src=\"https:\/\/zsp14gliwice.pl\/pm40\/wp-content\/uploads\/2023\/02\/zsp14gliwice-pm40-dzien-babci-i-dziadka-1.jpg\" alt=\"\" class=\"wp-image-1858\" srcset=\"https:\/\/zsp14gliwice.pl\/pm40\/wp-content\/uploads\/2023\/02\/zsp14gliwice-pm40-dzien-babci-i-dziadka-1.jpg 1200w, https:\/\/zsp14gliwice.pl\/pm40\/wp-content\/uploads\/2023\/02\/zsp14gliwice-pm40-dzien-babci-i-dziadka-1-300x225.jpg 300w, https:\/\/zsp14gliwice.pl\/pm40\/wp-content\/uploads\/2023\/02\/zsp14gliwice-pm40-dzien-babci-i-dziadka-1-1024x768.jpg 1024w, https:\/\/zsp14gliwice.pl\/pm40\/wp-content\/uploads\/2023\/02\/zsp14gliwice-pm40-dzien-babci-i-dziadka-1-768x576.jpg 768w, https:\/\/zsp14gliwice.pl\/pm40\/wp-content\/uploads\/2023\/02\/zsp14gliwice-pm40-dzien-babci-i-dziadka-1-100x75.jpg 100w, https:\/\/zsp14gliwice.pl\/pm40\/wp-content\/uploads\/2023\/02\/zsp14gliwice-pm40-dzien-babci-i-dziadka-1-862x647.jpg 862w\" sizes=\"(max-width: 1200px) 100vw, 1200px\" \/><\/a><\/figure>\n<\/figure>\n","protected":false},"excerpt":{"rendered":"<p>Za nami jedno z najwa\u017cniejszych \u015bwi\u0105t w \u017cyciu ka\u017cdego przedszkolaka &#8211; DZIE\u0143 BABCI I DZIADKA. Ka\u017cda grupa przygotowa\u0142a pi\u0119kny wyst\u0119p dla ukochanych Dziadk\u00f3w, by podzi\u0119kowa\u0107 za trosk\u0119 i opiek\u0119. Jeszcze raz \u017cyczymy du\u017co zdrowia i pociechy z wnucz\u0105t!<\/p>\n","protected":false},"author":1,"featured_media":1858,"comment_status":"closed","ping_status":"open","sticky":false,"template":"","format":"standard","meta":{"footnotes":""},"categories":[7],"tags":[],"_links":{"self":[{"href":"https:\/\/zsp14gliwice.pl\/pm40\/wp-json\/wp\/v2\/posts\/1857"}],"collection":[{"href":"https:\/\/zsp14gliwice.pl\/pm40\/wp-json\/wp\/v2\/posts"}],"about":[{"href":"https:\/\/zsp14gliwice.pl\/pm40\/wp-json\/wp\/v2\/types\/post"}],"author":[{"embeddable":true,"href":"https:\/\/zsp14gliwice.pl\/pm40\/wp-json\/wp\/v2\/users\/1"}],"replies":[{"embeddable":true,"href":"https:\/\/zsp14gliwice.pl\/pm40\/wp-json\/wp\/v2\/comments?post=1857"}],"version-history":[{"count":1,"href":"https:\/\/zsp14gliwice.pl\/pm40\/wp-json\/wp\/v2\/posts\/1857\/revisions"}],"predecessor-version":[{"id":1863,"href":"https:\/\/zsp14gliwice.pl\/pm40\/wp-json\/wp\/v2\/posts\/1857\/revisions\/1863"}],"wp:featuredmedia":[{"embeddable":true,"href":"https:\/\/zsp14gliwice.pl\/pm40\/wp-json\/wp\/v2\/media\/1858"}],"wp:attachment":[{"href":"https:\/\/zsp14gliwice.pl\/pm40\/wp-json\/wp\/v2\/media?parent=1857"}],"wp:term":[{"taxonomy":"category","embeddable":true,"href":"https:\/\/zsp14gliwice.pl\/pm40\/wp-json\/wp\/v2\/categories?post=1857"},{"taxonomy":"post_tag","embeddable":true,"href":"https:\/\/zsp14gliwice.pl\/pm40\/wp-json\/wp\/v2\/tags?post=1857"}],"curies":[{"name":"wp","href":"https:\/\/api.w.org\/{rel}","templated":true}]}}