{"id":1834,"date":"2023-02-24T08:56:40","date_gmt":"2023-02-24T07:56:40","guid":{"rendered":"https:\/\/zsp14gliwice.pl\/pm40\/?p=1834"},"modified":"2023-02-24T08:56:51","modified_gmt":"2023-02-24T07:56:51","slug":"jaselka","status":"publish","type":"post","link":"https:\/\/zsp14gliwice.pl\/pm40\/2023\/02\/24\/jaselka\/","title":{"rendered":"Jase\u0142ka"},"content":{"rendered":"\n<p>Dzi\u0119kujemy rodzicom naszych przedszkolak\u00f3w oraz naszym absolwentom za przygotowanie pi\u0119knego przedstawienia Jase\u0142kowego. Dzi\u0119kujemy za zaanga\u017cowanie, wsp\u00f3\u0142prac\u0119 oraz ch\u0119\u0107 tworzenia przedszkolnej spo\u0142eczno\u015bci. Dzi\u0119ki Wam poczuli\u015bmy magi\u0119 \u015awi\u0105t Bo\u017cego Narodzenia.<\/p>\n\n\n\n<figure class=\"wp-block-gallery has-nested-images columns-default is-cropped wp-block-gallery-1 is-layout-flex wp-block-gallery-is-layout-flex\">\n<figure class=\"wp-block-image size-large\"><a href=\"https:\/\/zsp14gliwice.pl\/pm40\/wp-content\/uploads\/2023\/02\/zsp14gliwice-pm40-jaselka-1.jpg\"><img loading=\"lazy\" decoding=\"async\" width=\"1200\" height=\"674\" data-id=\"1835\" src=\"https:\/\/zsp14gliwice.pl\/pm40\/wp-content\/uploads\/2023\/02\/zsp14gliwice-pm40-jaselka-1.jpg\" alt=\"\" class=\"wp-image-1835\" srcset=\"https:\/\/zsp14gliwice.pl\/pm40\/wp-content\/uploads\/2023\/02\/zsp14gliwice-pm40-jaselka-1.jpg 1200w, https:\/\/zsp14gliwice.pl\/pm40\/wp-content\/uploads\/2023\/02\/zsp14gliwice-pm40-jaselka-1-300x169.jpg 300w, https:\/\/zsp14gliwice.pl\/pm40\/wp-content\/uploads\/2023\/02\/zsp14gliwice-pm40-jaselka-1-1024x575.jpg 1024w, https:\/\/zsp14gliwice.pl\/pm40\/wp-content\/uploads\/2023\/02\/zsp14gliwice-pm40-jaselka-1-768x431.jpg 768w, https:\/\/zsp14gliwice.pl\/pm40\/wp-content\/uploads\/2023\/02\/zsp14gliwice-pm40-jaselka-1-100x56.jpg 100w, https:\/\/zsp14gliwice.pl\/pm40\/wp-content\/uploads\/2023\/02\/zsp14gliwice-pm40-jaselka-1-862x484.jpg 862w\" sizes=\"(max-width: 1200px) 100vw, 1200px\" \/><\/a><\/figure>\n\n\n\n<figure class=\"wp-block-image size-large\"><a href=\"https:\/\/zsp14gliwice.pl\/pm40\/wp-content\/uploads\/2023\/02\/zsp14gliwice-pm40-jaselka-3.jpg\"><img loading=\"lazy\" decoding=\"async\" width=\"1200\" height=\"900\" data-id=\"1837\" src=\"https:\/\/zsp14gliwice.pl\/pm40\/wp-content\/uploads\/2023\/02\/zsp14gliwice-pm40-jaselka-3.jpg\" alt=\"\" class=\"wp-image-1837\" srcset=\"https:\/\/zsp14gliwice.pl\/pm40\/wp-content\/uploads\/2023\/02\/zsp14gliwice-pm40-jaselka-3.jpg 1200w, https:\/\/zsp14gliwice.pl\/pm40\/wp-content\/uploads\/2023\/02\/zsp14gliwice-pm40-jaselka-3-300x225.jpg 300w, https:\/\/zsp14gliwice.pl\/pm40\/wp-content\/uploads\/2023\/02\/zsp14gliwice-pm40-jaselka-3-1024x768.jpg 1024w, https:\/\/zsp14gliwice.pl\/pm40\/wp-content\/uploads\/2023\/02\/zsp14gliwice-pm40-jaselka-3-768x576.jpg 768w, https:\/\/zsp14gliwice.pl\/pm40\/wp-content\/uploads\/2023\/02\/zsp14gliwice-pm40-jaselka-3-100x75.jpg 100w, https:\/\/zsp14gliwice.pl\/pm40\/wp-content\/uploads\/2023\/02\/zsp14gliwice-pm40-jaselka-3-862x647.jpg 862w\" sizes=\"(max-width: 1200px) 100vw, 1200px\" \/><\/a><\/figure>\n\n\n\n<figure class=\"wp-block-image size-large\"><a href=\"https:\/\/zsp14gliwice.pl\/pm40\/wp-content\/uploads\/2023\/02\/zsp14gliwice-pm40-jaselka-2.jpg\"><img loading=\"lazy\" decoding=\"async\" width=\"1200\" height=\"900\" data-id=\"1836\" src=\"https:\/\/zsp14gliwice.pl\/pm40\/wp-content\/uploads\/2023\/02\/zsp14gliwice-pm40-jaselka-2.jpg\" alt=\"\" class=\"wp-image-1836\" srcset=\"https:\/\/zsp14gliwice.pl\/pm40\/wp-content\/uploads\/2023\/02\/zsp14gliwice-pm40-jaselka-2.jpg 1200w, https:\/\/zsp14gliwice.pl\/pm40\/wp-content\/uploads\/2023\/02\/zsp14gliwice-pm40-jaselka-2-300x225.jpg 300w, https:\/\/zsp14gliwice.pl\/pm40\/wp-content\/uploads\/2023\/02\/zsp14gliwice-pm40-jaselka-2-1024x768.jpg 1024w, https:\/\/zsp14gliwice.pl\/pm40\/wp-content\/uploads\/2023\/02\/zsp14gliwice-pm40-jaselka-2-768x576.jpg 768w, https:\/\/zsp14gliwice.pl\/pm40\/wp-content\/uploads\/2023\/02\/zsp14gliwice-pm40-jaselka-2-100x75.jpg 100w, https:\/\/zsp14gliwice.pl\/pm40\/wp-content\/uploads\/2023\/02\/zsp14gliwice-pm40-jaselka-2-862x647.jpg 862w\" sizes=\"(max-width: 1200px) 100vw, 1200px\" \/><\/a><\/figure>\n<\/figure>\n","protected":false},"excerpt":{"rendered":"<p>Dzi\u0119kujemy rodzicom naszych przedszkolak\u00f3w oraz naszym absolwentom za przygotowanie pi\u0119knego przedstawienia Jase\u0142kowego. Dzi\u0119kujemy za zaanga\u017cowanie, wsp\u00f3\u0142prac\u0119 oraz ch\u0119\u0107 tworzenia przedszkolnej spo\u0142eczno\u015bci. Dzi\u0119ki Wam poczuli\u015bmy magi\u0119 \u015awi\u0105t Bo\u017cego Narodzenia.<\/p>\n","protected":false},"author":1,"featured_media":1835,"comment_status":"closed","ping_status":"open","sticky":false,"template":"","format":"standard","meta":{"footnotes":""},"categories":[7],"tags":[],"_links":{"self":[{"href":"https:\/\/zsp14gliwice.pl\/pm40\/wp-json\/wp\/v2\/posts\/1834"}],"collection":[{"href":"https:\/\/zsp14gliwice.pl\/pm40\/wp-json\/wp\/v2\/posts"}],"about":[{"href":"https:\/\/zsp14gliwice.pl\/pm40\/wp-json\/wp\/v2\/types\/post"}],"author":[{"embeddable":true,"href":"https:\/\/zsp14gliwice.pl\/pm40\/wp-json\/wp\/v2\/users\/1"}],"replies":[{"embeddable":true,"href":"https:\/\/zsp14gliwice.pl\/pm40\/wp-json\/wp\/v2\/comments?post=1834"}],"version-history":[{"count":2,"href":"https:\/\/zsp14gliwice.pl\/pm40\/wp-json\/wp\/v2\/posts\/1834\/revisions"}],"predecessor-version":[{"id":1839,"href":"https:\/\/zsp14gliwice.pl\/pm40\/wp-json\/wp\/v2\/posts\/1834\/revisions\/1839"}],"wp:featuredmedia":[{"embeddable":true,"href":"https:\/\/zsp14gliwice.pl\/pm40\/wp-json\/wp\/v2\/media\/1835"}],"wp:attachment":[{"href":"https:\/\/zsp14gliwice.pl\/pm40\/wp-json\/wp\/v2\/media?parent=1834"}],"wp:term":[{"taxonomy":"category","embeddable":true,"href":"https:\/\/zsp14gliwice.pl\/pm40\/wp-json\/wp\/v2\/categories?post=1834"},{"taxonomy":"post_tag","embeddable":true,"href":"https:\/\/zsp14gliwice.pl\/pm40\/wp-json\/wp\/v2\/tags?post=1834"}],"curies":[{"name":"wp","href":"https:\/\/api.w.org\/{rel}","templated":true}]}}