{"id":1827,"date":"2023-02-24T08:52:46","date_gmt":"2023-02-24T07:52:46","guid":{"rendered":"https:\/\/zsp14gliwice.pl\/pm40\/?p=1827"},"modified":"2023-02-24T08:53:22","modified_gmt":"2023-02-24T07:53:22","slug":"barborka","status":"publish","type":"post","link":"https:\/\/zsp14gliwice.pl\/pm40\/2023\/02\/24\/barborka\/","title":{"rendered":"Barb\u00f3rka"},"content":{"rendered":"\n<p>14 grudnia dzieci z grupy \u201cSarenki\u201d wyst\u0105pi\u0142y na naszej przedszkolnej scenie z okazji Dnia G\u00f3rnika. Nasze przedszkolaki pozna\u0142y w ten spos\u00f3b nie tylko trud pracy g\u00f3rnik\u00f3w pod ziemi\u0105, ale tak\u017ce dowiedzia\u0142y si\u0119, co s\u0142ynny Karlik robi\u0142 w Rybniku.<\/p>\n\n\n\n<figure class=\"wp-block-gallery has-nested-images columns-default is-cropped wp-block-gallery-1 is-layout-flex wp-block-gallery-is-layout-flex\">\n<figure class=\"wp-block-image size-large\"><a href=\"https:\/\/zsp14gliwice.pl\/pm40\/wp-content\/uploads\/2023\/02\/zsp14gliwice-pm40-barborka-1.jpg\"><img loading=\"lazy\" decoding=\"async\" width=\"2016\" height=\"908\" data-id=\"1828\" src=\"https:\/\/zsp14gliwice.pl\/pm40\/wp-content\/uploads\/2023\/02\/zsp14gliwice-pm40-barborka-1.jpg\" alt=\"\" class=\"wp-image-1828\" srcset=\"https:\/\/zsp14gliwice.pl\/pm40\/wp-content\/uploads\/2023\/02\/zsp14gliwice-pm40-barborka-1.jpg 2016w, https:\/\/zsp14gliwice.pl\/pm40\/wp-content\/uploads\/2023\/02\/zsp14gliwice-pm40-barborka-1-300x135.jpg 300w, https:\/\/zsp14gliwice.pl\/pm40\/wp-content\/uploads\/2023\/02\/zsp14gliwice-pm40-barborka-1-1024x461.jpg 1024w, https:\/\/zsp14gliwice.pl\/pm40\/wp-content\/uploads\/2023\/02\/zsp14gliwice-pm40-barborka-1-768x346.jpg 768w, https:\/\/zsp14gliwice.pl\/pm40\/wp-content\/uploads\/2023\/02\/zsp14gliwice-pm40-barborka-1-1536x692.jpg 1536w, https:\/\/zsp14gliwice.pl\/pm40\/wp-content\/uploads\/2023\/02\/zsp14gliwice-pm40-barborka-1-100x45.jpg 100w, https:\/\/zsp14gliwice.pl\/pm40\/wp-content\/uploads\/2023\/02\/zsp14gliwice-pm40-barborka-1-862x388.jpg 862w, https:\/\/zsp14gliwice.pl\/pm40\/wp-content\/uploads\/2023\/02\/zsp14gliwice-pm40-barborka-1-1200x540.jpg 1200w\" sizes=\"(max-width: 2016px) 100vw, 2016px\" \/><\/a><\/figure>\n\n\n\n<figure class=\"wp-block-image size-large\"><a href=\"https:\/\/zsp14gliwice.pl\/pm40\/wp-content\/uploads\/2023\/02\/zsp14gliwice-pm40-barborka-2.jpg\"><img loading=\"lazy\" decoding=\"async\" width=\"1179\" height=\"619\" data-id=\"1829\" src=\"https:\/\/zsp14gliwice.pl\/pm40\/wp-content\/uploads\/2023\/02\/zsp14gliwice-pm40-barborka-2.jpg\" alt=\"\" class=\"wp-image-1829\" srcset=\"https:\/\/zsp14gliwice.pl\/pm40\/wp-content\/uploads\/2023\/02\/zsp14gliwice-pm40-barborka-2.jpg 1179w, https:\/\/zsp14gliwice.pl\/pm40\/wp-content\/uploads\/2023\/02\/zsp14gliwice-pm40-barborka-2-300x158.jpg 300w, https:\/\/zsp14gliwice.pl\/pm40\/wp-content\/uploads\/2023\/02\/zsp14gliwice-pm40-barborka-2-1024x538.jpg 1024w, https:\/\/zsp14gliwice.pl\/pm40\/wp-content\/uploads\/2023\/02\/zsp14gliwice-pm40-barborka-2-768x403.jpg 768w, https:\/\/zsp14gliwice.pl\/pm40\/wp-content\/uploads\/2023\/02\/zsp14gliwice-pm40-barborka-2-100x53.jpg 100w, https:\/\/zsp14gliwice.pl\/pm40\/wp-content\/uploads\/2023\/02\/zsp14gliwice-pm40-barborka-2-862x453.jpg 862w\" sizes=\"(max-width: 1179px) 100vw, 1179px\" \/><\/a><\/figure>\n\n\n\n<figure class=\"wp-block-image size-large\"><a href=\"https:\/\/zsp14gliwice.pl\/pm40\/wp-content\/uploads\/2023\/02\/zsp14gliwice-pm40-barborka-3.jpg\"><img loading=\"lazy\" decoding=\"async\" width=\"2016\" height=\"908\" data-id=\"1830\" src=\"https:\/\/zsp14gliwice.pl\/pm40\/wp-content\/uploads\/2023\/02\/zsp14gliwice-pm40-barborka-3.jpg\" alt=\"\" class=\"wp-image-1830\" srcset=\"https:\/\/zsp14gliwice.pl\/pm40\/wp-content\/uploads\/2023\/02\/zsp14gliwice-pm40-barborka-3.jpg 2016w, https:\/\/zsp14gliwice.pl\/pm40\/wp-content\/uploads\/2023\/02\/zsp14gliwice-pm40-barborka-3-300x135.jpg 300w, https:\/\/zsp14gliwice.pl\/pm40\/wp-content\/uploads\/2023\/02\/zsp14gliwice-pm40-barborka-3-1024x461.jpg 1024w, https:\/\/zsp14gliwice.pl\/pm40\/wp-content\/uploads\/2023\/02\/zsp14gliwice-pm40-barborka-3-768x346.jpg 768w, https:\/\/zsp14gliwice.pl\/pm40\/wp-content\/uploads\/2023\/02\/zsp14gliwice-pm40-barborka-3-1536x692.jpg 1536w, https:\/\/zsp14gliwice.pl\/pm40\/wp-content\/uploads\/2023\/02\/zsp14gliwice-pm40-barborka-3-100x45.jpg 100w, https:\/\/zsp14gliwice.pl\/pm40\/wp-content\/uploads\/2023\/02\/zsp14gliwice-pm40-barborka-3-862x388.jpg 862w, https:\/\/zsp14gliwice.pl\/pm40\/wp-content\/uploads\/2023\/02\/zsp14gliwice-pm40-barborka-3-1200x540.jpg 1200w\" sizes=\"(max-width: 2016px) 100vw, 2016px\" \/><\/a><\/figure>\n\n\n\n<figure class=\"wp-block-image size-large\"><a href=\"https:\/\/zsp14gliwice.pl\/pm40\/wp-content\/uploads\/2023\/02\/zsp14gliwice-pm40-barborka-4.jpg\"><img loading=\"lazy\" decoding=\"async\" width=\"1631\" height=\"1169\" data-id=\"1831\" src=\"https:\/\/zsp14gliwice.pl\/pm40\/wp-content\/uploads\/2023\/02\/zsp14gliwice-pm40-barborka-4.jpg\" alt=\"\" class=\"wp-image-1831\" srcset=\"https:\/\/zsp14gliwice.pl\/pm40\/wp-content\/uploads\/2023\/02\/zsp14gliwice-pm40-barborka-4.jpg 1631w, https:\/\/zsp14gliwice.pl\/pm40\/wp-content\/uploads\/2023\/02\/zsp14gliwice-pm40-barborka-4-300x215.jpg 300w, https:\/\/zsp14gliwice.pl\/pm40\/wp-content\/uploads\/2023\/02\/zsp14gliwice-pm40-barborka-4-1024x734.jpg 1024w, https:\/\/zsp14gliwice.pl\/pm40\/wp-content\/uploads\/2023\/02\/zsp14gliwice-pm40-barborka-4-768x550.jpg 768w, https:\/\/zsp14gliwice.pl\/pm40\/wp-content\/uploads\/2023\/02\/zsp14gliwice-pm40-barborka-4-1536x1101.jpg 1536w, https:\/\/zsp14gliwice.pl\/pm40\/wp-content\/uploads\/2023\/02\/zsp14gliwice-pm40-barborka-4-100x72.jpg 100w, https:\/\/zsp14gliwice.pl\/pm40\/wp-content\/uploads\/2023\/02\/zsp14gliwice-pm40-barborka-4-862x618.jpg 862w, https:\/\/zsp14gliwice.pl\/pm40\/wp-content\/uploads\/2023\/02\/zsp14gliwice-pm40-barborka-4-1200x860.jpg 1200w\" sizes=\"(max-width: 1631px) 100vw, 1631px\" \/><\/a><\/figure>\n<\/figure>\n","protected":false},"excerpt":{"rendered":"<p>14 grudnia dzieci z grupy \u201cSarenki\u201d wyst\u0105pi\u0142y na naszej przedszkolnej scenie z okazji Dnia G\u00f3rnika. Nasze przedszkolaki pozna\u0142y w ten spos\u00f3b nie tylko trud pracy g\u00f3rnik\u00f3w pod ziemi\u0105, ale tak\u017ce dowiedzia\u0142y si\u0119, co s\u0142ynny Karlik robi\u0142 w Rybniku.<\/p>\n","protected":false},"author":1,"featured_media":1828,"comment_status":"closed","ping_status":"open","sticky":false,"template":"","format":"standard","meta":{"footnotes":""},"categories":[7],"tags":[],"_links":{"self":[{"href":"https:\/\/zsp14gliwice.pl\/pm40\/wp-json\/wp\/v2\/posts\/1827"}],"collection":[{"href":"https:\/\/zsp14gliwice.pl\/pm40\/wp-json\/wp\/v2\/posts"}],"about":[{"href":"https:\/\/zsp14gliwice.pl\/pm40\/wp-json\/wp\/v2\/types\/post"}],"author":[{"embeddable":true,"href":"https:\/\/zsp14gliwice.pl\/pm40\/wp-json\/wp\/v2\/users\/1"}],"replies":[{"embeddable":true,"href":"https:\/\/zsp14gliwice.pl\/pm40\/wp-json\/wp\/v2\/comments?post=1827"}],"version-history":[{"count":2,"href":"https:\/\/zsp14gliwice.pl\/pm40\/wp-json\/wp\/v2\/posts\/1827\/revisions"}],"predecessor-version":[{"id":1833,"href":"https:\/\/zsp14gliwice.pl\/pm40\/wp-json\/wp\/v2\/posts\/1827\/revisions\/1833"}],"wp:featuredmedia":[{"embeddable":true,"href":"https:\/\/zsp14gliwice.pl\/pm40\/wp-json\/wp\/v2\/media\/1828"}],"wp:attachment":[{"href":"https:\/\/zsp14gliwice.pl\/pm40\/wp-json\/wp\/v2\/media?parent=1827"}],"wp:term":[{"taxonomy":"category","embeddable":true,"href":"https:\/\/zsp14gliwice.pl\/pm40\/wp-json\/wp\/v2\/categories?post=1827"},{"taxonomy":"post_tag","embeddable":true,"href":"https:\/\/zsp14gliwice.pl\/pm40\/wp-json\/wp\/v2\/tags?post=1827"}],"curies":[{"name":"wp","href":"https:\/\/api.w.org\/{rel}","templated":true}]}}