{"id":1768,"date":"2022-12-14T11:38:50","date_gmt":"2022-12-14T10:38:50","guid":{"rendered":"https:\/\/zsp14gliwice.pl\/pm40\/?p=1768"},"modified":"2022-12-14T11:38:51","modified_gmt":"2022-12-14T10:38:51","slug":"wizyta-swietego-mikolaja","status":"publish","type":"post","link":"https:\/\/zsp14gliwice.pl\/pm40\/2022\/12\/14\/wizyta-swietego-mikolaja\/","title":{"rendered":"Wizyta \u015awi\u0119tego Miko\u0142aja"},"content":{"rendered":"\n<p>Wizyta \u015bwi\u0119tego Miko\u0142aja to jeden z najbardziej oczekiwanych dni w roku. Wszystkie przedszkolaki bardzo prze\u017cywa\u0142y te spotkanie. Sw\u0105 obecno\u015bci\u0105 Miko\u0142aj i Elf sprawili wiele rado\u015bci, obdarowuj\u0105c nasze przedszkolaki prezentami.<br>Dzi\u0119kujemy Miko\u0142aju i do zobaczenia za rok!<br>DZI\u0118KUJEMY Radzie Rodzic\u00f3w i Radzie Dzielnicy \u015ar\u00f3dmie\u015bcie w Gliwicach za pomoc w organizacji tego magicznego dnia.<\/p>\n\n\n\n<figure class=\"wp-block-gallery has-nested-images columns-default is-cropped wp-block-gallery-1 is-layout-flex wp-block-gallery-is-layout-flex\">\n<figure class=\"wp-block-image size-large\"><a href=\"https:\/\/zsp14gliwice.pl\/pm40\/wp-content\/uploads\/2022\/12\/zsp14gliwice-pm40-wizyta-swietego-mikolaja-2.jpg\"><img loading=\"lazy\" decoding=\"async\" width=\"920\" height=\"515\" data-id=\"1771\" src=\"https:\/\/zsp14gliwice.pl\/pm40\/wp-content\/uploads\/2022\/12\/zsp14gliwice-pm40-wizyta-swietego-mikolaja-2.jpg\" alt=\"\" class=\"wp-image-1771\" srcset=\"https:\/\/zsp14gliwice.pl\/pm40\/wp-content\/uploads\/2022\/12\/zsp14gliwice-pm40-wizyta-swietego-mikolaja-2.jpg 920w, https:\/\/zsp14gliwice.pl\/pm40\/wp-content\/uploads\/2022\/12\/zsp14gliwice-pm40-wizyta-swietego-mikolaja-2-300x168.jpg 300w, https:\/\/zsp14gliwice.pl\/pm40\/wp-content\/uploads\/2022\/12\/zsp14gliwice-pm40-wizyta-swietego-mikolaja-2-768x430.jpg 768w, https:\/\/zsp14gliwice.pl\/pm40\/wp-content\/uploads\/2022\/12\/zsp14gliwice-pm40-wizyta-swietego-mikolaja-2-100x56.jpg 100w, https:\/\/zsp14gliwice.pl\/pm40\/wp-content\/uploads\/2022\/12\/zsp14gliwice-pm40-wizyta-swietego-mikolaja-2-862x482.jpg 862w\" sizes=\"(max-width: 920px) 100vw, 920px\" \/><\/a><\/figure>\n\n\n\n<figure class=\"wp-block-image size-large\"><a href=\"https:\/\/zsp14gliwice.pl\/pm40\/wp-content\/uploads\/2022\/12\/zsp14gliwice-pm40-wizyta-swietego-mikolaja-3.jpg\"><img loading=\"lazy\" decoding=\"async\" width=\"920\" height=\"420\" data-id=\"1770\" src=\"https:\/\/zsp14gliwice.pl\/pm40\/wp-content\/uploads\/2022\/12\/zsp14gliwice-pm40-wizyta-swietego-mikolaja-3.jpg\" alt=\"\" class=\"wp-image-1770\" srcset=\"https:\/\/zsp14gliwice.pl\/pm40\/wp-content\/uploads\/2022\/12\/zsp14gliwice-pm40-wizyta-swietego-mikolaja-3.jpg 920w, https:\/\/zsp14gliwice.pl\/pm40\/wp-content\/uploads\/2022\/12\/zsp14gliwice-pm40-wizyta-swietego-mikolaja-3-300x137.jpg 300w, https:\/\/zsp14gliwice.pl\/pm40\/wp-content\/uploads\/2022\/12\/zsp14gliwice-pm40-wizyta-swietego-mikolaja-3-768x351.jpg 768w, https:\/\/zsp14gliwice.pl\/pm40\/wp-content\/uploads\/2022\/12\/zsp14gliwice-pm40-wizyta-swietego-mikolaja-3-100x46.jpg 100w, https:\/\/zsp14gliwice.pl\/pm40\/wp-content\/uploads\/2022\/12\/zsp14gliwice-pm40-wizyta-swietego-mikolaja-3-862x394.jpg 862w\" sizes=\"(max-width: 920px) 100vw, 920px\" \/><\/a><\/figure>\n\n\n\n<figure class=\"wp-block-image size-large\"><a href=\"https:\/\/zsp14gliwice.pl\/pm40\/wp-content\/uploads\/2022\/12\/zsp14gliwice-pm40-wizyta-swietego-mikolaja-4.jpg\"><img loading=\"lazy\" decoding=\"async\" width=\"920\" height=\"514\" data-id=\"1772\" src=\"https:\/\/zsp14gliwice.pl\/pm40\/wp-content\/uploads\/2022\/12\/zsp14gliwice-pm40-wizyta-swietego-mikolaja-4.jpg\" alt=\"\" class=\"wp-image-1772\" srcset=\"https:\/\/zsp14gliwice.pl\/pm40\/wp-content\/uploads\/2022\/12\/zsp14gliwice-pm40-wizyta-swietego-mikolaja-4.jpg 920w, https:\/\/zsp14gliwice.pl\/pm40\/wp-content\/uploads\/2022\/12\/zsp14gliwice-pm40-wizyta-swietego-mikolaja-4-300x168.jpg 300w, https:\/\/zsp14gliwice.pl\/pm40\/wp-content\/uploads\/2022\/12\/zsp14gliwice-pm40-wizyta-swietego-mikolaja-4-768x429.jpg 768w, https:\/\/zsp14gliwice.pl\/pm40\/wp-content\/uploads\/2022\/12\/zsp14gliwice-pm40-wizyta-swietego-mikolaja-4-100x56.jpg 100w, https:\/\/zsp14gliwice.pl\/pm40\/wp-content\/uploads\/2022\/12\/zsp14gliwice-pm40-wizyta-swietego-mikolaja-4-862x482.jpg 862w\" sizes=\"(max-width: 920px) 100vw, 920px\" \/><\/a><\/figure>\n<\/figure>\n","protected":false},"excerpt":{"rendered":"<p>Wizyta \u015bwi\u0119tego Miko\u0142aja to jeden z najbardziej oczekiwanych dni w roku. Wszystkie przedszkolaki bardzo prze\u017cywa\u0142y te spotkanie. Sw\u0105 obecno\u015bci\u0105 Miko\u0142aj i Elf sprawili wiele rado\u015bci, obdarowuj\u0105c nasze przedszkolaki prezentami.Dzi\u0119kujemy Miko\u0142aju i do zobaczenia za rok!DZI\u0118KUJEMY Radzie Rodzic\u00f3w i Radzie Dzielnicy \u015ar\u00f3dmie\u015bcie w Gliwicach za pomoc w organizacji tego magicznego dnia.<\/p>\n","protected":false},"author":1,"featured_media":1769,"comment_status":"closed","ping_status":"open","sticky":false,"template":"","format":"standard","meta":{"footnotes":""},"categories":[7],"tags":[],"_links":{"self":[{"href":"https:\/\/zsp14gliwice.pl\/pm40\/wp-json\/wp\/v2\/posts\/1768"}],"collection":[{"href":"https:\/\/zsp14gliwice.pl\/pm40\/wp-json\/wp\/v2\/posts"}],"about":[{"href":"https:\/\/zsp14gliwice.pl\/pm40\/wp-json\/wp\/v2\/types\/post"}],"author":[{"embeddable":true,"href":"https:\/\/zsp14gliwice.pl\/pm40\/wp-json\/wp\/v2\/users\/1"}],"replies":[{"embeddable":true,"href":"https:\/\/zsp14gliwice.pl\/pm40\/wp-json\/wp\/v2\/comments?post=1768"}],"version-history":[{"count":1,"href":"https:\/\/zsp14gliwice.pl\/pm40\/wp-json\/wp\/v2\/posts\/1768\/revisions"}],"predecessor-version":[{"id":1773,"href":"https:\/\/zsp14gliwice.pl\/pm40\/wp-json\/wp\/v2\/posts\/1768\/revisions\/1773"}],"wp:featuredmedia":[{"embeddable":true,"href":"https:\/\/zsp14gliwice.pl\/pm40\/wp-json\/wp\/v2\/media\/1769"}],"wp:attachment":[{"href":"https:\/\/zsp14gliwice.pl\/pm40\/wp-json\/wp\/v2\/media?parent=1768"}],"wp:term":[{"taxonomy":"category","embeddable":true,"href":"https:\/\/zsp14gliwice.pl\/pm40\/wp-json\/wp\/v2\/categories?post=1768"},{"taxonomy":"post_tag","embeddable":true,"href":"https:\/\/zsp14gliwice.pl\/pm40\/wp-json\/wp\/v2\/tags?post=1768"}],"curies":[{"name":"wp","href":"https:\/\/api.w.org\/{rel}","templated":true}]}}