{"id":1760,"date":"2022-12-14T11:34:45","date_gmt":"2022-12-14T10:34:45","guid":{"rendered":"https:\/\/zsp14gliwice.pl\/pm40\/?p=1760"},"modified":"2022-12-14T11:35:06","modified_gmt":"2022-12-14T10:35:06","slug":"dzien-slaski-w-sp28-w-gliwicach","status":"publish","type":"post","link":"https:\/\/zsp14gliwice.pl\/pm40\/2022\/12\/14\/dzien-slaski-w-sp28-w-gliwicach\/","title":{"rendered":"Dzie\u0144 \u015al\u0105ski w SP28 w Gliwicach"},"content":{"rendered":"\n<p>W pi\u0105tek dzieci z grupy Sarenki i grupy Foczki uczestniczy\u0142y w Dniu \u015al\u0105skim w ZSP nr 14 &#8211;<br>Szko\u0142a Podstawowa nr 28 w Gliwicach. Dowiedzieli\u015bmy si\u0119 wielu ciekawych rzeczy o \u015bl\u0105skich<br>tradycjach, zobaczyli\u015bmy interesuj\u0105ce przedstawienie po \u015bl\u0105sku, a Sarenki za\u015bpiewa\u0142y piosenk\u0119<br>&#8222;Karliku&#8221;.<\/p>\n\n\n\n<figure class=\"wp-block-gallery has-nested-images columns-default is-cropped wp-block-gallery-1 is-layout-flex wp-block-gallery-is-layout-flex\">\n<figure class=\"wp-block-image size-large\"><a href=\"https:\/\/zsp14gliwice.pl\/pm40\/wp-content\/uploads\/2022\/12\/zsp14gliwice-pm40-dzien-slaski-w-sp28-w-gliwicach-2.jpg\"><img loading=\"lazy\" decoding=\"async\" width=\"920\" height=\"570\" data-id=\"1763\" src=\"https:\/\/zsp14gliwice.pl\/pm40\/wp-content\/uploads\/2022\/12\/zsp14gliwice-pm40-dzien-slaski-w-sp28-w-gliwicach-2.jpg\" alt=\"\" class=\"wp-image-1763\" srcset=\"https:\/\/zsp14gliwice.pl\/pm40\/wp-content\/uploads\/2022\/12\/zsp14gliwice-pm40-dzien-slaski-w-sp28-w-gliwicach-2.jpg 920w, https:\/\/zsp14gliwice.pl\/pm40\/wp-content\/uploads\/2022\/12\/zsp14gliwice-pm40-dzien-slaski-w-sp28-w-gliwicach-2-300x186.jpg 300w, https:\/\/zsp14gliwice.pl\/pm40\/wp-content\/uploads\/2022\/12\/zsp14gliwice-pm40-dzien-slaski-w-sp28-w-gliwicach-2-768x476.jpg 768w, https:\/\/zsp14gliwice.pl\/pm40\/wp-content\/uploads\/2022\/12\/zsp14gliwice-pm40-dzien-slaski-w-sp28-w-gliwicach-2-100x62.jpg 100w, https:\/\/zsp14gliwice.pl\/pm40\/wp-content\/uploads\/2022\/12\/zsp14gliwice-pm40-dzien-slaski-w-sp28-w-gliwicach-2-862x534.jpg 862w\" sizes=\"(max-width: 920px) 100vw, 920px\" \/><\/a><\/figure>\n\n\n\n<figure class=\"wp-block-image size-large\"><a href=\"https:\/\/zsp14gliwice.pl\/pm40\/wp-content\/uploads\/2022\/12\/zsp14gliwice-pm40-dzien-slaski-w-sp28-w-gliwicach-3.jpg\"><img loading=\"lazy\" decoding=\"async\" width=\"920\" height=\"689\" data-id=\"1764\" src=\"https:\/\/zsp14gliwice.pl\/pm40\/wp-content\/uploads\/2022\/12\/zsp14gliwice-pm40-dzien-slaski-w-sp28-w-gliwicach-3.jpg\" alt=\"\" class=\"wp-image-1764\" srcset=\"https:\/\/zsp14gliwice.pl\/pm40\/wp-content\/uploads\/2022\/12\/zsp14gliwice-pm40-dzien-slaski-w-sp28-w-gliwicach-3.jpg 920w, https:\/\/zsp14gliwice.pl\/pm40\/wp-content\/uploads\/2022\/12\/zsp14gliwice-pm40-dzien-slaski-w-sp28-w-gliwicach-3-300x225.jpg 300w, https:\/\/zsp14gliwice.pl\/pm40\/wp-content\/uploads\/2022\/12\/zsp14gliwice-pm40-dzien-slaski-w-sp28-w-gliwicach-3-768x575.jpg 768w, https:\/\/zsp14gliwice.pl\/pm40\/wp-content\/uploads\/2022\/12\/zsp14gliwice-pm40-dzien-slaski-w-sp28-w-gliwicach-3-100x75.jpg 100w, https:\/\/zsp14gliwice.pl\/pm40\/wp-content\/uploads\/2022\/12\/zsp14gliwice-pm40-dzien-slaski-w-sp28-w-gliwicach-3-862x646.jpg 862w\" sizes=\"(max-width: 920px) 100vw, 920px\" \/><\/a><\/figure>\n\n\n\n<figure class=\"wp-block-image size-large\"><a href=\"https:\/\/zsp14gliwice.pl\/pm40\/wp-content\/uploads\/2022\/12\/zsp14gliwice-pm40-dzien-slaski-w-sp28-w-gliwicach-4.jpg\"><img loading=\"lazy\" decoding=\"async\" width=\"602\" height=\"1024\" data-id=\"1765\" src=\"https:\/\/zsp14gliwice.pl\/pm40\/wp-content\/uploads\/2022\/12\/zsp14gliwice-pm40-dzien-slaski-w-sp28-w-gliwicach-4-602x1024.jpg\" alt=\"\" class=\"wp-image-1765\" srcset=\"https:\/\/zsp14gliwice.pl\/pm40\/wp-content\/uploads\/2022\/12\/zsp14gliwice-pm40-dzien-slaski-w-sp28-w-gliwicach-4-602x1024.jpg 602w, https:\/\/zsp14gliwice.pl\/pm40\/wp-content\/uploads\/2022\/12\/zsp14gliwice-pm40-dzien-slaski-w-sp28-w-gliwicach-4-176x300.jpg 176w, https:\/\/zsp14gliwice.pl\/pm40\/wp-content\/uploads\/2022\/12\/zsp14gliwice-pm40-dzien-slaski-w-sp28-w-gliwicach-4-768x1307.jpg 768w, https:\/\/zsp14gliwice.pl\/pm40\/wp-content\/uploads\/2022\/12\/zsp14gliwice-pm40-dzien-slaski-w-sp28-w-gliwicach-4-902x1536.jpg 902w, https:\/\/zsp14gliwice.pl\/pm40\/wp-content\/uploads\/2022\/12\/zsp14gliwice-pm40-dzien-slaski-w-sp28-w-gliwicach-4-100x170.jpg 100w, https:\/\/zsp14gliwice.pl\/pm40\/wp-content\/uploads\/2022\/12\/zsp14gliwice-pm40-dzien-slaski-w-sp28-w-gliwicach-4-862x1467.jpg 862w, https:\/\/zsp14gliwice.pl\/pm40\/wp-content\/uploads\/2022\/12\/zsp14gliwice-pm40-dzien-slaski-w-sp28-w-gliwicach-4.jpg 920w\" sizes=\"(max-width: 602px) 100vw, 602px\" \/><\/a><\/figure>\n\n\n\n<figure class=\"wp-block-image size-large\"><a href=\"https:\/\/zsp14gliwice.pl\/pm40\/wp-content\/uploads\/2022\/12\/zsp14gliwice-pm40-dzien-slaski-w-sp28-w-gliwicach-5.jpg\"><img loading=\"lazy\" decoding=\"async\" width=\"920\" height=\"415\" data-id=\"1762\" src=\"https:\/\/zsp14gliwice.pl\/pm40\/wp-content\/uploads\/2022\/12\/zsp14gliwice-pm40-dzien-slaski-w-sp28-w-gliwicach-5.jpg\" alt=\"\" class=\"wp-image-1762\" srcset=\"https:\/\/zsp14gliwice.pl\/pm40\/wp-content\/uploads\/2022\/12\/zsp14gliwice-pm40-dzien-slaski-w-sp28-w-gliwicach-5.jpg 920w, https:\/\/zsp14gliwice.pl\/pm40\/wp-content\/uploads\/2022\/12\/zsp14gliwice-pm40-dzien-slaski-w-sp28-w-gliwicach-5-300x135.jpg 300w, https:\/\/zsp14gliwice.pl\/pm40\/wp-content\/uploads\/2022\/12\/zsp14gliwice-pm40-dzien-slaski-w-sp28-w-gliwicach-5-768x346.jpg 768w, https:\/\/zsp14gliwice.pl\/pm40\/wp-content\/uploads\/2022\/12\/zsp14gliwice-pm40-dzien-slaski-w-sp28-w-gliwicach-5-100x45.jpg 100w, https:\/\/zsp14gliwice.pl\/pm40\/wp-content\/uploads\/2022\/12\/zsp14gliwice-pm40-dzien-slaski-w-sp28-w-gliwicach-5-862x389.jpg 862w\" sizes=\"(max-width: 920px) 100vw, 920px\" \/><\/a><\/figure>\n<\/figure>\n","protected":false},"excerpt":{"rendered":"<p>W pi\u0105tek dzieci z grupy Sarenki i grupy Foczki uczestniczy\u0142y w Dniu \u015al\u0105skim w ZSP nr 14 &#8211;Szko\u0142a Podstawowa nr 28 w Gliwicach. Dowiedzieli\u015bmy si\u0119 wielu ciekawych rzeczy o \u015bl\u0105skichtradycjach, zobaczyli\u015bmy interesuj\u0105ce przedstawienie po \u015bl\u0105sku, a Sarenki za\u015bpiewa\u0142y piosenk\u0119&#8222;Karliku&#8221;.<\/p>\n","protected":false},"author":1,"featured_media":1761,"comment_status":"closed","ping_status":"open","sticky":false,"template":"","format":"standard","meta":{"footnotes":""},"categories":[7],"tags":[],"_links":{"self":[{"href":"https:\/\/zsp14gliwice.pl\/pm40\/wp-json\/wp\/v2\/posts\/1760"}],"collection":[{"href":"https:\/\/zsp14gliwice.pl\/pm40\/wp-json\/wp\/v2\/posts"}],"about":[{"href":"https:\/\/zsp14gliwice.pl\/pm40\/wp-json\/wp\/v2\/types\/post"}],"author":[{"embeddable":true,"href":"https:\/\/zsp14gliwice.pl\/pm40\/wp-json\/wp\/v2\/users\/1"}],"replies":[{"embeddable":true,"href":"https:\/\/zsp14gliwice.pl\/pm40\/wp-json\/wp\/v2\/comments?post=1760"}],"version-history":[{"count":2,"href":"https:\/\/zsp14gliwice.pl\/pm40\/wp-json\/wp\/v2\/posts\/1760\/revisions"}],"predecessor-version":[{"id":1767,"href":"https:\/\/zsp14gliwice.pl\/pm40\/wp-json\/wp\/v2\/posts\/1760\/revisions\/1767"}],"wp:featuredmedia":[{"embeddable":true,"href":"https:\/\/zsp14gliwice.pl\/pm40\/wp-json\/wp\/v2\/media\/1761"}],"wp:attachment":[{"href":"https:\/\/zsp14gliwice.pl\/pm40\/wp-json\/wp\/v2\/media?parent=1760"}],"wp:term":[{"taxonomy":"category","embeddable":true,"href":"https:\/\/zsp14gliwice.pl\/pm40\/wp-json\/wp\/v2\/categories?post=1760"},{"taxonomy":"post_tag","embeddable":true,"href":"https:\/\/zsp14gliwice.pl\/pm40\/wp-json\/wp\/v2\/tags?post=1760"}],"curies":[{"name":"wp","href":"https:\/\/api.w.org\/{rel}","templated":true}]}}