{"id":1739,"date":"2022-12-14T11:13:03","date_gmt":"2022-12-14T10:13:03","guid":{"rendered":"https:\/\/zsp14gliwice.pl\/pm40\/?p=1739"},"modified":"2022-12-14T11:13:04","modified_gmt":"2022-12-14T10:13:04","slug":"narodowe-swieto-niepodleglosci","status":"publish","type":"post","link":"https:\/\/zsp14gliwice.pl\/pm40\/2022\/12\/14\/narodowe-swieto-niepodleglosci\/","title":{"rendered":"Narodowe \u015awi\u0119to Niepodleg\u0142o\u015bci"},"content":{"rendered":"\n<p>Z okazji Narodowego \u015awi\u0119ta Niepodleg\u0142o\u015bci dzieci z grupy Pszcz\u00f3\u0142ek, wraz z Paniami,<br>przygotowa\u0142y pi\u0119kny, patriotyczny wyst\u0119p.<\/p>\n\n\n\n<figure class=\"wp-block-gallery has-nested-images columns-default is-cropped wp-block-gallery-1 is-layout-flex wp-block-gallery-is-layout-flex\">\n<figure class=\"wp-block-image size-large\"><img loading=\"lazy\" decoding=\"async\" width=\"920\" height=\"691\" data-id=\"1742\" src=\"https:\/\/zsp14gliwice.pl\/pm40\/wp-content\/uploads\/2022\/12\/zsp14gliwice-pm40-narodowe-swieto-niepodleglosci-2.jpg\" alt=\"\" class=\"wp-image-1742\" srcset=\"https:\/\/zsp14gliwice.pl\/pm40\/wp-content\/uploads\/2022\/12\/zsp14gliwice-pm40-narodowe-swieto-niepodleglosci-2.jpg 920w, https:\/\/zsp14gliwice.pl\/pm40\/wp-content\/uploads\/2022\/12\/zsp14gliwice-pm40-narodowe-swieto-niepodleglosci-2-300x225.jpg 300w, https:\/\/zsp14gliwice.pl\/pm40\/wp-content\/uploads\/2022\/12\/zsp14gliwice-pm40-narodowe-swieto-niepodleglosci-2-768x577.jpg 768w, https:\/\/zsp14gliwice.pl\/pm40\/wp-content\/uploads\/2022\/12\/zsp14gliwice-pm40-narodowe-swieto-niepodleglosci-2-100x75.jpg 100w, https:\/\/zsp14gliwice.pl\/pm40\/wp-content\/uploads\/2022\/12\/zsp14gliwice-pm40-narodowe-swieto-niepodleglosci-2-862x647.jpg 862w\" sizes=\"(max-width: 920px) 100vw, 920px\" \/><\/figure>\n\n\n\n<figure class=\"wp-block-image size-large\"><img loading=\"lazy\" decoding=\"async\" width=\"920\" height=\"691\" data-id=\"1741\" src=\"https:\/\/zsp14gliwice.pl\/pm40\/wp-content\/uploads\/2022\/12\/zsp14gliwice-pm40-narodowe-swieto-niepodleglosci-3.jpg\" alt=\"\" class=\"wp-image-1741\" srcset=\"https:\/\/zsp14gliwice.pl\/pm40\/wp-content\/uploads\/2022\/12\/zsp14gliwice-pm40-narodowe-swieto-niepodleglosci-3.jpg 920w, https:\/\/zsp14gliwice.pl\/pm40\/wp-content\/uploads\/2022\/12\/zsp14gliwice-pm40-narodowe-swieto-niepodleglosci-3-300x225.jpg 300w, https:\/\/zsp14gliwice.pl\/pm40\/wp-content\/uploads\/2022\/12\/zsp14gliwice-pm40-narodowe-swieto-niepodleglosci-3-768x577.jpg 768w, https:\/\/zsp14gliwice.pl\/pm40\/wp-content\/uploads\/2022\/12\/zsp14gliwice-pm40-narodowe-swieto-niepodleglosci-3-100x75.jpg 100w, https:\/\/zsp14gliwice.pl\/pm40\/wp-content\/uploads\/2022\/12\/zsp14gliwice-pm40-narodowe-swieto-niepodleglosci-3-862x647.jpg 862w\" sizes=\"(max-width: 920px) 100vw, 920px\" \/><\/figure>\n<\/figure>\n","protected":false},"excerpt":{"rendered":"<p>Z okazji Narodowego \u015awi\u0119ta Niepodleg\u0142o\u015bci dzieci z grupy Pszcz\u00f3\u0142ek, wraz z Paniami,przygotowa\u0142y pi\u0119kny, patriotyczny wyst\u0119p.<\/p>\n","protected":false},"author":1,"featured_media":1740,"comment_status":"closed","ping_status":"open","sticky":false,"template":"","format":"standard","meta":{"footnotes":""},"categories":[7],"tags":[],"_links":{"self":[{"href":"https:\/\/zsp14gliwice.pl\/pm40\/wp-json\/wp\/v2\/posts\/1739"}],"collection":[{"href":"https:\/\/zsp14gliwice.pl\/pm40\/wp-json\/wp\/v2\/posts"}],"about":[{"href":"https:\/\/zsp14gliwice.pl\/pm40\/wp-json\/wp\/v2\/types\/post"}],"author":[{"embeddable":true,"href":"https:\/\/zsp14gliwice.pl\/pm40\/wp-json\/wp\/v2\/users\/1"}],"replies":[{"embeddable":true,"href":"https:\/\/zsp14gliwice.pl\/pm40\/wp-json\/wp\/v2\/comments?post=1739"}],"version-history":[{"count":1,"href":"https:\/\/zsp14gliwice.pl\/pm40\/wp-json\/wp\/v2\/posts\/1739\/revisions"}],"predecessor-version":[{"id":1743,"href":"https:\/\/zsp14gliwice.pl\/pm40\/wp-json\/wp\/v2\/posts\/1739\/revisions\/1743"}],"wp:featuredmedia":[{"embeddable":true,"href":"https:\/\/zsp14gliwice.pl\/pm40\/wp-json\/wp\/v2\/media\/1740"}],"wp:attachment":[{"href":"https:\/\/zsp14gliwice.pl\/pm40\/wp-json\/wp\/v2\/media?parent=1739"}],"wp:term":[{"taxonomy":"category","embeddable":true,"href":"https:\/\/zsp14gliwice.pl\/pm40\/wp-json\/wp\/v2\/categories?post=1739"},{"taxonomy":"post_tag","embeddable":true,"href":"https:\/\/zsp14gliwice.pl\/pm40\/wp-json\/wp\/v2\/tags?post=1739"}],"curies":[{"name":"wp","href":"https:\/\/api.w.org\/{rel}","templated":true}]}}