{"id":1719,"date":"2022-12-14T10:48:41","date_gmt":"2022-12-14T09:48:41","guid":{"rendered":"https:\/\/zsp14gliwice.pl\/pm40\/?p=1719"},"modified":"2022-12-14T10:48:57","modified_gmt":"2022-12-14T09:48:57","slug":"dzien-postaci-z-bajek","status":"publish","type":"post","link":"https:\/\/zsp14gliwice.pl\/pm40\/2022\/12\/14\/dzien-postaci-z-bajek\/","title":{"rendered":"Dzie\u0144 postaci z bajek"},"content":{"rendered":"\n<p>Za nami wspania\u0142y Dzie\u0144 Postaci Bajkowych. Ale\u017c mieli\u015bmy dzi\u015b kolorowo i weso\u0142o &#8211; by\u0142y ta\u0144ce,<br>zabawy i prezentacje grupowe.<\/p>\n\n\n\n<figure class=\"wp-block-gallery has-nested-images columns-default is-cropped wp-block-gallery-1 is-layout-flex wp-block-gallery-is-layout-flex\">\n<figure class=\"wp-block-image size-large\"><a href=\"https:\/\/zsp14gliwice.pl\/pm40\/wp-content\/uploads\/2022\/12\/zsp14gliwice-pm40-dzien-postaci-z-bajek-2.jpg\"><img loading=\"lazy\" decoding=\"async\" width=\"920\" height=\"691\" data-id=\"1721\" src=\"https:\/\/zsp14gliwice.pl\/pm40\/wp-content\/uploads\/2022\/12\/zsp14gliwice-pm40-dzien-postaci-z-bajek-2.jpg\" alt=\"\" class=\"wp-image-1721\" srcset=\"https:\/\/zsp14gliwice.pl\/pm40\/wp-content\/uploads\/2022\/12\/zsp14gliwice-pm40-dzien-postaci-z-bajek-2.jpg 920w, https:\/\/zsp14gliwice.pl\/pm40\/wp-content\/uploads\/2022\/12\/zsp14gliwice-pm40-dzien-postaci-z-bajek-2-300x225.jpg 300w, https:\/\/zsp14gliwice.pl\/pm40\/wp-content\/uploads\/2022\/12\/zsp14gliwice-pm40-dzien-postaci-z-bajek-2-768x577.jpg 768w, https:\/\/zsp14gliwice.pl\/pm40\/wp-content\/uploads\/2022\/12\/zsp14gliwice-pm40-dzien-postaci-z-bajek-2-100x75.jpg 100w, https:\/\/zsp14gliwice.pl\/pm40\/wp-content\/uploads\/2022\/12\/zsp14gliwice-pm40-dzien-postaci-z-bajek-2-862x647.jpg 862w\" sizes=\"(max-width: 920px) 100vw, 920px\" \/><\/a><\/figure>\n\n\n\n<figure class=\"wp-block-image size-large\"><a href=\"https:\/\/zsp14gliwice.pl\/pm40\/wp-content\/uploads\/2022\/12\/zsp14gliwice-pm40-dzien-postaci-z-bajek-3.jpg\"><img loading=\"lazy\" decoding=\"async\" width=\"920\" height=\"689\" data-id=\"1722\" src=\"https:\/\/zsp14gliwice.pl\/pm40\/wp-content\/uploads\/2022\/12\/zsp14gliwice-pm40-dzien-postaci-z-bajek-3.jpg\" alt=\"\" class=\"wp-image-1722\" srcset=\"https:\/\/zsp14gliwice.pl\/pm40\/wp-content\/uploads\/2022\/12\/zsp14gliwice-pm40-dzien-postaci-z-bajek-3.jpg 920w, https:\/\/zsp14gliwice.pl\/pm40\/wp-content\/uploads\/2022\/12\/zsp14gliwice-pm40-dzien-postaci-z-bajek-3-300x225.jpg 300w, https:\/\/zsp14gliwice.pl\/pm40\/wp-content\/uploads\/2022\/12\/zsp14gliwice-pm40-dzien-postaci-z-bajek-3-768x575.jpg 768w, https:\/\/zsp14gliwice.pl\/pm40\/wp-content\/uploads\/2022\/12\/zsp14gliwice-pm40-dzien-postaci-z-bajek-3-100x75.jpg 100w, https:\/\/zsp14gliwice.pl\/pm40\/wp-content\/uploads\/2022\/12\/zsp14gliwice-pm40-dzien-postaci-z-bajek-3-862x646.jpg 862w\" sizes=\"(max-width: 920px) 100vw, 920px\" \/><\/a><\/figure>\n\n\n\n<figure class=\"wp-block-image size-large\"><a href=\"https:\/\/zsp14gliwice.pl\/pm40\/wp-content\/uploads\/2022\/12\/zsp14gliwice-pm40-dzien-postaci-z-bajek-4.jpg\"><img loading=\"lazy\" decoding=\"async\" width=\"920\" height=\"696\" data-id=\"1724\" src=\"https:\/\/zsp14gliwice.pl\/pm40\/wp-content\/uploads\/2022\/12\/zsp14gliwice-pm40-dzien-postaci-z-bajek-4.jpg\" alt=\"\" class=\"wp-image-1724\" srcset=\"https:\/\/zsp14gliwice.pl\/pm40\/wp-content\/uploads\/2022\/12\/zsp14gliwice-pm40-dzien-postaci-z-bajek-4.jpg 920w, https:\/\/zsp14gliwice.pl\/pm40\/wp-content\/uploads\/2022\/12\/zsp14gliwice-pm40-dzien-postaci-z-bajek-4-300x227.jpg 300w, https:\/\/zsp14gliwice.pl\/pm40\/wp-content\/uploads\/2022\/12\/zsp14gliwice-pm40-dzien-postaci-z-bajek-4-768x581.jpg 768w, https:\/\/zsp14gliwice.pl\/pm40\/wp-content\/uploads\/2022\/12\/zsp14gliwice-pm40-dzien-postaci-z-bajek-4-100x76.jpg 100w, https:\/\/zsp14gliwice.pl\/pm40\/wp-content\/uploads\/2022\/12\/zsp14gliwice-pm40-dzien-postaci-z-bajek-4-862x652.jpg 862w\" sizes=\"(max-width: 920px) 100vw, 920px\" \/><\/a><\/figure>\n\n\n\n<figure class=\"wp-block-image size-large\"><a href=\"https:\/\/zsp14gliwice.pl\/pm40\/wp-content\/uploads\/2022\/12\/zsp14gliwice-pm40-dzien-postaci-z-bajek-5.jpg\"><img loading=\"lazy\" decoding=\"async\" width=\"920\" height=\"689\" data-id=\"1723\" src=\"https:\/\/zsp14gliwice.pl\/pm40\/wp-content\/uploads\/2022\/12\/zsp14gliwice-pm40-dzien-postaci-z-bajek-5.jpg\" alt=\"\" class=\"wp-image-1723\" srcset=\"https:\/\/zsp14gliwice.pl\/pm40\/wp-content\/uploads\/2022\/12\/zsp14gliwice-pm40-dzien-postaci-z-bajek-5.jpg 920w, https:\/\/zsp14gliwice.pl\/pm40\/wp-content\/uploads\/2022\/12\/zsp14gliwice-pm40-dzien-postaci-z-bajek-5-300x225.jpg 300w, https:\/\/zsp14gliwice.pl\/pm40\/wp-content\/uploads\/2022\/12\/zsp14gliwice-pm40-dzien-postaci-z-bajek-5-768x575.jpg 768w, https:\/\/zsp14gliwice.pl\/pm40\/wp-content\/uploads\/2022\/12\/zsp14gliwice-pm40-dzien-postaci-z-bajek-5-100x75.jpg 100w, https:\/\/zsp14gliwice.pl\/pm40\/wp-content\/uploads\/2022\/12\/zsp14gliwice-pm40-dzien-postaci-z-bajek-5-862x646.jpg 862w\" sizes=\"(max-width: 920px) 100vw, 920px\" \/><\/a><\/figure>\n<\/figure>\n","protected":false},"excerpt":{"rendered":"<p>Za nami wspania\u0142y Dzie\u0144 Postaci Bajkowych. Ale\u017c mieli\u015bmy dzi\u015b kolorowo i weso\u0142o &#8211; by\u0142y ta\u0144ce,zabawy i prezentacje grupowe.<\/p>\n","protected":false},"author":1,"featured_media":1720,"comment_status":"closed","ping_status":"open","sticky":false,"template":"","format":"standard","meta":{"footnotes":""},"categories":[7],"tags":[],"_links":{"self":[{"href":"https:\/\/zsp14gliwice.pl\/pm40\/wp-json\/wp\/v2\/posts\/1719"}],"collection":[{"href":"https:\/\/zsp14gliwice.pl\/pm40\/wp-json\/wp\/v2\/posts"}],"about":[{"href":"https:\/\/zsp14gliwice.pl\/pm40\/wp-json\/wp\/v2\/types\/post"}],"author":[{"embeddable":true,"href":"https:\/\/zsp14gliwice.pl\/pm40\/wp-json\/wp\/v2\/users\/1"}],"replies":[{"embeddable":true,"href":"https:\/\/zsp14gliwice.pl\/pm40\/wp-json\/wp\/v2\/comments?post=1719"}],"version-history":[{"count":2,"href":"https:\/\/zsp14gliwice.pl\/pm40\/wp-json\/wp\/v2\/posts\/1719\/revisions"}],"predecessor-version":[{"id":1726,"href":"https:\/\/zsp14gliwice.pl\/pm40\/wp-json\/wp\/v2\/posts\/1719\/revisions\/1726"}],"wp:featuredmedia":[{"embeddable":true,"href":"https:\/\/zsp14gliwice.pl\/pm40\/wp-json\/wp\/v2\/media\/1720"}],"wp:attachment":[{"href":"https:\/\/zsp14gliwice.pl\/pm40\/wp-json\/wp\/v2\/media?parent=1719"}],"wp:term":[{"taxonomy":"category","embeddable":true,"href":"https:\/\/zsp14gliwice.pl\/pm40\/wp-json\/wp\/v2\/categories?post=1719"},{"taxonomy":"post_tag","embeddable":true,"href":"https:\/\/zsp14gliwice.pl\/pm40\/wp-json\/wp\/v2\/tags?post=1719"}],"curies":[{"name":"wp","href":"https:\/\/api.w.org\/{rel}","templated":true}]}}