{"id":1698,"date":"2022-12-14T10:37:42","date_gmt":"2022-12-14T09:37:42","guid":{"rendered":"https:\/\/zsp14gliwice.pl\/pm40\/?p=1698"},"modified":"2022-12-14T10:49:20","modified_gmt":"2022-12-14T09:49:20","slug":"dzien-edukacji-narodowej-dla-emerytowanych-pracownikow-oswiaty","status":"publish","type":"post","link":"https:\/\/zsp14gliwice.pl\/pm40\/2022\/12\/14\/dzien-edukacji-narodowej-dla-emerytowanych-pracownikow-oswiaty\/","title":{"rendered":"Dzie\u0144 Edukacji Narodowej dla emerytowanych pracownik\u00f3w o\u015bwiaty"},"content":{"rendered":"\n<p>Dnia 24 pa\u017adziernika w Kinie Amok dzieci z grupy Foczki u\u015bwietni\u0142y swoim wyst\u0119pem<br>uroczysto\u015b\u0107 z okazji Dnia Edukacji Narodowej dla emerytowanych pracownik\u00f3w o\u015bwiaty.<\/p>\n\n\n\n<figure class=\"wp-block-gallery has-nested-images columns-default is-cropped wp-block-gallery-1 is-layout-flex wp-block-gallery-is-layout-flex\">\n<figure class=\"wp-block-image size-large\"><a href=\"https:\/\/zsp14gliwice.pl\/pm40\/wp-content\/uploads\/2022\/12\/zsp14gliwice-pm40-dzien-edukacji-narodowej-dla-emerytowanych-pracownikow-oswiaty-2.jpg\"><img loading=\"lazy\" decoding=\"async\" width=\"920\" height=\"613\" data-id=\"1700\" src=\"https:\/\/zsp14gliwice.pl\/pm40\/wp-content\/uploads\/2022\/12\/zsp14gliwice-pm40-dzien-edukacji-narodowej-dla-emerytowanych-pracownikow-oswiaty-2.jpg\" alt=\"\" class=\"wp-image-1700\" srcset=\"https:\/\/zsp14gliwice.pl\/pm40\/wp-content\/uploads\/2022\/12\/zsp14gliwice-pm40-dzien-edukacji-narodowej-dla-emerytowanych-pracownikow-oswiaty-2.jpg 920w, https:\/\/zsp14gliwice.pl\/pm40\/wp-content\/uploads\/2022\/12\/zsp14gliwice-pm40-dzien-edukacji-narodowej-dla-emerytowanych-pracownikow-oswiaty-2-300x200.jpg 300w, https:\/\/zsp14gliwice.pl\/pm40\/wp-content\/uploads\/2022\/12\/zsp14gliwice-pm40-dzien-edukacji-narodowej-dla-emerytowanych-pracownikow-oswiaty-2-768x512.jpg 768w, https:\/\/zsp14gliwice.pl\/pm40\/wp-content\/uploads\/2022\/12\/zsp14gliwice-pm40-dzien-edukacji-narodowej-dla-emerytowanych-pracownikow-oswiaty-2-100x67.jpg 100w, https:\/\/zsp14gliwice.pl\/pm40\/wp-content\/uploads\/2022\/12\/zsp14gliwice-pm40-dzien-edukacji-narodowej-dla-emerytowanych-pracownikow-oswiaty-2-862x574.jpg 862w\" sizes=\"(max-width: 920px) 100vw, 920px\" \/><\/a><\/figure>\n\n\n\n<figure class=\"wp-block-image size-large\"><a href=\"https:\/\/zsp14gliwice.pl\/pm40\/wp-content\/uploads\/2022\/12\/zsp14gliwice-pm40-dzien-edukacji-narodowej-dla-emerytowanych-pracownikow-oswiaty-3.jpg\"><img loading=\"lazy\" decoding=\"async\" width=\"920\" height=\"613\" data-id=\"1701\" src=\"https:\/\/zsp14gliwice.pl\/pm40\/wp-content\/uploads\/2022\/12\/zsp14gliwice-pm40-dzien-edukacji-narodowej-dla-emerytowanych-pracownikow-oswiaty-3.jpg\" alt=\"\" class=\"wp-image-1701\" srcset=\"https:\/\/zsp14gliwice.pl\/pm40\/wp-content\/uploads\/2022\/12\/zsp14gliwice-pm40-dzien-edukacji-narodowej-dla-emerytowanych-pracownikow-oswiaty-3.jpg 920w, https:\/\/zsp14gliwice.pl\/pm40\/wp-content\/uploads\/2022\/12\/zsp14gliwice-pm40-dzien-edukacji-narodowej-dla-emerytowanych-pracownikow-oswiaty-3-300x200.jpg 300w, https:\/\/zsp14gliwice.pl\/pm40\/wp-content\/uploads\/2022\/12\/zsp14gliwice-pm40-dzien-edukacji-narodowej-dla-emerytowanych-pracownikow-oswiaty-3-768x512.jpg 768w, https:\/\/zsp14gliwice.pl\/pm40\/wp-content\/uploads\/2022\/12\/zsp14gliwice-pm40-dzien-edukacji-narodowej-dla-emerytowanych-pracownikow-oswiaty-3-100x67.jpg 100w, https:\/\/zsp14gliwice.pl\/pm40\/wp-content\/uploads\/2022\/12\/zsp14gliwice-pm40-dzien-edukacji-narodowej-dla-emerytowanych-pracownikow-oswiaty-3-862x574.jpg 862w\" sizes=\"(max-width: 920px) 100vw, 920px\" \/><\/a><\/figure>\n\n\n\n<figure class=\"wp-block-image size-large\"><a href=\"https:\/\/zsp14gliwice.pl\/pm40\/wp-content\/uploads\/2022\/12\/zsp14gliwice-pm40-dzien-edukacji-narodowej-dla-emerytowanych-pracownikow-oswiaty-4.jpg\"><img loading=\"lazy\" decoding=\"async\" width=\"920\" height=\"689\" data-id=\"1702\" src=\"https:\/\/zsp14gliwice.pl\/pm40\/wp-content\/uploads\/2022\/12\/zsp14gliwice-pm40-dzien-edukacji-narodowej-dla-emerytowanych-pracownikow-oswiaty-4.jpg\" alt=\"\" class=\"wp-image-1702\" srcset=\"https:\/\/zsp14gliwice.pl\/pm40\/wp-content\/uploads\/2022\/12\/zsp14gliwice-pm40-dzien-edukacji-narodowej-dla-emerytowanych-pracownikow-oswiaty-4.jpg 920w, https:\/\/zsp14gliwice.pl\/pm40\/wp-content\/uploads\/2022\/12\/zsp14gliwice-pm40-dzien-edukacji-narodowej-dla-emerytowanych-pracownikow-oswiaty-4-300x225.jpg 300w, https:\/\/zsp14gliwice.pl\/pm40\/wp-content\/uploads\/2022\/12\/zsp14gliwice-pm40-dzien-edukacji-narodowej-dla-emerytowanych-pracownikow-oswiaty-4-768x575.jpg 768w, https:\/\/zsp14gliwice.pl\/pm40\/wp-content\/uploads\/2022\/12\/zsp14gliwice-pm40-dzien-edukacji-narodowej-dla-emerytowanych-pracownikow-oswiaty-4-100x75.jpg 100w, https:\/\/zsp14gliwice.pl\/pm40\/wp-content\/uploads\/2022\/12\/zsp14gliwice-pm40-dzien-edukacji-narodowej-dla-emerytowanych-pracownikow-oswiaty-4-862x646.jpg 862w\" sizes=\"(max-width: 920px) 100vw, 920px\" \/><\/a><\/figure>\n<\/figure>\n","protected":false},"excerpt":{"rendered":"<p>Dnia 24 pa\u017adziernika w Kinie Amok dzieci z grupy Foczki u\u015bwietni\u0142y swoim wyst\u0119pemuroczysto\u015b\u0107 z okazji Dnia Edukacji Narodowej dla emerytowanych pracownik\u00f3w o\u015bwiaty.<\/p>\n","protected":false},"author":1,"featured_media":1699,"comment_status":"closed","ping_status":"open","sticky":false,"template":"","format":"standard","meta":{"footnotes":""},"categories":[7],"tags":[],"_links":{"self":[{"href":"https:\/\/zsp14gliwice.pl\/pm40\/wp-json\/wp\/v2\/posts\/1698"}],"collection":[{"href":"https:\/\/zsp14gliwice.pl\/pm40\/wp-json\/wp\/v2\/posts"}],"about":[{"href":"https:\/\/zsp14gliwice.pl\/pm40\/wp-json\/wp\/v2\/types\/post"}],"author":[{"embeddable":true,"href":"https:\/\/zsp14gliwice.pl\/pm40\/wp-json\/wp\/v2\/users\/1"}],"replies":[{"embeddable":true,"href":"https:\/\/zsp14gliwice.pl\/pm40\/wp-json\/wp\/v2\/comments?post=1698"}],"version-history":[{"count":2,"href":"https:\/\/zsp14gliwice.pl\/pm40\/wp-json\/wp\/v2\/posts\/1698\/revisions"}],"predecessor-version":[{"id":1727,"href":"https:\/\/zsp14gliwice.pl\/pm40\/wp-json\/wp\/v2\/posts\/1698\/revisions\/1727"}],"wp:featuredmedia":[{"embeddable":true,"href":"https:\/\/zsp14gliwice.pl\/pm40\/wp-json\/wp\/v2\/media\/1699"}],"wp:attachment":[{"href":"https:\/\/zsp14gliwice.pl\/pm40\/wp-json\/wp\/v2\/media?parent=1698"}],"wp:term":[{"taxonomy":"category","embeddable":true,"href":"https:\/\/zsp14gliwice.pl\/pm40\/wp-json\/wp\/v2\/categories?post=1698"},{"taxonomy":"post_tag","embeddable":true,"href":"https:\/\/zsp14gliwice.pl\/pm40\/wp-json\/wp\/v2\/tags?post=1698"}],"curies":[{"name":"wp","href":"https:\/\/api.w.org\/{rel}","templated":true}]}}