{"id":1635,"date":"2022-10-19T14:31:34","date_gmt":"2022-10-19T12:31:34","guid":{"rendered":"https:\/\/zsp14gliwice.pl\/pm40\/?p=1635"},"modified":"2022-10-19T14:31:43","modified_gmt":"2022-10-19T12:31:43","slug":"dzien-przedszkolaka","status":"publish","type":"post","link":"https:\/\/zsp14gliwice.pl\/pm40\/2022\/10\/19\/dzien-przedszkolaka\/","title":{"rendered":"Dzie\u0144 Przedszkolaka"},"content":{"rendered":"\n<p>Za nami jedno z najwa\u017cniejszych \u015bwi\u0105t w naszym kalendarzu DZIE\u0143 PRZEDSZKOLAKA z tej okazji starsze grupy wybra\u0142y si\u0119 na pokazy r\u00f3\u017cnych do\u015bwiadcze\u0144 i eksperyment\u00f3w do Mrowisko. Centrum Kultury Studenckiej Politechniki \u015al\u0105skiej dzi\u0119kujemy za moc nowej wiedzy a m\u0142odsze dzieci mia\u0142y atrakcje w przedszkolu, piosenki, ta\u0144ce i zabawy.<\/p>\n\n\n\n<figure class=\"wp-block-gallery has-nested-images columns-default is-cropped wp-block-gallery-1 is-layout-flex wp-block-gallery-is-layout-flex\">\n<figure class=\"wp-block-image size-full\"><a href=\"https:\/\/zsp14gliwice.pl\/pm40\/wp-content\/uploads\/2022\/10\/zsp14gliwice-pm40-dzien-przedszkolaka-2.jpg\" target=\"_blank\" rel=\"noopener\"><img loading=\"lazy\" decoding=\"async\" width=\"2045\" height=\"1535\" data-id=\"1640\" src=\"https:\/\/zsp14gliwice.pl\/pm40\/wp-content\/uploads\/2022\/10\/zsp14gliwice-pm40-dzien-przedszkolaka-2.jpg\" alt=\"\" class=\"wp-image-1640\" srcset=\"https:\/\/zsp14gliwice.pl\/pm40\/wp-content\/uploads\/2022\/10\/zsp14gliwice-pm40-dzien-przedszkolaka-2.jpg 2045w, https:\/\/zsp14gliwice.pl\/pm40\/wp-content\/uploads\/2022\/10\/zsp14gliwice-pm40-dzien-przedszkolaka-2-300x225.jpg 300w, https:\/\/zsp14gliwice.pl\/pm40\/wp-content\/uploads\/2022\/10\/zsp14gliwice-pm40-dzien-przedszkolaka-2-1024x769.jpg 1024w, https:\/\/zsp14gliwice.pl\/pm40\/wp-content\/uploads\/2022\/10\/zsp14gliwice-pm40-dzien-przedszkolaka-2-768x576.jpg 768w, https:\/\/zsp14gliwice.pl\/pm40\/wp-content\/uploads\/2022\/10\/zsp14gliwice-pm40-dzien-przedszkolaka-2-1536x1153.jpg 1536w, https:\/\/zsp14gliwice.pl\/pm40\/wp-content\/uploads\/2022\/10\/zsp14gliwice-pm40-dzien-przedszkolaka-2-100x75.jpg 100w, https:\/\/zsp14gliwice.pl\/pm40\/wp-content\/uploads\/2022\/10\/zsp14gliwice-pm40-dzien-przedszkolaka-2-862x647.jpg 862w, https:\/\/zsp14gliwice.pl\/pm40\/wp-content\/uploads\/2022\/10\/zsp14gliwice-pm40-dzien-przedszkolaka-2-1200x901.jpg 1200w\" sizes=\"(max-width: 2045px) 100vw, 2045px\" \/><\/a><\/figure>\n\n\n\n<figure class=\"wp-block-image size-full\"><a href=\"https:\/\/zsp14gliwice.pl\/pm40\/wp-content\/uploads\/2022\/10\/zsp14gliwice-pm40-dzien-przedszkolaka-3.jpg\" target=\"_blank\" rel=\"noopener\"><img loading=\"lazy\" decoding=\"async\" width=\"897\" height=\"1527\" data-id=\"1639\" src=\"https:\/\/zsp14gliwice.pl\/pm40\/wp-content\/uploads\/2022\/10\/zsp14gliwice-pm40-dzien-przedszkolaka-3.jpg\" alt=\"\" class=\"wp-image-1639\" srcset=\"https:\/\/zsp14gliwice.pl\/pm40\/wp-content\/uploads\/2022\/10\/zsp14gliwice-pm40-dzien-przedszkolaka-3.jpg 897w, https:\/\/zsp14gliwice.pl\/pm40\/wp-content\/uploads\/2022\/10\/zsp14gliwice-pm40-dzien-przedszkolaka-3-176x300.jpg 176w, https:\/\/zsp14gliwice.pl\/pm40\/wp-content\/uploads\/2022\/10\/zsp14gliwice-pm40-dzien-przedszkolaka-3-602x1024.jpg 602w, https:\/\/zsp14gliwice.pl\/pm40\/wp-content\/uploads\/2022\/10\/zsp14gliwice-pm40-dzien-przedszkolaka-3-768x1307.jpg 768w, https:\/\/zsp14gliwice.pl\/pm40\/wp-content\/uploads\/2022\/10\/zsp14gliwice-pm40-dzien-przedszkolaka-3-100x170.jpg 100w, https:\/\/zsp14gliwice.pl\/pm40\/wp-content\/uploads\/2022\/10\/zsp14gliwice-pm40-dzien-przedszkolaka-3-862x1467.jpg 862w\" sizes=\"(max-width: 897px) 100vw, 897px\" \/><\/a><\/figure>\n\n\n\n<figure class=\"wp-block-image size-full\"><a href=\"https:\/\/zsp14gliwice.pl\/pm40\/wp-content\/uploads\/2022\/10\/zsp14gliwice-pm40-dzien-przedszkolaka-4.jpg\" target=\"_blank\" rel=\"noopener\"><img loading=\"lazy\" decoding=\"async\" width=\"1593\" height=\"897\" data-id=\"1637\" src=\"https:\/\/zsp14gliwice.pl\/pm40\/wp-content\/uploads\/2022\/10\/zsp14gliwice-pm40-dzien-przedszkolaka-4.jpg\" alt=\"\" class=\"wp-image-1637\" srcset=\"https:\/\/zsp14gliwice.pl\/pm40\/wp-content\/uploads\/2022\/10\/zsp14gliwice-pm40-dzien-przedszkolaka-4.jpg 1593w, https:\/\/zsp14gliwice.pl\/pm40\/wp-content\/uploads\/2022\/10\/zsp14gliwice-pm40-dzien-przedszkolaka-4-300x169.jpg 300w, https:\/\/zsp14gliwice.pl\/pm40\/wp-content\/uploads\/2022\/10\/zsp14gliwice-pm40-dzien-przedszkolaka-4-1024x577.jpg 1024w, https:\/\/zsp14gliwice.pl\/pm40\/wp-content\/uploads\/2022\/10\/zsp14gliwice-pm40-dzien-przedszkolaka-4-768x432.jpg 768w, https:\/\/zsp14gliwice.pl\/pm40\/wp-content\/uploads\/2022\/10\/zsp14gliwice-pm40-dzien-przedszkolaka-4-1536x865.jpg 1536w, https:\/\/zsp14gliwice.pl\/pm40\/wp-content\/uploads\/2022\/10\/zsp14gliwice-pm40-dzien-przedszkolaka-4-100x56.jpg 100w, https:\/\/zsp14gliwice.pl\/pm40\/wp-content\/uploads\/2022\/10\/zsp14gliwice-pm40-dzien-przedszkolaka-4-862x485.jpg 862w, https:\/\/zsp14gliwice.pl\/pm40\/wp-content\/uploads\/2022\/10\/zsp14gliwice-pm40-dzien-przedszkolaka-4-1200x676.jpg 1200w\" sizes=\"(max-width: 1593px) 100vw, 1593px\" \/><\/a><\/figure>\n\n\n\n<figure class=\"wp-block-image size-full\"><a href=\"https:\/\/zsp14gliwice.pl\/pm40\/wp-content\/uploads\/2022\/10\/zsp14gliwice-pm40-dzien-przedszkolaka-5.jpg\" target=\"_blank\" rel=\"noopener\"><img loading=\"lazy\" decoding=\"async\" width=\"1600\" height=\"1193\" data-id=\"1638\" src=\"https:\/\/zsp14gliwice.pl\/pm40\/wp-content\/uploads\/2022\/10\/zsp14gliwice-pm40-dzien-przedszkolaka-5.jpg\" alt=\"\" class=\"wp-image-1638\" srcset=\"https:\/\/zsp14gliwice.pl\/pm40\/wp-content\/uploads\/2022\/10\/zsp14gliwice-pm40-dzien-przedszkolaka-5.jpg 1600w, https:\/\/zsp14gliwice.pl\/pm40\/wp-content\/uploads\/2022\/10\/zsp14gliwice-pm40-dzien-przedszkolaka-5-300x224.jpg 300w, https:\/\/zsp14gliwice.pl\/pm40\/wp-content\/uploads\/2022\/10\/zsp14gliwice-pm40-dzien-przedszkolaka-5-1024x764.jpg 1024w, https:\/\/zsp14gliwice.pl\/pm40\/wp-content\/uploads\/2022\/10\/zsp14gliwice-pm40-dzien-przedszkolaka-5-768x573.jpg 768w, https:\/\/zsp14gliwice.pl\/pm40\/wp-content\/uploads\/2022\/10\/zsp14gliwice-pm40-dzien-przedszkolaka-5-1536x1145.jpg 1536w, https:\/\/zsp14gliwice.pl\/pm40\/wp-content\/uploads\/2022\/10\/zsp14gliwice-pm40-dzien-przedszkolaka-5-100x75.jpg 100w, https:\/\/zsp14gliwice.pl\/pm40\/wp-content\/uploads\/2022\/10\/zsp14gliwice-pm40-dzien-przedszkolaka-5-862x643.jpg 862w, https:\/\/zsp14gliwice.pl\/pm40\/wp-content\/uploads\/2022\/10\/zsp14gliwice-pm40-dzien-przedszkolaka-5-1200x895.jpg 1200w\" sizes=\"(max-width: 1600px) 100vw, 1600px\" \/><\/a><\/figure>\n<\/figure>\n","protected":false},"excerpt":{"rendered":"<p>Za nami jedno z najwa\u017cniejszych \u015bwi\u0105t w naszym kalendarzu DZIE\u0143 PRZEDSZKOLAKA z tej okazji starsze grupy wybra\u0142y si\u0119 na pokazy r\u00f3\u017cnych do\u015bwiadcze\u0144 i eksperyment\u00f3w do Mrowisko. Centrum Kultury Studenckiej Politechniki \u015al\u0105skiej dzi\u0119kujemy za moc nowej wiedzy a m\u0142odsze dzieci mia\u0142y atrakcje w przedszkolu, piosenki, ta\u0144ce i zabawy.<\/p>\n","protected":false},"author":1,"featured_media":1636,"comment_status":"closed","ping_status":"open","sticky":false,"template":"","format":"standard","meta":{"footnotes":""},"categories":[7],"tags":[],"_links":{"self":[{"href":"https:\/\/zsp14gliwice.pl\/pm40\/wp-json\/wp\/v2\/posts\/1635"}],"collection":[{"href":"https:\/\/zsp14gliwice.pl\/pm40\/wp-json\/wp\/v2\/posts"}],"about":[{"href":"https:\/\/zsp14gliwice.pl\/pm40\/wp-json\/wp\/v2\/types\/post"}],"author":[{"embeddable":true,"href":"https:\/\/zsp14gliwice.pl\/pm40\/wp-json\/wp\/v2\/users\/1"}],"replies":[{"embeddable":true,"href":"https:\/\/zsp14gliwice.pl\/pm40\/wp-json\/wp\/v2\/comments?post=1635"}],"version-history":[{"count":2,"href":"https:\/\/zsp14gliwice.pl\/pm40\/wp-json\/wp\/v2\/posts\/1635\/revisions"}],"predecessor-version":[{"id":1642,"href":"https:\/\/zsp14gliwice.pl\/pm40\/wp-json\/wp\/v2\/posts\/1635\/revisions\/1642"}],"wp:featuredmedia":[{"embeddable":true,"href":"https:\/\/zsp14gliwice.pl\/pm40\/wp-json\/wp\/v2\/media\/1636"}],"wp:attachment":[{"href":"https:\/\/zsp14gliwice.pl\/pm40\/wp-json\/wp\/v2\/media?parent=1635"}],"wp:term":[{"taxonomy":"category","embeddable":true,"href":"https:\/\/zsp14gliwice.pl\/pm40\/wp-json\/wp\/v2\/categories?post=1635"},{"taxonomy":"post_tag","embeddable":true,"href":"https:\/\/zsp14gliwice.pl\/pm40\/wp-json\/wp\/v2\/tags?post=1635"}],"curies":[{"name":"wp","href":"https:\/\/api.w.org\/{rel}","templated":true}]}}