{"id":1604,"date":"2022-10-17T14:21:00","date_gmt":"2022-10-17T12:21:00","guid":{"rendered":"https:\/\/zsp14gliwice.pl\/pm40\/?p=1604"},"modified":"2022-10-19T14:26:47","modified_gmt":"2022-10-19T12:26:47","slug":"swiatowy-dzien-mozgowego-porazenia-dzieciecego","status":"publish","type":"post","link":"https:\/\/zsp14gliwice.pl\/pm40\/2022\/10\/17\/swiatowy-dzien-mozgowego-porazenia-dzieciecego\/","title":{"rendered":"\u015awiatowy Dzie\u0144 M\u00f3zgowego Pora\u017cenia Dzieci\u0119cego"},"content":{"rendered":"\n<p>Pa\u017adziernik na ca\u0142ym \u015bwiecie zosta\u0142 uznany za miesi\u0105c solidarno\u015bci z osobami dotkni\u0119tymi M\u00f3zgowym Pora\u017ceniem Dzieci\u0119cym i ich rodzinami. &#8222;Pszcz\u00f3\u0142ki&#8221; na znak solidarno\u015bci udekorowa\u0142y Fauny przed Urz\u0119dem Miejskim w Gliwicach.<\/p>\n\n\n\n<figure class=\"wp-block-gallery has-nested-images columns-2 is-cropped wp-block-gallery-1 is-layout-flex wp-block-gallery-is-layout-flex\">\n<figure class=\"wp-block-image size-full\"><a href=\"https:\/\/zsp14gliwice.pl\/pm40\/wp-content\/uploads\/2022\/10\/zsp14gliwice-pm40-swiatowy-dzien-mozgowego-porazenia-dzieciecego-2.jpg\" target=\"_blank\" rel=\"noopener\"><img loading=\"lazy\" decoding=\"async\" width=\"954\" height=\"537\" data-id=\"1606\" src=\"https:\/\/zsp14gliwice.pl\/pm40\/wp-content\/uploads\/2022\/10\/zsp14gliwice-pm40-swiatowy-dzien-mozgowego-porazenia-dzieciecego-2.jpg\" alt=\"\" class=\"wp-image-1606\" srcset=\"https:\/\/zsp14gliwice.pl\/pm40\/wp-content\/uploads\/2022\/10\/zsp14gliwice-pm40-swiatowy-dzien-mozgowego-porazenia-dzieciecego-2.jpg 954w, https:\/\/zsp14gliwice.pl\/pm40\/wp-content\/uploads\/2022\/10\/zsp14gliwice-pm40-swiatowy-dzien-mozgowego-porazenia-dzieciecego-2-300x169.jpg 300w, https:\/\/zsp14gliwice.pl\/pm40\/wp-content\/uploads\/2022\/10\/zsp14gliwice-pm40-swiatowy-dzien-mozgowego-porazenia-dzieciecego-2-768x432.jpg 768w, https:\/\/zsp14gliwice.pl\/pm40\/wp-content\/uploads\/2022\/10\/zsp14gliwice-pm40-swiatowy-dzien-mozgowego-porazenia-dzieciecego-2-100x56.jpg 100w, https:\/\/zsp14gliwice.pl\/pm40\/wp-content\/uploads\/2022\/10\/zsp14gliwice-pm40-swiatowy-dzien-mozgowego-porazenia-dzieciecego-2-862x485.jpg 862w\" sizes=\"(max-width: 954px) 100vw, 954px\" \/><\/a><\/figure>\n\n\n\n<figure class=\"wp-block-image size-full\"><a href=\"https:\/\/zsp14gliwice.pl\/pm40\/wp-content\/uploads\/2022\/10\/zsp14gliwice-pm40-swiatowy-dzien-mozgowego-porazenia-dzieciecego-3.jpg\" target=\"_blank\" rel=\"noopener\"><img loading=\"lazy\" decoding=\"async\" width=\"960\" height=\"958\" data-id=\"1607\" src=\"https:\/\/zsp14gliwice.pl\/pm40\/wp-content\/uploads\/2022\/10\/zsp14gliwice-pm40-swiatowy-dzien-mozgowego-porazenia-dzieciecego-3.jpg\" alt=\"\" class=\"wp-image-1607\" srcset=\"https:\/\/zsp14gliwice.pl\/pm40\/wp-content\/uploads\/2022\/10\/zsp14gliwice-pm40-swiatowy-dzien-mozgowego-porazenia-dzieciecego-3.jpg 960w, https:\/\/zsp14gliwice.pl\/pm40\/wp-content\/uploads\/2022\/10\/zsp14gliwice-pm40-swiatowy-dzien-mozgowego-porazenia-dzieciecego-3-300x300.jpg 300w, https:\/\/zsp14gliwice.pl\/pm40\/wp-content\/uploads\/2022\/10\/zsp14gliwice-pm40-swiatowy-dzien-mozgowego-porazenia-dzieciecego-3-150x150.jpg 150w, https:\/\/zsp14gliwice.pl\/pm40\/wp-content\/uploads\/2022\/10\/zsp14gliwice-pm40-swiatowy-dzien-mozgowego-porazenia-dzieciecego-3-768x766.jpg 768w, https:\/\/zsp14gliwice.pl\/pm40\/wp-content\/uploads\/2022\/10\/zsp14gliwice-pm40-swiatowy-dzien-mozgowego-porazenia-dzieciecego-3-100x100.jpg 100w, https:\/\/zsp14gliwice.pl\/pm40\/wp-content\/uploads\/2022\/10\/zsp14gliwice-pm40-swiatowy-dzien-mozgowego-porazenia-dzieciecego-3-862x860.jpg 862w\" sizes=\"(max-width: 960px) 100vw, 960px\" \/><\/a><\/figure>\n\n\n\n<figure class=\"wp-block-image size-full\"><a href=\"https:\/\/zsp14gliwice.pl\/pm40\/wp-content\/uploads\/2022\/10\/zsp14gliwice-pm40-swiatowy-dzien-mozgowego-porazenia-dzieciecego-4.jpg\" target=\"_blank\" rel=\"noopener\"><img loading=\"lazy\" decoding=\"async\" width=\"715\" height=\"954\" data-id=\"1608\" src=\"https:\/\/zsp14gliwice.pl\/pm40\/wp-content\/uploads\/2022\/10\/zsp14gliwice-pm40-swiatowy-dzien-mozgowego-porazenia-dzieciecego-4.jpg\" alt=\"\" class=\"wp-image-1608\" srcset=\"https:\/\/zsp14gliwice.pl\/pm40\/wp-content\/uploads\/2022\/10\/zsp14gliwice-pm40-swiatowy-dzien-mozgowego-porazenia-dzieciecego-4.jpg 715w, https:\/\/zsp14gliwice.pl\/pm40\/wp-content\/uploads\/2022\/10\/zsp14gliwice-pm40-swiatowy-dzien-mozgowego-porazenia-dzieciecego-4-225x300.jpg 225w, https:\/\/zsp14gliwice.pl\/pm40\/wp-content\/uploads\/2022\/10\/zsp14gliwice-pm40-swiatowy-dzien-mozgowego-porazenia-dzieciecego-4-100x133.jpg 100w\" sizes=\"(max-width: 715px) 100vw, 715px\" \/><\/a><\/figure>\n\n\n\n<figure class=\"wp-block-image size-full\"><a href=\"https:\/\/zsp14gliwice.pl\/pm40\/wp-content\/uploads\/2022\/10\/zsp14gliwice-pm40-swiatowy-dzien-mozgowego-porazenia-dzieciecego-5.jpg\" target=\"_blank\" rel=\"noopener\"><img loading=\"lazy\" decoding=\"async\" width=\"528\" height=\"960\" data-id=\"1609\" src=\"https:\/\/zsp14gliwice.pl\/pm40\/wp-content\/uploads\/2022\/10\/zsp14gliwice-pm40-swiatowy-dzien-mozgowego-porazenia-dzieciecego-5.jpg\" alt=\"\" class=\"wp-image-1609\" srcset=\"https:\/\/zsp14gliwice.pl\/pm40\/wp-content\/uploads\/2022\/10\/zsp14gliwice-pm40-swiatowy-dzien-mozgowego-porazenia-dzieciecego-5.jpg 528w, https:\/\/zsp14gliwice.pl\/pm40\/wp-content\/uploads\/2022\/10\/zsp14gliwice-pm40-swiatowy-dzien-mozgowego-porazenia-dzieciecego-5-165x300.jpg 165w, https:\/\/zsp14gliwice.pl\/pm40\/wp-content\/uploads\/2022\/10\/zsp14gliwice-pm40-swiatowy-dzien-mozgowego-porazenia-dzieciecego-5-100x182.jpg 100w\" sizes=\"(max-width: 528px) 100vw, 528px\" \/><\/a><\/figure>\n<\/figure>\n","protected":false},"excerpt":{"rendered":"<p>Pa\u017adziernik na ca\u0142ym \u015bwiecie zosta\u0142 uznany za miesi\u0105c solidarno\u015bci z osobami dotkni\u0119tymi M\u00f3zgowym Pora\u017ceniem Dzieci\u0119cym i ich rodzinami. &#8222;Pszcz\u00f3\u0142ki&#8221; na znak solidarno\u015bci udekorowa\u0142y Fauny przed Urz\u0119dem Miejskim w Gliwicach.<\/p>\n","protected":false},"author":1,"featured_media":1605,"comment_status":"closed","ping_status":"open","sticky":false,"template":"","format":"standard","meta":{"footnotes":""},"categories":[7],"tags":[],"_links":{"self":[{"href":"https:\/\/zsp14gliwice.pl\/pm40\/wp-json\/wp\/v2\/posts\/1604"}],"collection":[{"href":"https:\/\/zsp14gliwice.pl\/pm40\/wp-json\/wp\/v2\/posts"}],"about":[{"href":"https:\/\/zsp14gliwice.pl\/pm40\/wp-json\/wp\/v2\/types\/post"}],"author":[{"embeddable":true,"href":"https:\/\/zsp14gliwice.pl\/pm40\/wp-json\/wp\/v2\/users\/1"}],"replies":[{"embeddable":true,"href":"https:\/\/zsp14gliwice.pl\/pm40\/wp-json\/wp\/v2\/comments?post=1604"}],"version-history":[{"count":2,"href":"https:\/\/zsp14gliwice.pl\/pm40\/wp-json\/wp\/v2\/posts\/1604\/revisions"}],"predecessor-version":[{"id":1612,"href":"https:\/\/zsp14gliwice.pl\/pm40\/wp-json\/wp\/v2\/posts\/1604\/revisions\/1612"}],"wp:featuredmedia":[{"embeddable":true,"href":"https:\/\/zsp14gliwice.pl\/pm40\/wp-json\/wp\/v2\/media\/1605"}],"wp:attachment":[{"href":"https:\/\/zsp14gliwice.pl\/pm40\/wp-json\/wp\/v2\/media?parent=1604"}],"wp:term":[{"taxonomy":"category","embeddable":true,"href":"https:\/\/zsp14gliwice.pl\/pm40\/wp-json\/wp\/v2\/categories?post=1604"},{"taxonomy":"post_tag","embeddable":true,"href":"https:\/\/zsp14gliwice.pl\/pm40\/wp-json\/wp\/v2\/tags?post=1604"}],"curies":[{"name":"wp","href":"https:\/\/api.w.org\/{rel}","templated":true}]}}