{"id":1599,"date":"2022-10-14T14:16:00","date_gmt":"2022-10-14T12:16:00","guid":{"rendered":"https:\/\/zsp14gliwice.pl\/pm40\/?p=1599"},"modified":"2022-10-19T14:27:00","modified_gmt":"2022-10-19T12:27:00","slug":"dzien-edukacji-narodowej","status":"publish","type":"post","link":"https:\/\/zsp14gliwice.pl\/pm40\/2022\/10\/14\/dzien-edukacji-narodowej\/","title":{"rendered":"Dzie\u0144 Edukacji Narodowej"},"content":{"rendered":"\n<p>14 pa\u017adziernik to wa\u017cny dzie\u0144 w naszym przedszkolu. W tym dniu swoje \u015bwi\u0119to obchodz\u0105 wszyscy pracownicy naszego przedszkola. Z tej okazji grupa &#8222;Foczki&#8221; wyst\u0105pi\u0142a przed publiczno\u015bci\u0105 u\u015bwietniaj\u0105c ten wyj\u0105tkowy dzie\u0144.<\/p>\n\n\n\n<figure class=\"wp-block-gallery has-nested-images columns-default is-cropped wp-block-gallery-1 is-layout-flex wp-block-gallery-is-layout-flex\">\n<figure class=\"wp-block-image size-full\"><a href=\"https:\/\/zsp14gliwice.pl\/pm40\/wp-content\/uploads\/2022\/10\/zsp14gliwice-pm40-dzien-edukacji-narodowej-2.jpg\" target=\"_blank\" rel=\"noopener\"><img loading=\"lazy\" decoding=\"async\" width=\"1995\" height=\"1494\" data-id=\"1601\" src=\"https:\/\/zsp14gliwice.pl\/pm40\/wp-content\/uploads\/2022\/10\/zsp14gliwice-pm40-dzien-edukacji-narodowej-2.jpg\" alt=\"\" class=\"wp-image-1601\" srcset=\"https:\/\/zsp14gliwice.pl\/pm40\/wp-content\/uploads\/2022\/10\/zsp14gliwice-pm40-dzien-edukacji-narodowej-2.jpg 1995w, https:\/\/zsp14gliwice.pl\/pm40\/wp-content\/uploads\/2022\/10\/zsp14gliwice-pm40-dzien-edukacji-narodowej-2-300x225.jpg 300w, https:\/\/zsp14gliwice.pl\/pm40\/wp-content\/uploads\/2022\/10\/zsp14gliwice-pm40-dzien-edukacji-narodowej-2-1024x767.jpg 1024w, https:\/\/zsp14gliwice.pl\/pm40\/wp-content\/uploads\/2022\/10\/zsp14gliwice-pm40-dzien-edukacji-narodowej-2-768x575.jpg 768w, https:\/\/zsp14gliwice.pl\/pm40\/wp-content\/uploads\/2022\/10\/zsp14gliwice-pm40-dzien-edukacji-narodowej-2-1536x1150.jpg 1536w, https:\/\/zsp14gliwice.pl\/pm40\/wp-content\/uploads\/2022\/10\/zsp14gliwice-pm40-dzien-edukacji-narodowej-2-100x75.jpg 100w, https:\/\/zsp14gliwice.pl\/pm40\/wp-content\/uploads\/2022\/10\/zsp14gliwice-pm40-dzien-edukacji-narodowej-2-862x646.jpg 862w, https:\/\/zsp14gliwice.pl\/pm40\/wp-content\/uploads\/2022\/10\/zsp14gliwice-pm40-dzien-edukacji-narodowej-2-1200x899.jpg 1200w\" sizes=\"(max-width: 1995px) 100vw, 1995px\" \/><\/a><\/figure>\n\n\n\n<figure class=\"wp-block-image size-full\"><a href=\"https:\/\/zsp14gliwice.pl\/pm40\/wp-content\/uploads\/2022\/10\/zsp14gliwice-pm40-dzien-edukacji-narodowej-3.jpg\" target=\"_blank\" rel=\"noopener\"><img loading=\"lazy\" decoding=\"async\" width=\"1995\" height=\"1494\" data-id=\"1602\" src=\"https:\/\/zsp14gliwice.pl\/pm40\/wp-content\/uploads\/2022\/10\/zsp14gliwice-pm40-dzien-edukacji-narodowej-3.jpg\" alt=\"\" class=\"wp-image-1602\" srcset=\"https:\/\/zsp14gliwice.pl\/pm40\/wp-content\/uploads\/2022\/10\/zsp14gliwice-pm40-dzien-edukacji-narodowej-3.jpg 1995w, https:\/\/zsp14gliwice.pl\/pm40\/wp-content\/uploads\/2022\/10\/zsp14gliwice-pm40-dzien-edukacji-narodowej-3-300x225.jpg 300w, https:\/\/zsp14gliwice.pl\/pm40\/wp-content\/uploads\/2022\/10\/zsp14gliwice-pm40-dzien-edukacji-narodowej-3-1024x767.jpg 1024w, https:\/\/zsp14gliwice.pl\/pm40\/wp-content\/uploads\/2022\/10\/zsp14gliwice-pm40-dzien-edukacji-narodowej-3-768x575.jpg 768w, https:\/\/zsp14gliwice.pl\/pm40\/wp-content\/uploads\/2022\/10\/zsp14gliwice-pm40-dzien-edukacji-narodowej-3-1536x1150.jpg 1536w, https:\/\/zsp14gliwice.pl\/pm40\/wp-content\/uploads\/2022\/10\/zsp14gliwice-pm40-dzien-edukacji-narodowej-3-100x75.jpg 100w, https:\/\/zsp14gliwice.pl\/pm40\/wp-content\/uploads\/2022\/10\/zsp14gliwice-pm40-dzien-edukacji-narodowej-3-862x646.jpg 862w, https:\/\/zsp14gliwice.pl\/pm40\/wp-content\/uploads\/2022\/10\/zsp14gliwice-pm40-dzien-edukacji-narodowej-3-1200x899.jpg 1200w\" sizes=\"(max-width: 1995px) 100vw, 1995px\" \/><\/a><\/figure>\n<\/figure>\n","protected":false},"excerpt":{"rendered":"<p>14 pa\u017adziernik to wa\u017cny dzie\u0144 w naszym przedszkolu. W tym dniu swoje \u015bwi\u0119to obchodz\u0105 wszyscy pracownicy naszego przedszkola. Z tej okazji grupa &#8222;Foczki&#8221; wyst\u0105pi\u0142a przed publiczno\u015bci\u0105 u\u015bwietniaj\u0105c ten wyj\u0105tkowy dzie\u0144.<\/p>\n","protected":false},"author":1,"featured_media":1600,"comment_status":"closed","ping_status":"open","sticky":false,"template":"","format":"standard","meta":{"footnotes":""},"categories":[7],"tags":[],"_links":{"self":[{"href":"https:\/\/zsp14gliwice.pl\/pm40\/wp-json\/wp\/v2\/posts\/1599"}],"collection":[{"href":"https:\/\/zsp14gliwice.pl\/pm40\/wp-json\/wp\/v2\/posts"}],"about":[{"href":"https:\/\/zsp14gliwice.pl\/pm40\/wp-json\/wp\/v2\/types\/post"}],"author":[{"embeddable":true,"href":"https:\/\/zsp14gliwice.pl\/pm40\/wp-json\/wp\/v2\/users\/1"}],"replies":[{"embeddable":true,"href":"https:\/\/zsp14gliwice.pl\/pm40\/wp-json\/wp\/v2\/comments?post=1599"}],"version-history":[{"count":2,"href":"https:\/\/zsp14gliwice.pl\/pm40\/wp-json\/wp\/v2\/posts\/1599\/revisions"}],"predecessor-version":[{"id":1613,"href":"https:\/\/zsp14gliwice.pl\/pm40\/wp-json\/wp\/v2\/posts\/1599\/revisions\/1613"}],"wp:featuredmedia":[{"embeddable":true,"href":"https:\/\/zsp14gliwice.pl\/pm40\/wp-json\/wp\/v2\/media\/1600"}],"wp:attachment":[{"href":"https:\/\/zsp14gliwice.pl\/pm40\/wp-json\/wp\/v2\/media?parent=1599"}],"wp:term":[{"taxonomy":"category","embeddable":true,"href":"https:\/\/zsp14gliwice.pl\/pm40\/wp-json\/wp\/v2\/categories?post=1599"},{"taxonomy":"post_tag","embeddable":true,"href":"https:\/\/zsp14gliwice.pl\/pm40\/wp-json\/wp\/v2\/tags?post=1599"}],"curies":[{"name":"wp","href":"https:\/\/api.w.org\/{rel}","templated":true}]}}