{"id":1487,"date":"2022-07-28T09:27:16","date_gmt":"2022-07-28T07:27:16","guid":{"rendered":"https:\/\/zsp14gliwice.pl\/pm40\/?p=1487"},"modified":"2022-07-28T09:27:17","modified_gmt":"2022-07-28T07:27:17","slug":"wakacyjne-przedszkole","status":"publish","type":"post","link":"https:\/\/zsp14gliwice.pl\/pm40\/2022\/07\/28\/wakacyjne-przedszkole\/","title":{"rendered":"Wakacyjne przedszkole"},"content":{"rendered":"\n<p>W lipcu nasze przedszkole pe\u0142ni\u0142o dy\u017cur wakacyjny. W trakcie wakacyjnych atrakcji sp\u0119dzili\u015bmy mi\u0142o muzyczne poniedzia\u0142ki, plastyczne wtorki, bajkowe \u015brody, przyrodnicze czwartki i gimnastyczne pi\u0105tki. Atrakcj\u0105 dla dzieci by\u0142 zorganizowany przez nauczycieli Dzie\u0144 Hawajski. Tego dnia by\u0142o w naszym przedszkolu jeszcze bardziej weso\u0142o, kolorowo i kwieci\u015bcie!<\/p>\n\n\n\n<figure class=\"wp-block-gallery has-nested-images columns-default is-cropped wp-block-gallery-1 is-layout-flex wp-block-gallery-is-layout-flex\">\n<figure class=\"wp-block-image size-large\"><a href=\"https:\/\/zsp14gliwice.pl\/pm40\/wp-content\/uploads\/2022\/07\/zsp14gliwice-pm40-wakacyjne-przedszkole-11.jpg\"><img loading=\"lazy\" decoding=\"async\" width=\"1024\" height=\"577\" data-id=\"1490\" src=\"https:\/\/zsp14gliwice.pl\/pm40\/wp-content\/uploads\/2022\/07\/zsp14gliwice-pm40-wakacyjne-przedszkole-11-1024x577.jpg\" alt=\"\" class=\"wp-image-1490\" srcset=\"https:\/\/zsp14gliwice.pl\/pm40\/wp-content\/uploads\/2022\/07\/zsp14gliwice-pm40-wakacyjne-przedszkole-11-1024x577.jpg 1024w, https:\/\/zsp14gliwice.pl\/pm40\/wp-content\/uploads\/2022\/07\/zsp14gliwice-pm40-wakacyjne-przedszkole-11-300x169.jpg 300w, https:\/\/zsp14gliwice.pl\/pm40\/wp-content\/uploads\/2022\/07\/zsp14gliwice-pm40-wakacyjne-przedszkole-11-768x432.jpg 768w, https:\/\/zsp14gliwice.pl\/pm40\/wp-content\/uploads\/2022\/07\/zsp14gliwice-pm40-wakacyjne-przedszkole-11-1536x865.jpg 1536w, https:\/\/zsp14gliwice.pl\/pm40\/wp-content\/uploads\/2022\/07\/zsp14gliwice-pm40-wakacyjne-przedszkole-11-100x56.jpg 100w, https:\/\/zsp14gliwice.pl\/pm40\/wp-content\/uploads\/2022\/07\/zsp14gliwice-pm40-wakacyjne-przedszkole-11-862x485.jpg 862w, https:\/\/zsp14gliwice.pl\/pm40\/wp-content\/uploads\/2022\/07\/zsp14gliwice-pm40-wakacyjne-przedszkole-11-1200x676.jpg 1200w, https:\/\/zsp14gliwice.pl\/pm40\/wp-content\/uploads\/2022\/07\/zsp14gliwice-pm40-wakacyjne-przedszkole-11.jpg 1593w\" sizes=\"(max-width: 1024px) 100vw, 1024px\" \/><\/a><\/figure>\n\n\n\n<figure class=\"wp-block-image size-large\"><a href=\"https:\/\/zsp14gliwice.pl\/pm40\/wp-content\/uploads\/2022\/07\/zsp14gliwice-pm40-wakacyjne-przedszkole-12.jpg\"><img loading=\"lazy\" decoding=\"async\" width=\"1024\" height=\"577\" data-id=\"1489\" src=\"https:\/\/zsp14gliwice.pl\/pm40\/wp-content\/uploads\/2022\/07\/zsp14gliwice-pm40-wakacyjne-przedszkole-12-1024x577.jpg\" alt=\"\" class=\"wp-image-1489\" srcset=\"https:\/\/zsp14gliwice.pl\/pm40\/wp-content\/uploads\/2022\/07\/zsp14gliwice-pm40-wakacyjne-przedszkole-12-1024x577.jpg 1024w, https:\/\/zsp14gliwice.pl\/pm40\/wp-content\/uploads\/2022\/07\/zsp14gliwice-pm40-wakacyjne-przedszkole-12-300x169.jpg 300w, https:\/\/zsp14gliwice.pl\/pm40\/wp-content\/uploads\/2022\/07\/zsp14gliwice-pm40-wakacyjne-przedszkole-12-768x432.jpg 768w, https:\/\/zsp14gliwice.pl\/pm40\/wp-content\/uploads\/2022\/07\/zsp14gliwice-pm40-wakacyjne-przedszkole-12-1536x865.jpg 1536w, https:\/\/zsp14gliwice.pl\/pm40\/wp-content\/uploads\/2022\/07\/zsp14gliwice-pm40-wakacyjne-przedszkole-12-100x56.jpg 100w, https:\/\/zsp14gliwice.pl\/pm40\/wp-content\/uploads\/2022\/07\/zsp14gliwice-pm40-wakacyjne-przedszkole-12-862x485.jpg 862w, https:\/\/zsp14gliwice.pl\/pm40\/wp-content\/uploads\/2022\/07\/zsp14gliwice-pm40-wakacyjne-przedszkole-12-1200x676.jpg 1200w, https:\/\/zsp14gliwice.pl\/pm40\/wp-content\/uploads\/2022\/07\/zsp14gliwice-pm40-wakacyjne-przedszkole-12.jpg 1593w\" sizes=\"(max-width: 1024px) 100vw, 1024px\" \/><\/a><\/figure>\n\n\n\n<figure class=\"wp-block-image size-large\"><a href=\"https:\/\/zsp14gliwice.pl\/pm40\/wp-content\/uploads\/2022\/07\/zsp14gliwice-pm40-wakacyjne-przedszkole-1.jpg\"><img loading=\"lazy\" decoding=\"async\" width=\"770\" height=\"1024\" data-id=\"1488\" src=\"https:\/\/zsp14gliwice.pl\/pm40\/wp-content\/uploads\/2022\/07\/zsp14gliwice-pm40-wakacyjne-przedszkole-1-770x1024.jpg\" alt=\"\" class=\"wp-image-1488\" srcset=\"https:\/\/zsp14gliwice.pl\/pm40\/wp-content\/uploads\/2022\/07\/zsp14gliwice-pm40-wakacyjne-przedszkole-1-770x1024.jpg 770w, https:\/\/zsp14gliwice.pl\/pm40\/wp-content\/uploads\/2022\/07\/zsp14gliwice-pm40-wakacyjne-przedszkole-1-225x300.jpg 225w, https:\/\/zsp14gliwice.pl\/pm40\/wp-content\/uploads\/2022\/07\/zsp14gliwice-pm40-wakacyjne-przedszkole-1-768x1022.jpg 768w, https:\/\/zsp14gliwice.pl\/pm40\/wp-content\/uploads\/2022\/07\/zsp14gliwice-pm40-wakacyjne-przedszkole-1-1154x1536.jpg 1154w, https:\/\/zsp14gliwice.pl\/pm40\/wp-content\/uploads\/2022\/07\/zsp14gliwice-pm40-wakacyjne-przedszkole-1-100x133.jpg 100w, https:\/\/zsp14gliwice.pl\/pm40\/wp-content\/uploads\/2022\/07\/zsp14gliwice-pm40-wakacyjne-przedszkole-1-862x1147.jpg 862w, https:\/\/zsp14gliwice.pl\/pm40\/wp-content\/uploads\/2022\/07\/zsp14gliwice-pm40-wakacyjne-przedszkole-1.jpg 1198w\" sizes=\"(max-width: 770px) 100vw, 770px\" \/><\/a><\/figure>\n\n\n\n<figure class=\"wp-block-image size-large\"><a href=\"https:\/\/zsp14gliwice.pl\/pm40\/wp-content\/uploads\/2022\/07\/zsp14gliwice-pm40-wakacyjne-przedszkole-2.jpg\"><img loading=\"lazy\" decoding=\"async\" width=\"768\" height=\"1024\" data-id=\"1491\" src=\"https:\/\/zsp14gliwice.pl\/pm40\/wp-content\/uploads\/2022\/07\/zsp14gliwice-pm40-wakacyjne-przedszkole-2-768x1024.jpg\" alt=\"\" class=\"wp-image-1491\" srcset=\"https:\/\/zsp14gliwice.pl\/pm40\/wp-content\/uploads\/2022\/07\/zsp14gliwice-pm40-wakacyjne-przedszkole-2-768x1024.jpg 768w, https:\/\/zsp14gliwice.pl\/pm40\/wp-content\/uploads\/2022\/07\/zsp14gliwice-pm40-wakacyjne-przedszkole-2-225x300.jpg 225w, https:\/\/zsp14gliwice.pl\/pm40\/wp-content\/uploads\/2022\/07\/zsp14gliwice-pm40-wakacyjne-przedszkole-2-1152x1536.jpg 1152w, https:\/\/zsp14gliwice.pl\/pm40\/wp-content\/uploads\/2022\/07\/zsp14gliwice-pm40-wakacyjne-przedszkole-2-100x133.jpg 100w, https:\/\/zsp14gliwice.pl\/pm40\/wp-content\/uploads\/2022\/07\/zsp14gliwice-pm40-wakacyjne-przedszkole-2-862x1150.jpg 862w, https:\/\/zsp14gliwice.pl\/pm40\/wp-content\/uploads\/2022\/07\/zsp14gliwice-pm40-wakacyjne-przedszkole-2.jpg 1198w\" sizes=\"(max-width: 768px) 100vw, 768px\" \/><\/a><\/figure>\n\n\n\n<figure class=\"wp-block-image size-large\"><a href=\"https:\/\/zsp14gliwice.pl\/pm40\/wp-content\/uploads\/2022\/07\/zsp14gliwice-pm40-wakacyjne-przedszkole-3.jpg\"><img loading=\"lazy\" decoding=\"async\" width=\"1024\" height=\"767\" data-id=\"1493\" src=\"https:\/\/zsp14gliwice.pl\/pm40\/wp-content\/uploads\/2022\/07\/zsp14gliwice-pm40-wakacyjne-przedszkole-3-1024x767.jpg\" alt=\"\" class=\"wp-image-1493\" srcset=\"https:\/\/zsp14gliwice.pl\/pm40\/wp-content\/uploads\/2022\/07\/zsp14gliwice-pm40-wakacyjne-przedszkole-3-1024x767.jpg 1024w, https:\/\/zsp14gliwice.pl\/pm40\/wp-content\/uploads\/2022\/07\/zsp14gliwice-pm40-wakacyjne-przedszkole-3-300x225.jpg 300w, https:\/\/zsp14gliwice.pl\/pm40\/wp-content\/uploads\/2022\/07\/zsp14gliwice-pm40-wakacyjne-przedszkole-3-768x575.jpg 768w, https:\/\/zsp14gliwice.pl\/pm40\/wp-content\/uploads\/2022\/07\/zsp14gliwice-pm40-wakacyjne-przedszkole-3-1536x1150.jpg 1536w, https:\/\/zsp14gliwice.pl\/pm40\/wp-content\/uploads\/2022\/07\/zsp14gliwice-pm40-wakacyjne-przedszkole-3-100x75.jpg 100w, https:\/\/zsp14gliwice.pl\/pm40\/wp-content\/uploads\/2022\/07\/zsp14gliwice-pm40-wakacyjne-przedszkole-3-862x645.jpg 862w, https:\/\/zsp14gliwice.pl\/pm40\/wp-content\/uploads\/2022\/07\/zsp14gliwice-pm40-wakacyjne-przedszkole-3-1200x899.jpg 1200w, https:\/\/zsp14gliwice.pl\/pm40\/wp-content\/uploads\/2022\/07\/zsp14gliwice-pm40-wakacyjne-przedszkole-3.jpg 1600w\" sizes=\"(max-width: 1024px) 100vw, 1024px\" \/><\/a><\/figure>\n\n\n\n<figure class=\"wp-block-image size-large\"><a href=\"https:\/\/zsp14gliwice.pl\/pm40\/wp-content\/uploads\/2022\/07\/zsp14gliwice-pm40-wakacyjne-przedszkole-4.jpg\"><img loading=\"lazy\" decoding=\"async\" width=\"1024\" height=\"769\" data-id=\"1492\" src=\"https:\/\/zsp14gliwice.pl\/pm40\/wp-content\/uploads\/2022\/07\/zsp14gliwice-pm40-wakacyjne-przedszkole-4-1024x769.jpg\" alt=\"\" class=\"wp-image-1492\" srcset=\"https:\/\/zsp14gliwice.pl\/pm40\/wp-content\/uploads\/2022\/07\/zsp14gliwice-pm40-wakacyjne-przedszkole-4-1024x769.jpg 1024w, https:\/\/zsp14gliwice.pl\/pm40\/wp-content\/uploads\/2022\/07\/zsp14gliwice-pm40-wakacyjne-przedszkole-4-300x225.jpg 300w, https:\/\/zsp14gliwice.pl\/pm40\/wp-content\/uploads\/2022\/07\/zsp14gliwice-pm40-wakacyjne-przedszkole-4-768x576.jpg 768w, https:\/\/zsp14gliwice.pl\/pm40\/wp-content\/uploads\/2022\/07\/zsp14gliwice-pm40-wakacyjne-przedszkole-4-1536x1153.jpg 1536w, https:\/\/zsp14gliwice.pl\/pm40\/wp-content\/uploads\/2022\/07\/zsp14gliwice-pm40-wakacyjne-przedszkole-4-100x75.jpg 100w, https:\/\/zsp14gliwice.pl\/pm40\/wp-content\/uploads\/2022\/07\/zsp14gliwice-pm40-wakacyjne-przedszkole-4-862x647.jpg 862w, https:\/\/zsp14gliwice.pl\/pm40\/wp-content\/uploads\/2022\/07\/zsp14gliwice-pm40-wakacyjne-przedszkole-4-1200x901.jpg 1200w, https:\/\/zsp14gliwice.pl\/pm40\/wp-content\/uploads\/2022\/07\/zsp14gliwice-pm40-wakacyjne-przedszkole-4.jpg 2045w\" sizes=\"(max-width: 1024px) 100vw, 1024px\" \/><\/a><\/figure>\n\n\n\n<figure class=\"wp-block-image size-large\"><a href=\"https:\/\/zsp14gliwice.pl\/pm40\/wp-content\/uploads\/2022\/07\/zsp14gliwice-pm40-wakacyjne-przedszkole-5.jpg\"><img loading=\"lazy\" decoding=\"async\" width=\"770\" height=\"1024\" data-id=\"1494\" src=\"https:\/\/zsp14gliwice.pl\/pm40\/wp-content\/uploads\/2022\/07\/zsp14gliwice-pm40-wakacyjne-przedszkole-5-770x1024.jpg\" alt=\"\" class=\"wp-image-1494\" srcset=\"https:\/\/zsp14gliwice.pl\/pm40\/wp-content\/uploads\/2022\/07\/zsp14gliwice-pm40-wakacyjne-przedszkole-5-770x1024.jpg 770w, https:\/\/zsp14gliwice.pl\/pm40\/wp-content\/uploads\/2022\/07\/zsp14gliwice-pm40-wakacyjne-przedszkole-5-225x300.jpg 225w, https:\/\/zsp14gliwice.pl\/pm40\/wp-content\/uploads\/2022\/07\/zsp14gliwice-pm40-wakacyjne-przedszkole-5-768x1022.jpg 768w, https:\/\/zsp14gliwice.pl\/pm40\/wp-content\/uploads\/2022\/07\/zsp14gliwice-pm40-wakacyjne-przedszkole-5-1154x1536.jpg 1154w, https:\/\/zsp14gliwice.pl\/pm40\/wp-content\/uploads\/2022\/07\/zsp14gliwice-pm40-wakacyjne-przedszkole-5-100x133.jpg 100w, https:\/\/zsp14gliwice.pl\/pm40\/wp-content\/uploads\/2022\/07\/zsp14gliwice-pm40-wakacyjne-przedszkole-5-862x1147.jpg 862w, https:\/\/zsp14gliwice.pl\/pm40\/wp-content\/uploads\/2022\/07\/zsp14gliwice-pm40-wakacyjne-przedszkole-5-1200x1597.jpg 1200w, https:\/\/zsp14gliwice.pl\/pm40\/wp-content\/uploads\/2022\/07\/zsp14gliwice-pm40-wakacyjne-przedszkole-5.jpg 1537w\" sizes=\"(max-width: 770px) 100vw, 770px\" \/><\/a><\/figure>\n\n\n\n<figure class=\"wp-block-image size-large\"><a href=\"https:\/\/zsp14gliwice.pl\/pm40\/wp-content\/uploads\/2022\/07\/zsp14gliwice-pm40-wakacyjne-przedszkole-6.jpg\"><img loading=\"lazy\" decoding=\"async\" width=\"768\" height=\"1024\" data-id=\"1495\" src=\"https:\/\/zsp14gliwice.pl\/pm40\/wp-content\/uploads\/2022\/07\/zsp14gliwice-pm40-wakacyjne-przedszkole-6-768x1024.jpg\" alt=\"\" class=\"wp-image-1495\" srcset=\"https:\/\/zsp14gliwice.pl\/pm40\/wp-content\/uploads\/2022\/07\/zsp14gliwice-pm40-wakacyjne-przedszkole-6-768x1024.jpg 768w, https:\/\/zsp14gliwice.pl\/pm40\/wp-content\/uploads\/2022\/07\/zsp14gliwice-pm40-wakacyjne-przedszkole-6-225x300.jpg 225w, https:\/\/zsp14gliwice.pl\/pm40\/wp-content\/uploads\/2022\/07\/zsp14gliwice-pm40-wakacyjne-przedszkole-6-1152x1536.jpg 1152w, https:\/\/zsp14gliwice.pl\/pm40\/wp-content\/uploads\/2022\/07\/zsp14gliwice-pm40-wakacyjne-przedszkole-6-100x133.jpg 100w, https:\/\/zsp14gliwice.pl\/pm40\/wp-content\/uploads\/2022\/07\/zsp14gliwice-pm40-wakacyjne-przedszkole-6-862x1150.jpg 862w, https:\/\/zsp14gliwice.pl\/pm40\/wp-content\/uploads\/2022\/07\/zsp14gliwice-pm40-wakacyjne-przedszkole-6.jpg 1198w\" sizes=\"(max-width: 768px) 100vw, 768px\" \/><\/a><\/figure>\n\n\n\n<figure class=\"wp-block-image size-large\"><a href=\"https:\/\/zsp14gliwice.pl\/pm40\/wp-content\/uploads\/2022\/07\/zsp14gliwice-pm40-wakacyjne-przedszkole-7.jpg\"><img loading=\"lazy\" decoding=\"async\" width=\"1024\" height=\"767\" data-id=\"1497\" src=\"https:\/\/zsp14gliwice.pl\/pm40\/wp-content\/uploads\/2022\/07\/zsp14gliwice-pm40-wakacyjne-przedszkole-7-1024x767.jpg\" alt=\"\" class=\"wp-image-1497\" srcset=\"https:\/\/zsp14gliwice.pl\/pm40\/wp-content\/uploads\/2022\/07\/zsp14gliwice-pm40-wakacyjne-przedszkole-7-1024x767.jpg 1024w, https:\/\/zsp14gliwice.pl\/pm40\/wp-content\/uploads\/2022\/07\/zsp14gliwice-pm40-wakacyjne-przedszkole-7-300x225.jpg 300w, https:\/\/zsp14gliwice.pl\/pm40\/wp-content\/uploads\/2022\/07\/zsp14gliwice-pm40-wakacyjne-przedszkole-7-768x575.jpg 768w, https:\/\/zsp14gliwice.pl\/pm40\/wp-content\/uploads\/2022\/07\/zsp14gliwice-pm40-wakacyjne-przedszkole-7-1536x1150.jpg 1536w, https:\/\/zsp14gliwice.pl\/pm40\/wp-content\/uploads\/2022\/07\/zsp14gliwice-pm40-wakacyjne-przedszkole-7-100x75.jpg 100w, https:\/\/zsp14gliwice.pl\/pm40\/wp-content\/uploads\/2022\/07\/zsp14gliwice-pm40-wakacyjne-przedszkole-7-862x646.jpg 862w, https:\/\/zsp14gliwice.pl\/pm40\/wp-content\/uploads\/2022\/07\/zsp14gliwice-pm40-wakacyjne-przedszkole-7-1200x899.jpg 1200w, https:\/\/zsp14gliwice.pl\/pm40\/wp-content\/uploads\/2022\/07\/zsp14gliwice-pm40-wakacyjne-przedszkole-7.jpg 1995w\" sizes=\"(max-width: 1024px) 100vw, 1024px\" \/><\/a><\/figure>\n\n\n\n<figure class=\"wp-block-image size-large\"><a href=\"https:\/\/zsp14gliwice.pl\/pm40\/wp-content\/uploads\/2022\/07\/zsp14gliwice-pm40-wakacyjne-przedszkole-8.jpg\"><img loading=\"lazy\" decoding=\"async\" width=\"1024\" height=\"769\" data-id=\"1499\" src=\"https:\/\/zsp14gliwice.pl\/pm40\/wp-content\/uploads\/2022\/07\/zsp14gliwice-pm40-wakacyjne-przedszkole-8-1024x769.jpg\" alt=\"\" class=\"wp-image-1499\" srcset=\"https:\/\/zsp14gliwice.pl\/pm40\/wp-content\/uploads\/2022\/07\/zsp14gliwice-pm40-wakacyjne-przedszkole-8-1024x769.jpg 1024w, https:\/\/zsp14gliwice.pl\/pm40\/wp-content\/uploads\/2022\/07\/zsp14gliwice-pm40-wakacyjne-przedszkole-8-300x225.jpg 300w, https:\/\/zsp14gliwice.pl\/pm40\/wp-content\/uploads\/2022\/07\/zsp14gliwice-pm40-wakacyjne-przedszkole-8-768x576.jpg 768w, https:\/\/zsp14gliwice.pl\/pm40\/wp-content\/uploads\/2022\/07\/zsp14gliwice-pm40-wakacyjne-przedszkole-8-1536x1153.jpg 1536w, https:\/\/zsp14gliwice.pl\/pm40\/wp-content\/uploads\/2022\/07\/zsp14gliwice-pm40-wakacyjne-przedszkole-8-100x75.jpg 100w, https:\/\/zsp14gliwice.pl\/pm40\/wp-content\/uploads\/2022\/07\/zsp14gliwice-pm40-wakacyjne-przedszkole-8-862x647.jpg 862w, https:\/\/zsp14gliwice.pl\/pm40\/wp-content\/uploads\/2022\/07\/zsp14gliwice-pm40-wakacyjne-przedszkole-8-1200x901.jpg 1200w, https:\/\/zsp14gliwice.pl\/pm40\/wp-content\/uploads\/2022\/07\/zsp14gliwice-pm40-wakacyjne-przedszkole-8.jpg 2045w\" sizes=\"(max-width: 1024px) 100vw, 1024px\" \/><\/a><\/figure>\n\n\n\n<figure class=\"wp-block-image size-large\"><a href=\"https:\/\/zsp14gliwice.pl\/pm40\/wp-content\/uploads\/2022\/07\/zsp14gliwice-pm40-wakacyjne-przedszkole-9.jpg\"><img loading=\"lazy\" decoding=\"async\" width=\"1024\" height=\"767\" data-id=\"1498\" src=\"https:\/\/zsp14gliwice.pl\/pm40\/wp-content\/uploads\/2022\/07\/zsp14gliwice-pm40-wakacyjne-przedszkole-9-1024x767.jpg\" alt=\"\" class=\"wp-image-1498\" srcset=\"https:\/\/zsp14gliwice.pl\/pm40\/wp-content\/uploads\/2022\/07\/zsp14gliwice-pm40-wakacyjne-przedszkole-9-1024x767.jpg 1024w, https:\/\/zsp14gliwice.pl\/pm40\/wp-content\/uploads\/2022\/07\/zsp14gliwice-pm40-wakacyjne-przedszkole-9-300x225.jpg 300w, https:\/\/zsp14gliwice.pl\/pm40\/wp-content\/uploads\/2022\/07\/zsp14gliwice-pm40-wakacyjne-przedszkole-9-768x575.jpg 768w, https:\/\/zsp14gliwice.pl\/pm40\/wp-content\/uploads\/2022\/07\/zsp14gliwice-pm40-wakacyjne-przedszkole-9-1536x1150.jpg 1536w, https:\/\/zsp14gliwice.pl\/pm40\/wp-content\/uploads\/2022\/07\/zsp14gliwice-pm40-wakacyjne-przedszkole-9-100x75.jpg 100w, https:\/\/zsp14gliwice.pl\/pm40\/wp-content\/uploads\/2022\/07\/zsp14gliwice-pm40-wakacyjne-przedszkole-9-862x645.jpg 862w, https:\/\/zsp14gliwice.pl\/pm40\/wp-content\/uploads\/2022\/07\/zsp14gliwice-pm40-wakacyjne-przedszkole-9-1200x899.jpg 1200w, https:\/\/zsp14gliwice.pl\/pm40\/wp-content\/uploads\/2022\/07\/zsp14gliwice-pm40-wakacyjne-przedszkole-9.jpg 1600w\" sizes=\"(max-width: 1024px) 100vw, 1024px\" \/><\/a><\/figure>\n\n\n\n<figure class=\"wp-block-image size-large\"><a href=\"https:\/\/zsp14gliwice.pl\/pm40\/wp-content\/uploads\/2022\/07\/zsp14gliwice-pm40-wakacyjne-przedszkole-10.jpg\"><img loading=\"lazy\" decoding=\"async\" width=\"767\" height=\"1024\" data-id=\"1496\" src=\"https:\/\/zsp14gliwice.pl\/pm40\/wp-content\/uploads\/2022\/07\/zsp14gliwice-pm40-wakacyjne-przedszkole-10-767x1024.jpg\" alt=\"\" class=\"wp-image-1496\" srcset=\"https:\/\/zsp14gliwice.pl\/pm40\/wp-content\/uploads\/2022\/07\/zsp14gliwice-pm40-wakacyjne-przedszkole-10-767x1024.jpg 767w, https:\/\/zsp14gliwice.pl\/pm40\/wp-content\/uploads\/2022\/07\/zsp14gliwice-pm40-wakacyjne-przedszkole-10-225x300.jpg 225w, https:\/\/zsp14gliwice.pl\/pm40\/wp-content\/uploads\/2022\/07\/zsp14gliwice-pm40-wakacyjne-przedszkole-10-768x1025.jpg 768w, https:\/\/zsp14gliwice.pl\/pm40\/wp-content\/uploads\/2022\/07\/zsp14gliwice-pm40-wakacyjne-przedszkole-10-1151x1536.jpg 1151w, https:\/\/zsp14gliwice.pl\/pm40\/wp-content\/uploads\/2022\/07\/zsp14gliwice-pm40-wakacyjne-przedszkole-10-100x133.jpg 100w, https:\/\/zsp14gliwice.pl\/pm40\/wp-content\/uploads\/2022\/07\/zsp14gliwice-pm40-wakacyjne-przedszkole-10-862x1150.jpg 862w, https:\/\/zsp14gliwice.pl\/pm40\/wp-content\/uploads\/2022\/07\/zsp14gliwice-pm40-wakacyjne-przedszkole-10-1200x1601.jpg 1200w, https:\/\/zsp14gliwice.pl\/pm40\/wp-content\/uploads\/2022\/07\/zsp14gliwice-pm40-wakacyjne-przedszkole-10.jpg 1499w\" sizes=\"(max-width: 767px) 100vw, 767px\" \/><\/a><\/figure>\n<\/figure>\n","protected":false},"excerpt":{"rendered":"<p>W lipcu nasze przedszkole pe\u0142ni\u0142o dy\u017cur wakacyjny. W trakcie wakacyjnych atrakcji sp\u0119dzili\u015bmy mi\u0142o muzyczne poniedzia\u0142ki, plastyczne wtorki, bajkowe \u015brody, przyrodnicze czwartki i gimnastyczne pi\u0105tki. Atrakcj\u0105 dla dzieci by\u0142 zorganizowany przez nauczycieli Dzie\u0144 Hawajski. Tego dnia by\u0142o w naszym przedszkolu jeszcze bardziej weso\u0142o, kolorowo i kwieci\u015bcie!<\/p>\n","protected":false},"author":1,"featured_media":1492,"comment_status":"closed","ping_status":"open","sticky":false,"template":"","format":"standard","meta":{"footnotes":""},"categories":[7],"tags":[],"_links":{"self":[{"href":"https:\/\/zsp14gliwice.pl\/pm40\/wp-json\/wp\/v2\/posts\/1487"}],"collection":[{"href":"https:\/\/zsp14gliwice.pl\/pm40\/wp-json\/wp\/v2\/posts"}],"about":[{"href":"https:\/\/zsp14gliwice.pl\/pm40\/wp-json\/wp\/v2\/types\/post"}],"author":[{"embeddable":true,"href":"https:\/\/zsp14gliwice.pl\/pm40\/wp-json\/wp\/v2\/users\/1"}],"replies":[{"embeddable":true,"href":"https:\/\/zsp14gliwice.pl\/pm40\/wp-json\/wp\/v2\/comments?post=1487"}],"version-history":[{"count":1,"href":"https:\/\/zsp14gliwice.pl\/pm40\/wp-json\/wp\/v2\/posts\/1487\/revisions"}],"predecessor-version":[{"id":1500,"href":"https:\/\/zsp14gliwice.pl\/pm40\/wp-json\/wp\/v2\/posts\/1487\/revisions\/1500"}],"wp:featuredmedia":[{"embeddable":true,"href":"https:\/\/zsp14gliwice.pl\/pm40\/wp-json\/wp\/v2\/media\/1492"}],"wp:attachment":[{"href":"https:\/\/zsp14gliwice.pl\/pm40\/wp-json\/wp\/v2\/media?parent=1487"}],"wp:term":[{"taxonomy":"category","embeddable":true,"href":"https:\/\/zsp14gliwice.pl\/pm40\/wp-json\/wp\/v2\/categories?post=1487"},{"taxonomy":"post_tag","embeddable":true,"href":"https:\/\/zsp14gliwice.pl\/pm40\/wp-json\/wp\/v2\/tags?post=1487"}],"curies":[{"name":"wp","href":"https:\/\/api.w.org\/{rel}","templated":true}]}}