{"id":1481,"date":"2022-07-28T09:23:15","date_gmt":"2022-07-28T07:23:15","guid":{"rendered":"https:\/\/zsp14gliwice.pl\/pm40\/?p=1481"},"modified":"2022-07-28T09:23:53","modified_gmt":"2022-07-28T07:23:53","slug":"pozegnanie-przedszkolakow","status":"publish","type":"post","link":"https:\/\/zsp14gliwice.pl\/pm40\/2022\/07\/28\/pozegnanie-przedszkolakow\/","title":{"rendered":"Po\u017cegnanie przedszkolak\u00f3w"},"content":{"rendered":"\n<p>21 czerwca grupa \u201cTygryski\u201d i \u201cS\u00f3wki\u201d uroczy\u015bcie po\u017cegna\u0142a przedszkole. By\u0142y ta\u0144ce, wiersze i piosenki. Potem dyplomy i nagrody, moc u\u015bcisk\u00f3w i \u017cyczenia wielu sukces\u00f3w w szkole. Niech ka\u017cdy kolejny dzie\u0144 b\u0119dzie dla naszych absolwent\u00f3w wspania\u0142\u0105 przygod\u0105.<\/p>\n\n\n\n<figure class=\"wp-block-gallery has-nested-images columns-default is-cropped wp-block-gallery-1 is-layout-flex wp-block-gallery-is-layout-flex\">\n<figure class=\"wp-block-image size-large\"><a href=\"https:\/\/zsp14gliwice.pl\/pm40\/wp-content\/uploads\/2022\/07\/zsp14gliwice-pm40-pozegnanie-przedszkolakow-1.jpg\"><img loading=\"lazy\" decoding=\"async\" width=\"1024\" height=\"682\" data-id=\"1483\" src=\"https:\/\/zsp14gliwice.pl\/pm40\/wp-content\/uploads\/2022\/07\/zsp14gliwice-pm40-pozegnanie-przedszkolakow-1-1024x682.jpg\" alt=\"\" class=\"wp-image-1483\" srcset=\"https:\/\/zsp14gliwice.pl\/pm40\/wp-content\/uploads\/2022\/07\/zsp14gliwice-pm40-pozegnanie-przedszkolakow-1-1024x682.jpg 1024w, https:\/\/zsp14gliwice.pl\/pm40\/wp-content\/uploads\/2022\/07\/zsp14gliwice-pm40-pozegnanie-przedszkolakow-1-300x200.jpg 300w, https:\/\/zsp14gliwice.pl\/pm40\/wp-content\/uploads\/2022\/07\/zsp14gliwice-pm40-pozegnanie-przedszkolakow-1-768x511.jpg 768w, https:\/\/zsp14gliwice.pl\/pm40\/wp-content\/uploads\/2022\/07\/zsp14gliwice-pm40-pozegnanie-przedszkolakow-1-1536x1023.jpg 1536w, https:\/\/zsp14gliwice.pl\/pm40\/wp-content\/uploads\/2022\/07\/zsp14gliwice-pm40-pozegnanie-przedszkolakow-1-100x67.jpg 100w, https:\/\/zsp14gliwice.pl\/pm40\/wp-content\/uploads\/2022\/07\/zsp14gliwice-pm40-pozegnanie-przedszkolakow-1-862x574.jpg 862w, https:\/\/zsp14gliwice.pl\/pm40\/wp-content\/uploads\/2022\/07\/zsp14gliwice-pm40-pozegnanie-przedszkolakow-1-1200x799.jpg 1200w, https:\/\/zsp14gliwice.pl\/pm40\/wp-content\/uploads\/2022\/07\/zsp14gliwice-pm40-pozegnanie-przedszkolakow-1.jpg 2045w\" sizes=\"(max-width: 1024px) 100vw, 1024px\" \/><\/a><\/figure>\n\n\n\n<figure class=\"wp-block-image size-large\"><a href=\"https:\/\/zsp14gliwice.pl\/pm40\/wp-content\/uploads\/2022\/07\/zsp14gliwice-pm40-pozegnanie-przedszkolakow-2.jpg\"><img loading=\"lazy\" decoding=\"async\" width=\"1024\" height=\"682\" data-id=\"1482\" src=\"https:\/\/zsp14gliwice.pl\/pm40\/wp-content\/uploads\/2022\/07\/zsp14gliwice-pm40-pozegnanie-przedszkolakow-2-1024x682.jpg\" alt=\"\" class=\"wp-image-1482\" srcset=\"https:\/\/zsp14gliwice.pl\/pm40\/wp-content\/uploads\/2022\/07\/zsp14gliwice-pm40-pozegnanie-przedszkolakow-2-1024x682.jpg 1024w, https:\/\/zsp14gliwice.pl\/pm40\/wp-content\/uploads\/2022\/07\/zsp14gliwice-pm40-pozegnanie-przedszkolakow-2-300x200.jpg 300w, https:\/\/zsp14gliwice.pl\/pm40\/wp-content\/uploads\/2022\/07\/zsp14gliwice-pm40-pozegnanie-przedszkolakow-2-768x511.jpg 768w, https:\/\/zsp14gliwice.pl\/pm40\/wp-content\/uploads\/2022\/07\/zsp14gliwice-pm40-pozegnanie-przedszkolakow-2-1536x1023.jpg 1536w, https:\/\/zsp14gliwice.pl\/pm40\/wp-content\/uploads\/2022\/07\/zsp14gliwice-pm40-pozegnanie-przedszkolakow-2-100x67.jpg 100w, https:\/\/zsp14gliwice.pl\/pm40\/wp-content\/uploads\/2022\/07\/zsp14gliwice-pm40-pozegnanie-przedszkolakow-2-862x574.jpg 862w, https:\/\/zsp14gliwice.pl\/pm40\/wp-content\/uploads\/2022\/07\/zsp14gliwice-pm40-pozegnanie-przedszkolakow-2-1200x799.jpg 1200w, https:\/\/zsp14gliwice.pl\/pm40\/wp-content\/uploads\/2022\/07\/zsp14gliwice-pm40-pozegnanie-przedszkolakow-2.jpg 2045w\" sizes=\"(max-width: 1024px) 100vw, 1024px\" \/><\/a><\/figure>\n\n\n\n<figure class=\"wp-block-image size-large\"><a href=\"https:\/\/zsp14gliwice.pl\/pm40\/wp-content\/uploads\/2022\/07\/zsp14gliwice-pm40-pozegnanie-przedszkolakow-3.jpg\"><img loading=\"lazy\" decoding=\"async\" width=\"1024\" height=\"682\" data-id=\"1484\" src=\"https:\/\/zsp14gliwice.pl\/pm40\/wp-content\/uploads\/2022\/07\/zsp14gliwice-pm40-pozegnanie-przedszkolakow-3-1024x682.jpg\" alt=\"\" class=\"wp-image-1484\" srcset=\"https:\/\/zsp14gliwice.pl\/pm40\/wp-content\/uploads\/2022\/07\/zsp14gliwice-pm40-pozegnanie-przedszkolakow-3-1024x682.jpg 1024w, https:\/\/zsp14gliwice.pl\/pm40\/wp-content\/uploads\/2022\/07\/zsp14gliwice-pm40-pozegnanie-przedszkolakow-3-300x200.jpg 300w, https:\/\/zsp14gliwice.pl\/pm40\/wp-content\/uploads\/2022\/07\/zsp14gliwice-pm40-pozegnanie-przedszkolakow-3-768x511.jpg 768w, https:\/\/zsp14gliwice.pl\/pm40\/wp-content\/uploads\/2022\/07\/zsp14gliwice-pm40-pozegnanie-przedszkolakow-3-1536x1023.jpg 1536w, https:\/\/zsp14gliwice.pl\/pm40\/wp-content\/uploads\/2022\/07\/zsp14gliwice-pm40-pozegnanie-przedszkolakow-3-100x67.jpg 100w, https:\/\/zsp14gliwice.pl\/pm40\/wp-content\/uploads\/2022\/07\/zsp14gliwice-pm40-pozegnanie-przedszkolakow-3-862x574.jpg 862w, https:\/\/zsp14gliwice.pl\/pm40\/wp-content\/uploads\/2022\/07\/zsp14gliwice-pm40-pozegnanie-przedszkolakow-3-1200x799.jpg 1200w, https:\/\/zsp14gliwice.pl\/pm40\/wp-content\/uploads\/2022\/07\/zsp14gliwice-pm40-pozegnanie-przedszkolakow-3.jpg 2045w\" sizes=\"(max-width: 1024px) 100vw, 1024px\" \/><\/a><\/figure>\n<\/figure>\n","protected":false},"excerpt":{"rendered":"<p>21 czerwca grupa \u201cTygryski\u201d i \u201cS\u00f3wki\u201d uroczy\u015bcie po\u017cegna\u0142a przedszkole. By\u0142y ta\u0144ce, wiersze i piosenki. Potem dyplomy i nagrody, moc u\u015bcisk\u00f3w i \u017cyczenia wielu sukces\u00f3w w szkole. Niech ka\u017cdy kolejny dzie\u0144 b\u0119dzie dla naszych absolwent\u00f3w wspania\u0142\u0105 przygod\u0105.<\/p>\n","protected":false},"author":1,"featured_media":1483,"comment_status":"closed","ping_status":"open","sticky":false,"template":"","format":"standard","meta":{"footnotes":""},"categories":[7],"tags":[],"_links":{"self":[{"href":"https:\/\/zsp14gliwice.pl\/pm40\/wp-json\/wp\/v2\/posts\/1481"}],"collection":[{"href":"https:\/\/zsp14gliwice.pl\/pm40\/wp-json\/wp\/v2\/posts"}],"about":[{"href":"https:\/\/zsp14gliwice.pl\/pm40\/wp-json\/wp\/v2\/types\/post"}],"author":[{"embeddable":true,"href":"https:\/\/zsp14gliwice.pl\/pm40\/wp-json\/wp\/v2\/users\/1"}],"replies":[{"embeddable":true,"href":"https:\/\/zsp14gliwice.pl\/pm40\/wp-json\/wp\/v2\/comments?post=1481"}],"version-history":[{"count":2,"href":"https:\/\/zsp14gliwice.pl\/pm40\/wp-json\/wp\/v2\/posts\/1481\/revisions"}],"predecessor-version":[{"id":1486,"href":"https:\/\/zsp14gliwice.pl\/pm40\/wp-json\/wp\/v2\/posts\/1481\/revisions\/1486"}],"wp:featuredmedia":[{"embeddable":true,"href":"https:\/\/zsp14gliwice.pl\/pm40\/wp-json\/wp\/v2\/media\/1483"}],"wp:attachment":[{"href":"https:\/\/zsp14gliwice.pl\/pm40\/wp-json\/wp\/v2\/media?parent=1481"}],"wp:term":[{"taxonomy":"category","embeddable":true,"href":"https:\/\/zsp14gliwice.pl\/pm40\/wp-json\/wp\/v2\/categories?post=1481"},{"taxonomy":"post_tag","embeddable":true,"href":"https:\/\/zsp14gliwice.pl\/pm40\/wp-json\/wp\/v2\/tags?post=1481"}],"curies":[{"name":"wp","href":"https:\/\/api.w.org\/{rel}","templated":true}]}}