{"id":1470,"date":"2022-07-28T09:14:56","date_gmt":"2022-07-28T07:14:56","guid":{"rendered":"https:\/\/zsp14gliwice.pl\/pm40\/?p=1470"},"modified":"2022-07-28T09:17:45","modified_gmt":"2022-07-28T07:17:45","slug":"dzieci-dzieciom","status":"publish","type":"post","link":"https:\/\/zsp14gliwice.pl\/pm40\/2022\/07\/28\/dzieci-dzieciom\/","title":{"rendered":"Dzieci &#8211; Dzieciom"},"content":{"rendered":"\n<p>11 czerwca w Centrum Handlowym \u201cForum\u201d mia\u0142o miejsce artystyczno-warsztatowe wydarzenie. Na scenie g\u0142\u00f3wnej Forum mo\u017cna by\u0142o zobaczy\u0107 prezentacje artystyczne dzieci pod has\u0142em \u201cPokoloruj m\u00f3j \u015bwiat na \u017c\u00f3\u0142to i na niebiesko\u201d &#8211; w ramach integracji dzieci z gliwickich przedszkoli. Na scenie w\u015br\u00f3d pi\u0119knych balonowych drzew nasze przedszkole reprezentowa\u0142y dzieci z grupy \u201cJe\u017cyki\u201d. Dla wszystkich dzieci zorganizowane zosta\u0142y bezp\u0142atne warsztaty prowadzone przez nauczycieli: robotyka, malowanie twarzy, balonowy zawr\u00f3t g\u0142owy, warsztaty plastyczne, warsztaty taneczne, warsztaty sensoryczne, warsztaty florystyczne i warkoczyki syntetyczne.<\/p>\n","protected":false},"excerpt":{"rendered":"<p>11 czerwca w Centrum Handlowym \u201cForum\u201d mia\u0142o miejsce artystyczno-warsztatowe wydarzenie. Na scenie g\u0142\u00f3wnej Forum mo\u017cna by\u0142o zobaczy\u0107 prezentacje artystyczne dzieci pod has\u0142em \u201cPokoloruj m\u00f3j \u015bwiat na \u017c\u00f3\u0142to i na niebiesko\u201d &#8211; w ramach integracji dzieci z gliwickich przedszkoli. Na scenie w\u015br\u00f3d pi\u0119knych balonowych drzew nasze przedszkole reprezentowa\u0142y dzieci z grupy \u201cJe\u017cyki\u201d. Dla wszystkich dzieci zorganizowane zosta\u0142y bezp\u0142atne warsztaty prowadzone przez &#8230; <\/p>\n<div><a href=\"https:\/\/zsp14gliwice.pl\/pm40\/2022\/07\/28\/dzieci-dzieciom\/\" class=\"more-link\">Read More<\/a><\/div>\n","protected":false},"author":1,"featured_media":1471,"comment_status":"closed","ping_status":"open","sticky":false,"template":"","format":"standard","meta":{"footnotes":""},"categories":[7],"tags":[],"_links":{"self":[{"href":"https:\/\/zsp14gliwice.pl\/pm40\/wp-json\/wp\/v2\/posts\/1470"}],"collection":[{"href":"https:\/\/zsp14gliwice.pl\/pm40\/wp-json\/wp\/v2\/posts"}],"about":[{"href":"https:\/\/zsp14gliwice.pl\/pm40\/wp-json\/wp\/v2\/types\/post"}],"author":[{"embeddable":true,"href":"https:\/\/zsp14gliwice.pl\/pm40\/wp-json\/wp\/v2\/users\/1"}],"replies":[{"embeddable":true,"href":"https:\/\/zsp14gliwice.pl\/pm40\/wp-json\/wp\/v2\/comments?post=1470"}],"version-history":[{"count":1,"href":"https:\/\/zsp14gliwice.pl\/pm40\/wp-json\/wp\/v2\/posts\/1470\/revisions"}],"predecessor-version":[{"id":1472,"href":"https:\/\/zsp14gliwice.pl\/pm40\/wp-json\/wp\/v2\/posts\/1470\/revisions\/1472"}],"wp:featuredmedia":[{"embeddable":true,"href":"https:\/\/zsp14gliwice.pl\/pm40\/wp-json\/wp\/v2\/media\/1471"}],"wp:attachment":[{"href":"https:\/\/zsp14gliwice.pl\/pm40\/wp-json\/wp\/v2\/media?parent=1470"}],"wp:term":[{"taxonomy":"category","embeddable":true,"href":"https:\/\/zsp14gliwice.pl\/pm40\/wp-json\/wp\/v2\/categories?post=1470"},{"taxonomy":"post_tag","embeddable":true,"href":"https:\/\/zsp14gliwice.pl\/pm40\/wp-json\/wp\/v2\/tags?post=1470"}],"curies":[{"name":"wp","href":"https:\/\/api.w.org\/{rel}","templated":true}]}}