{"id":1458,"date":"2022-07-28T09:05:10","date_gmt":"2022-07-28T07:05:10","guid":{"rendered":"https:\/\/zsp14gliwice.pl\/pm40\/?p=1458"},"modified":"2022-07-28T09:05:26","modified_gmt":"2022-07-28T07:05:26","slug":"dzien-dziecka-2","status":"publish","type":"post","link":"https:\/\/zsp14gliwice.pl\/pm40\/2022\/07\/28\/dzien-dziecka-2\/","title":{"rendered":"Dzie\u0144 Dziecka"},"content":{"rendered":"\n<p>W tym roku Dzie\u0144 Dziecka uczcili\u015bmy b\u0119d\u0105c na przedstawieniu pt. \u201cPi\u0119kna i Bestia\u201d w gliwickim \u201cMrowisku\u201d, a tak\u017ce goszcz\u0105c na zaj\u0119ciach i zabawach sportowych w Marco Football Center w Gliwicach. To by\u0142y wspania\u0142e dni pe\u0142ne atrakcji!<\/p>\n\n\n\n<figure class=\"wp-block-gallery has-nested-images columns-default is-cropped wp-block-gallery-1 is-layout-flex wp-block-gallery-is-layout-flex\">\n<figure class=\"wp-block-image size-large\"><a href=\"https:\/\/zsp14gliwice.pl\/pm40\/wp-content\/uploads\/2022\/07\/zsp14gliwice-pm40-dzien-dziecka-1.jpg\"><img loading=\"lazy\" decoding=\"async\" width=\"1024\" height=\"769\" data-id=\"1463\" src=\"https:\/\/zsp14gliwice.pl\/pm40\/wp-content\/uploads\/2022\/07\/zsp14gliwice-pm40-dzien-dziecka-1-1024x769.jpg\" alt=\"\" class=\"wp-image-1463\" srcset=\"https:\/\/zsp14gliwice.pl\/pm40\/wp-content\/uploads\/2022\/07\/zsp14gliwice-pm40-dzien-dziecka-1-1024x769.jpg 1024w, https:\/\/zsp14gliwice.pl\/pm40\/wp-content\/uploads\/2022\/07\/zsp14gliwice-pm40-dzien-dziecka-1-300x225.jpg 300w, https:\/\/zsp14gliwice.pl\/pm40\/wp-content\/uploads\/2022\/07\/zsp14gliwice-pm40-dzien-dziecka-1-768x576.jpg 768w, https:\/\/zsp14gliwice.pl\/pm40\/wp-content\/uploads\/2022\/07\/zsp14gliwice-pm40-dzien-dziecka-1-1536x1153.jpg 1536w, https:\/\/zsp14gliwice.pl\/pm40\/wp-content\/uploads\/2022\/07\/zsp14gliwice-pm40-dzien-dziecka-1-100x75.jpg 100w, https:\/\/zsp14gliwice.pl\/pm40\/wp-content\/uploads\/2022\/07\/zsp14gliwice-pm40-dzien-dziecka-1-862x647.jpg 862w, https:\/\/zsp14gliwice.pl\/pm40\/wp-content\/uploads\/2022\/07\/zsp14gliwice-pm40-dzien-dziecka-1-1200x901.jpg 1200w, https:\/\/zsp14gliwice.pl\/pm40\/wp-content\/uploads\/2022\/07\/zsp14gliwice-pm40-dzien-dziecka-1.jpg 2045w\" sizes=\"(max-width: 1024px) 100vw, 1024px\" \/><\/a><\/figure>\n\n\n\n<figure class=\"wp-block-image size-large\"><a href=\"https:\/\/zsp14gliwice.pl\/pm40\/wp-content\/uploads\/2022\/07\/zsp14gliwice-pm40-dzien-dziecka-2.jpg\"><img loading=\"lazy\" decoding=\"async\" width=\"1024\" height=\"769\" data-id=\"1460\" src=\"https:\/\/zsp14gliwice.pl\/pm40\/wp-content\/uploads\/2022\/07\/zsp14gliwice-pm40-dzien-dziecka-2-1024x769.jpg\" alt=\"\" class=\"wp-image-1460\" srcset=\"https:\/\/zsp14gliwice.pl\/pm40\/wp-content\/uploads\/2022\/07\/zsp14gliwice-pm40-dzien-dziecka-2-1024x769.jpg 1024w, https:\/\/zsp14gliwice.pl\/pm40\/wp-content\/uploads\/2022\/07\/zsp14gliwice-pm40-dzien-dziecka-2-300x225.jpg 300w, https:\/\/zsp14gliwice.pl\/pm40\/wp-content\/uploads\/2022\/07\/zsp14gliwice-pm40-dzien-dziecka-2-768x576.jpg 768w, https:\/\/zsp14gliwice.pl\/pm40\/wp-content\/uploads\/2022\/07\/zsp14gliwice-pm40-dzien-dziecka-2-1536x1153.jpg 1536w, https:\/\/zsp14gliwice.pl\/pm40\/wp-content\/uploads\/2022\/07\/zsp14gliwice-pm40-dzien-dziecka-2-100x75.jpg 100w, https:\/\/zsp14gliwice.pl\/pm40\/wp-content\/uploads\/2022\/07\/zsp14gliwice-pm40-dzien-dziecka-2-862x647.jpg 862w, https:\/\/zsp14gliwice.pl\/pm40\/wp-content\/uploads\/2022\/07\/zsp14gliwice-pm40-dzien-dziecka-2-1200x901.jpg 1200w, https:\/\/zsp14gliwice.pl\/pm40\/wp-content\/uploads\/2022\/07\/zsp14gliwice-pm40-dzien-dziecka-2.jpg 2045w\" sizes=\"(max-width: 1024px) 100vw, 1024px\" \/><\/a><\/figure>\n\n\n\n<figure class=\"wp-block-image size-large\"><a href=\"https:\/\/zsp14gliwice.pl\/pm40\/wp-content\/uploads\/2022\/07\/zsp14gliwice-pm40-dzien-dziecka-3.jpg\"><img loading=\"lazy\" decoding=\"async\" width=\"1024\" height=\"769\" data-id=\"1459\" src=\"https:\/\/zsp14gliwice.pl\/pm40\/wp-content\/uploads\/2022\/07\/zsp14gliwice-pm40-dzien-dziecka-3-1024x769.jpg\" alt=\"\" class=\"wp-image-1459\" srcset=\"https:\/\/zsp14gliwice.pl\/pm40\/wp-content\/uploads\/2022\/07\/zsp14gliwice-pm40-dzien-dziecka-3-1024x769.jpg 1024w, https:\/\/zsp14gliwice.pl\/pm40\/wp-content\/uploads\/2022\/07\/zsp14gliwice-pm40-dzien-dziecka-3-300x225.jpg 300w, https:\/\/zsp14gliwice.pl\/pm40\/wp-content\/uploads\/2022\/07\/zsp14gliwice-pm40-dzien-dziecka-3-768x576.jpg 768w, https:\/\/zsp14gliwice.pl\/pm40\/wp-content\/uploads\/2022\/07\/zsp14gliwice-pm40-dzien-dziecka-3-1536x1153.jpg 1536w, https:\/\/zsp14gliwice.pl\/pm40\/wp-content\/uploads\/2022\/07\/zsp14gliwice-pm40-dzien-dziecka-3-100x75.jpg 100w, https:\/\/zsp14gliwice.pl\/pm40\/wp-content\/uploads\/2022\/07\/zsp14gliwice-pm40-dzien-dziecka-3-862x647.jpg 862w, https:\/\/zsp14gliwice.pl\/pm40\/wp-content\/uploads\/2022\/07\/zsp14gliwice-pm40-dzien-dziecka-3-1200x901.jpg 1200w, https:\/\/zsp14gliwice.pl\/pm40\/wp-content\/uploads\/2022\/07\/zsp14gliwice-pm40-dzien-dziecka-3.jpg 1600w\" sizes=\"(max-width: 1024px) 100vw, 1024px\" \/><\/a><\/figure>\n\n\n\n<figure class=\"wp-block-image size-large\"><a href=\"https:\/\/zsp14gliwice.pl\/pm40\/wp-content\/uploads\/2022\/07\/zsp14gliwice-pm40-dzien-dziecka-4.jpg\"><img loading=\"lazy\" decoding=\"async\" width=\"1024\" height=\"767\" data-id=\"1464\" src=\"https:\/\/zsp14gliwice.pl\/pm40\/wp-content\/uploads\/2022\/07\/zsp14gliwice-pm40-dzien-dziecka-4-1024x767.jpg\" alt=\"\" class=\"wp-image-1464\" srcset=\"https:\/\/zsp14gliwice.pl\/pm40\/wp-content\/uploads\/2022\/07\/zsp14gliwice-pm40-dzien-dziecka-4-1024x767.jpg 1024w, https:\/\/zsp14gliwice.pl\/pm40\/wp-content\/uploads\/2022\/07\/zsp14gliwice-pm40-dzien-dziecka-4-300x225.jpg 300w, https:\/\/zsp14gliwice.pl\/pm40\/wp-content\/uploads\/2022\/07\/zsp14gliwice-pm40-dzien-dziecka-4-768x575.jpg 768w, https:\/\/zsp14gliwice.pl\/pm40\/wp-content\/uploads\/2022\/07\/zsp14gliwice-pm40-dzien-dziecka-4-1536x1150.jpg 1536w, https:\/\/zsp14gliwice.pl\/pm40\/wp-content\/uploads\/2022\/07\/zsp14gliwice-pm40-dzien-dziecka-4-100x75.jpg 100w, https:\/\/zsp14gliwice.pl\/pm40\/wp-content\/uploads\/2022\/07\/zsp14gliwice-pm40-dzien-dziecka-4-862x646.jpg 862w, https:\/\/zsp14gliwice.pl\/pm40\/wp-content\/uploads\/2022\/07\/zsp14gliwice-pm40-dzien-dziecka-4-1200x899.jpg 1200w, https:\/\/zsp14gliwice.pl\/pm40\/wp-content\/uploads\/2022\/07\/zsp14gliwice-pm40-dzien-dziecka-4.jpg 1995w\" sizes=\"(max-width: 1024px) 100vw, 1024px\" \/><\/a><\/figure>\n\n\n\n<figure class=\"wp-block-image size-large\"><a href=\"https:\/\/zsp14gliwice.pl\/pm40\/wp-content\/uploads\/2022\/07\/zsp14gliwice-pm40-dzien-dziecka-5.jpg\"><img loading=\"lazy\" decoding=\"async\" width=\"1024\" height=\"767\" data-id=\"1462\" src=\"https:\/\/zsp14gliwice.pl\/pm40\/wp-content\/uploads\/2022\/07\/zsp14gliwice-pm40-dzien-dziecka-5-1024x767.jpg\" alt=\"\" class=\"wp-image-1462\" srcset=\"https:\/\/zsp14gliwice.pl\/pm40\/wp-content\/uploads\/2022\/07\/zsp14gliwice-pm40-dzien-dziecka-5-1024x767.jpg 1024w, https:\/\/zsp14gliwice.pl\/pm40\/wp-content\/uploads\/2022\/07\/zsp14gliwice-pm40-dzien-dziecka-5-300x225.jpg 300w, https:\/\/zsp14gliwice.pl\/pm40\/wp-content\/uploads\/2022\/07\/zsp14gliwice-pm40-dzien-dziecka-5-768x575.jpg 768w, https:\/\/zsp14gliwice.pl\/pm40\/wp-content\/uploads\/2022\/07\/zsp14gliwice-pm40-dzien-dziecka-5-1536x1150.jpg 1536w, https:\/\/zsp14gliwice.pl\/pm40\/wp-content\/uploads\/2022\/07\/zsp14gliwice-pm40-dzien-dziecka-5-100x75.jpg 100w, https:\/\/zsp14gliwice.pl\/pm40\/wp-content\/uploads\/2022\/07\/zsp14gliwice-pm40-dzien-dziecka-5-862x646.jpg 862w, https:\/\/zsp14gliwice.pl\/pm40\/wp-content\/uploads\/2022\/07\/zsp14gliwice-pm40-dzien-dziecka-5-1200x899.jpg 1200w, https:\/\/zsp14gliwice.pl\/pm40\/wp-content\/uploads\/2022\/07\/zsp14gliwice-pm40-dzien-dziecka-5.jpg 1995w\" sizes=\"(max-width: 1024px) 100vw, 1024px\" \/><\/a><\/figure>\n\n\n\n<figure class=\"wp-block-image size-large\"><a href=\"https:\/\/zsp14gliwice.pl\/pm40\/wp-content\/uploads\/2022\/07\/zsp14gliwice-pm40-dzien-dziecka-6.jpg\"><img loading=\"lazy\" decoding=\"async\" width=\"1024\" height=\"767\" data-id=\"1461\" src=\"https:\/\/zsp14gliwice.pl\/pm40\/wp-content\/uploads\/2022\/07\/zsp14gliwice-pm40-dzien-dziecka-6-1024x767.jpg\" alt=\"\" class=\"wp-image-1461\" srcset=\"https:\/\/zsp14gliwice.pl\/pm40\/wp-content\/uploads\/2022\/07\/zsp14gliwice-pm40-dzien-dziecka-6-1024x767.jpg 1024w, https:\/\/zsp14gliwice.pl\/pm40\/wp-content\/uploads\/2022\/07\/zsp14gliwice-pm40-dzien-dziecka-6-300x225.jpg 300w, https:\/\/zsp14gliwice.pl\/pm40\/wp-content\/uploads\/2022\/07\/zsp14gliwice-pm40-dzien-dziecka-6-768x575.jpg 768w, https:\/\/zsp14gliwice.pl\/pm40\/wp-content\/uploads\/2022\/07\/zsp14gliwice-pm40-dzien-dziecka-6-1536x1150.jpg 1536w, https:\/\/zsp14gliwice.pl\/pm40\/wp-content\/uploads\/2022\/07\/zsp14gliwice-pm40-dzien-dziecka-6-100x75.jpg 100w, https:\/\/zsp14gliwice.pl\/pm40\/wp-content\/uploads\/2022\/07\/zsp14gliwice-pm40-dzien-dziecka-6-862x646.jpg 862w, https:\/\/zsp14gliwice.pl\/pm40\/wp-content\/uploads\/2022\/07\/zsp14gliwice-pm40-dzien-dziecka-6-1200x899.jpg 1200w, https:\/\/zsp14gliwice.pl\/pm40\/wp-content\/uploads\/2022\/07\/zsp14gliwice-pm40-dzien-dziecka-6.jpg 1995w\" sizes=\"(max-width: 1024px) 100vw, 1024px\" \/><\/a><\/figure>\n\n\n\n<figure class=\"wp-block-image size-large\"><a href=\"https:\/\/zsp14gliwice.pl\/pm40\/wp-content\/uploads\/2022\/07\/zsp14gliwice-pm40-dzien-dziecka-7.jpg\"><img loading=\"lazy\" decoding=\"async\" width=\"1024\" height=\"767\" data-id=\"1465\" src=\"https:\/\/zsp14gliwice.pl\/pm40\/wp-content\/uploads\/2022\/07\/zsp14gliwice-pm40-dzien-dziecka-7-1024x767.jpg\" alt=\"\" class=\"wp-image-1465\" srcset=\"https:\/\/zsp14gliwice.pl\/pm40\/wp-content\/uploads\/2022\/07\/zsp14gliwice-pm40-dzien-dziecka-7-1024x767.jpg 1024w, https:\/\/zsp14gliwice.pl\/pm40\/wp-content\/uploads\/2022\/07\/zsp14gliwice-pm40-dzien-dziecka-7-300x225.jpg 300w, https:\/\/zsp14gliwice.pl\/pm40\/wp-content\/uploads\/2022\/07\/zsp14gliwice-pm40-dzien-dziecka-7-768x575.jpg 768w, https:\/\/zsp14gliwice.pl\/pm40\/wp-content\/uploads\/2022\/07\/zsp14gliwice-pm40-dzien-dziecka-7-1536x1150.jpg 1536w, https:\/\/zsp14gliwice.pl\/pm40\/wp-content\/uploads\/2022\/07\/zsp14gliwice-pm40-dzien-dziecka-7-100x75.jpg 100w, https:\/\/zsp14gliwice.pl\/pm40\/wp-content\/uploads\/2022\/07\/zsp14gliwice-pm40-dzien-dziecka-7-862x646.jpg 862w, https:\/\/zsp14gliwice.pl\/pm40\/wp-content\/uploads\/2022\/07\/zsp14gliwice-pm40-dzien-dziecka-7-1200x899.jpg 1200w, https:\/\/zsp14gliwice.pl\/pm40\/wp-content\/uploads\/2022\/07\/zsp14gliwice-pm40-dzien-dziecka-7.jpg 1995w\" sizes=\"(max-width: 1024px) 100vw, 1024px\" \/><\/a><\/figure>\n\n\n\n<figure class=\"wp-block-image size-large\"><a href=\"https:\/\/zsp14gliwice.pl\/pm40\/wp-content\/uploads\/2022\/07\/zsp14gliwice-pm40-dzien-dziecka-8.jpg\"><img loading=\"lazy\" decoding=\"async\" width=\"1024\" height=\"767\" data-id=\"1467\" src=\"https:\/\/zsp14gliwice.pl\/pm40\/wp-content\/uploads\/2022\/07\/zsp14gliwice-pm40-dzien-dziecka-8-1024x767.jpg\" alt=\"\" class=\"wp-image-1467\" srcset=\"https:\/\/zsp14gliwice.pl\/pm40\/wp-content\/uploads\/2022\/07\/zsp14gliwice-pm40-dzien-dziecka-8-1024x767.jpg 1024w, https:\/\/zsp14gliwice.pl\/pm40\/wp-content\/uploads\/2022\/07\/zsp14gliwice-pm40-dzien-dziecka-8-300x225.jpg 300w, https:\/\/zsp14gliwice.pl\/pm40\/wp-content\/uploads\/2022\/07\/zsp14gliwice-pm40-dzien-dziecka-8-768x575.jpg 768w, https:\/\/zsp14gliwice.pl\/pm40\/wp-content\/uploads\/2022\/07\/zsp14gliwice-pm40-dzien-dziecka-8-1536x1151.jpg 1536w, https:\/\/zsp14gliwice.pl\/pm40\/wp-content\/uploads\/2022\/07\/zsp14gliwice-pm40-dzien-dziecka-8-100x75.jpg 100w, https:\/\/zsp14gliwice.pl\/pm40\/wp-content\/uploads\/2022\/07\/zsp14gliwice-pm40-dzien-dziecka-8-862x646.jpg 862w, https:\/\/zsp14gliwice.pl\/pm40\/wp-content\/uploads\/2022\/07\/zsp14gliwice-pm40-dzien-dziecka-8-1200x899.jpg 1200w, https:\/\/zsp14gliwice.pl\/pm40\/wp-content\/uploads\/2022\/07\/zsp14gliwice-pm40-dzien-dziecka-8.jpg 2045w\" sizes=\"(max-width: 1024px) 100vw, 1024px\" \/><\/a><\/figure>\n\n\n\n<figure class=\"wp-block-image size-large\"><a href=\"https:\/\/zsp14gliwice.pl\/pm40\/wp-content\/uploads\/2022\/07\/zsp14gliwice-pm40-dzien-dziecka-9.jpg\"><img loading=\"lazy\" decoding=\"async\" width=\"1024\" height=\"767\" data-id=\"1466\" src=\"https:\/\/zsp14gliwice.pl\/pm40\/wp-content\/uploads\/2022\/07\/zsp14gliwice-pm40-dzien-dziecka-9-1024x767.jpg\" alt=\"\" class=\"wp-image-1466\" srcset=\"https:\/\/zsp14gliwice.pl\/pm40\/wp-content\/uploads\/2022\/07\/zsp14gliwice-pm40-dzien-dziecka-9-1024x767.jpg 1024w, https:\/\/zsp14gliwice.pl\/pm40\/wp-content\/uploads\/2022\/07\/zsp14gliwice-pm40-dzien-dziecka-9-300x225.jpg 300w, https:\/\/zsp14gliwice.pl\/pm40\/wp-content\/uploads\/2022\/07\/zsp14gliwice-pm40-dzien-dziecka-9-768x575.jpg 768w, https:\/\/zsp14gliwice.pl\/pm40\/wp-content\/uploads\/2022\/07\/zsp14gliwice-pm40-dzien-dziecka-9-1536x1150.jpg 1536w, https:\/\/zsp14gliwice.pl\/pm40\/wp-content\/uploads\/2022\/07\/zsp14gliwice-pm40-dzien-dziecka-9-100x75.jpg 100w, https:\/\/zsp14gliwice.pl\/pm40\/wp-content\/uploads\/2022\/07\/zsp14gliwice-pm40-dzien-dziecka-9-862x645.jpg 862w, https:\/\/zsp14gliwice.pl\/pm40\/wp-content\/uploads\/2022\/07\/zsp14gliwice-pm40-dzien-dziecka-9-1200x899.jpg 1200w, https:\/\/zsp14gliwice.pl\/pm40\/wp-content\/uploads\/2022\/07\/zsp14gliwice-pm40-dzien-dziecka-9.jpg 1600w\" sizes=\"(max-width: 1024px) 100vw, 1024px\" \/><\/a><\/figure>\n<\/figure>\n","protected":false},"excerpt":{"rendered":"<p>W tym roku Dzie\u0144 Dziecka uczcili\u015bmy b\u0119d\u0105c na przedstawieniu pt. \u201cPi\u0119kna i Bestia\u201d w gliwickim \u201cMrowisku\u201d, a tak\u017ce goszcz\u0105c na zaj\u0119ciach i zabawach sportowych w Marco Football Center w Gliwicach. To by\u0142y wspania\u0142e dni pe\u0142ne atrakcji!<\/p>\n","protected":false},"author":1,"featured_media":1463,"comment_status":"closed","ping_status":"open","sticky":false,"template":"","format":"standard","meta":{"footnotes":""},"categories":[7],"tags":[],"_links":{"self":[{"href":"https:\/\/zsp14gliwice.pl\/pm40\/wp-json\/wp\/v2\/posts\/1458"}],"collection":[{"href":"https:\/\/zsp14gliwice.pl\/pm40\/wp-json\/wp\/v2\/posts"}],"about":[{"href":"https:\/\/zsp14gliwice.pl\/pm40\/wp-json\/wp\/v2\/types\/post"}],"author":[{"embeddable":true,"href":"https:\/\/zsp14gliwice.pl\/pm40\/wp-json\/wp\/v2\/users\/1"}],"replies":[{"embeddable":true,"href":"https:\/\/zsp14gliwice.pl\/pm40\/wp-json\/wp\/v2\/comments?post=1458"}],"version-history":[{"count":2,"href":"https:\/\/zsp14gliwice.pl\/pm40\/wp-json\/wp\/v2\/posts\/1458\/revisions"}],"predecessor-version":[{"id":1469,"href":"https:\/\/zsp14gliwice.pl\/pm40\/wp-json\/wp\/v2\/posts\/1458\/revisions\/1469"}],"wp:featuredmedia":[{"embeddable":true,"href":"https:\/\/zsp14gliwice.pl\/pm40\/wp-json\/wp\/v2\/media\/1463"}],"wp:attachment":[{"href":"https:\/\/zsp14gliwice.pl\/pm40\/wp-json\/wp\/v2\/media?parent=1458"}],"wp:term":[{"taxonomy":"category","embeddable":true,"href":"https:\/\/zsp14gliwice.pl\/pm40\/wp-json\/wp\/v2\/categories?post=1458"},{"taxonomy":"post_tag","embeddable":true,"href":"https:\/\/zsp14gliwice.pl\/pm40\/wp-json\/wp\/v2\/tags?post=1458"}],"curies":[{"name":"wp","href":"https:\/\/api.w.org\/{rel}","templated":true}]}}