{"id":1450,"date":"2022-07-28T08:57:50","date_gmt":"2022-07-28T06:57:50","guid":{"rendered":"https:\/\/zsp14gliwice.pl\/pm40\/?p=1450"},"modified":"2022-07-28T08:57:51","modified_gmt":"2022-07-28T06:57:51","slug":"dzien-mamy-i-taty","status":"publish","type":"post","link":"https:\/\/zsp14gliwice.pl\/pm40\/2022\/07\/28\/dzien-mamy-i-taty\/","title":{"rendered":"Dzie\u0144 Mamy i Taty"},"content":{"rendered":"\n<p>Aby uczci\u0107 naszych ukochanych Rodzic\u00f3w ka\u017cda grupa przygotowa\u0142a wyst\u0119p z okazji Dnia Mamy i Taty. Wierszyki, piosenki, ta\u0144ce i najserdeczniejsze \u017cyczenia nie mia\u0142y ko\u0144ca, dla tych najwa\u017cniejszych os\u00f3b w \u017cyciu ma\u0142ego cz\u0142owieka.<\/p>\n\n\n\n<figure class=\"wp-block-gallery has-nested-images columns-default is-cropped wp-block-gallery-1 is-layout-flex wp-block-gallery-is-layout-flex\">\n<figure class=\"wp-block-image size-large\"><a href=\"https:\/\/zsp14gliwice.pl\/pm40\/wp-content\/uploads\/2022\/07\/zsp14gliwice-pm40-dzien-mamy-i-taty-1.jpg\"><img loading=\"lazy\" decoding=\"async\" width=\"1024\" height=\"760\" data-id=\"1453\" src=\"https:\/\/zsp14gliwice.pl\/pm40\/wp-content\/uploads\/2022\/07\/zsp14gliwice-pm40-dzien-mamy-i-taty-1-1024x760.jpg\" alt=\"\" class=\"wp-image-1453\" srcset=\"https:\/\/zsp14gliwice.pl\/pm40\/wp-content\/uploads\/2022\/07\/zsp14gliwice-pm40-dzien-mamy-i-taty-1-1024x760.jpg 1024w, https:\/\/zsp14gliwice.pl\/pm40\/wp-content\/uploads\/2022\/07\/zsp14gliwice-pm40-dzien-mamy-i-taty-1-300x223.jpg 300w, https:\/\/zsp14gliwice.pl\/pm40\/wp-content\/uploads\/2022\/07\/zsp14gliwice-pm40-dzien-mamy-i-taty-1-768x570.jpg 768w, https:\/\/zsp14gliwice.pl\/pm40\/wp-content\/uploads\/2022\/07\/zsp14gliwice-pm40-dzien-mamy-i-taty-1-1536x1141.jpg 1536w, https:\/\/zsp14gliwice.pl\/pm40\/wp-content\/uploads\/2022\/07\/zsp14gliwice-pm40-dzien-mamy-i-taty-1-100x74.jpg 100w, https:\/\/zsp14gliwice.pl\/pm40\/wp-content\/uploads\/2022\/07\/zsp14gliwice-pm40-dzien-mamy-i-taty-1-862x640.jpg 862w, https:\/\/zsp14gliwice.pl\/pm40\/wp-content\/uploads\/2022\/07\/zsp14gliwice-pm40-dzien-mamy-i-taty-1-1200x891.jpg 1200w, https:\/\/zsp14gliwice.pl\/pm40\/wp-content\/uploads\/2022\/07\/zsp14gliwice-pm40-dzien-mamy-i-taty-1.jpg 1593w\" sizes=\"(max-width: 1024px) 100vw, 1024px\" \/><\/a><\/figure>\n\n\n\n<figure class=\"wp-block-image size-large\"><a href=\"https:\/\/zsp14gliwice.pl\/pm40\/wp-content\/uploads\/2022\/07\/zsp14gliwice-pm40-dzien-mamy-i-taty-2.jpg\"><img loading=\"lazy\" decoding=\"async\" width=\"1024\" height=\"577\" data-id=\"1456\" src=\"https:\/\/zsp14gliwice.pl\/pm40\/wp-content\/uploads\/2022\/07\/zsp14gliwice-pm40-dzien-mamy-i-taty-2-1024x577.jpg\" alt=\"\" class=\"wp-image-1456\" srcset=\"https:\/\/zsp14gliwice.pl\/pm40\/wp-content\/uploads\/2022\/07\/zsp14gliwice-pm40-dzien-mamy-i-taty-2-1024x577.jpg 1024w, https:\/\/zsp14gliwice.pl\/pm40\/wp-content\/uploads\/2022\/07\/zsp14gliwice-pm40-dzien-mamy-i-taty-2-300x169.jpg 300w, https:\/\/zsp14gliwice.pl\/pm40\/wp-content\/uploads\/2022\/07\/zsp14gliwice-pm40-dzien-mamy-i-taty-2-768x433.jpg 768w, https:\/\/zsp14gliwice.pl\/pm40\/wp-content\/uploads\/2022\/07\/zsp14gliwice-pm40-dzien-mamy-i-taty-2-1536x865.jpg 1536w, https:\/\/zsp14gliwice.pl\/pm40\/wp-content\/uploads\/2022\/07\/zsp14gliwice-pm40-dzien-mamy-i-taty-2-100x56.jpg 100w, https:\/\/zsp14gliwice.pl\/pm40\/wp-content\/uploads\/2022\/07\/zsp14gliwice-pm40-dzien-mamy-i-taty-2-862x486.jpg 862w, https:\/\/zsp14gliwice.pl\/pm40\/wp-content\/uploads\/2022\/07\/zsp14gliwice-pm40-dzien-mamy-i-taty-2-1200x676.jpg 1200w, https:\/\/zsp14gliwice.pl\/pm40\/wp-content\/uploads\/2022\/07\/zsp14gliwice-pm40-dzien-mamy-i-taty-2.jpg 2013w\" sizes=\"(max-width: 1024px) 100vw, 1024px\" \/><\/a><\/figure>\n\n\n\n<figure class=\"wp-block-image size-large\"><a href=\"https:\/\/zsp14gliwice.pl\/pm40\/wp-content\/uploads\/2022\/07\/zsp14gliwice-pm40-dzien-mamy-i-taty-3.jpg\"><img loading=\"lazy\" decoding=\"async\" width=\"1024\" height=\"577\" data-id=\"1455\" src=\"https:\/\/zsp14gliwice.pl\/pm40\/wp-content\/uploads\/2022\/07\/zsp14gliwice-pm40-dzien-mamy-i-taty-3-1024x577.jpg\" alt=\"\" class=\"wp-image-1455\" srcset=\"https:\/\/zsp14gliwice.pl\/pm40\/wp-content\/uploads\/2022\/07\/zsp14gliwice-pm40-dzien-mamy-i-taty-3-1024x577.jpg 1024w, https:\/\/zsp14gliwice.pl\/pm40\/wp-content\/uploads\/2022\/07\/zsp14gliwice-pm40-dzien-mamy-i-taty-3-300x169.jpg 300w, https:\/\/zsp14gliwice.pl\/pm40\/wp-content\/uploads\/2022\/07\/zsp14gliwice-pm40-dzien-mamy-i-taty-3-768x433.jpg 768w, https:\/\/zsp14gliwice.pl\/pm40\/wp-content\/uploads\/2022\/07\/zsp14gliwice-pm40-dzien-mamy-i-taty-3-1536x865.jpg 1536w, https:\/\/zsp14gliwice.pl\/pm40\/wp-content\/uploads\/2022\/07\/zsp14gliwice-pm40-dzien-mamy-i-taty-3-100x56.jpg 100w, https:\/\/zsp14gliwice.pl\/pm40\/wp-content\/uploads\/2022\/07\/zsp14gliwice-pm40-dzien-mamy-i-taty-3-862x486.jpg 862w, https:\/\/zsp14gliwice.pl\/pm40\/wp-content\/uploads\/2022\/07\/zsp14gliwice-pm40-dzien-mamy-i-taty-3-1200x676.jpg 1200w, https:\/\/zsp14gliwice.pl\/pm40\/wp-content\/uploads\/2022\/07\/zsp14gliwice-pm40-dzien-mamy-i-taty-3.jpg 2013w\" sizes=\"(max-width: 1024px) 100vw, 1024px\" \/><\/a><\/figure>\n\n\n\n<figure class=\"wp-block-image size-large\"><a href=\"https:\/\/zsp14gliwice.pl\/pm40\/wp-content\/uploads\/2022\/07\/zsp14gliwice-pm40-dzien-mamy-i-taty-4.jpg\"><img loading=\"lazy\" decoding=\"async\" width=\"1024\" height=\"577\" data-id=\"1451\" src=\"https:\/\/zsp14gliwice.pl\/pm40\/wp-content\/uploads\/2022\/07\/zsp14gliwice-pm40-dzien-mamy-i-taty-4-1024x577.jpg\" alt=\"\" class=\"wp-image-1451\" srcset=\"https:\/\/zsp14gliwice.pl\/pm40\/wp-content\/uploads\/2022\/07\/zsp14gliwice-pm40-dzien-mamy-i-taty-4-1024x577.jpg 1024w, https:\/\/zsp14gliwice.pl\/pm40\/wp-content\/uploads\/2022\/07\/zsp14gliwice-pm40-dzien-mamy-i-taty-4-300x169.jpg 300w, https:\/\/zsp14gliwice.pl\/pm40\/wp-content\/uploads\/2022\/07\/zsp14gliwice-pm40-dzien-mamy-i-taty-4-768x433.jpg 768w, https:\/\/zsp14gliwice.pl\/pm40\/wp-content\/uploads\/2022\/07\/zsp14gliwice-pm40-dzien-mamy-i-taty-4-1536x865.jpg 1536w, https:\/\/zsp14gliwice.pl\/pm40\/wp-content\/uploads\/2022\/07\/zsp14gliwice-pm40-dzien-mamy-i-taty-4-100x56.jpg 100w, https:\/\/zsp14gliwice.pl\/pm40\/wp-content\/uploads\/2022\/07\/zsp14gliwice-pm40-dzien-mamy-i-taty-4-862x486.jpg 862w, https:\/\/zsp14gliwice.pl\/pm40\/wp-content\/uploads\/2022\/07\/zsp14gliwice-pm40-dzien-mamy-i-taty-4-1200x676.jpg 1200w, https:\/\/zsp14gliwice.pl\/pm40\/wp-content\/uploads\/2022\/07\/zsp14gliwice-pm40-dzien-mamy-i-taty-4.jpg 2013w\" sizes=\"(max-width: 1024px) 100vw, 1024px\" \/><\/a><\/figure>\n\n\n\n<figure class=\"wp-block-image size-large\"><a href=\"https:\/\/zsp14gliwice.pl\/pm40\/wp-content\/uploads\/2022\/07\/zsp14gliwice-pm40-dzien-mamy-i-taty-5.jpg\"><img loading=\"lazy\" decoding=\"async\" width=\"1024\" height=\"478\" data-id=\"1454\" src=\"https:\/\/zsp14gliwice.pl\/pm40\/wp-content\/uploads\/2022\/07\/zsp14gliwice-pm40-dzien-mamy-i-taty-5-1024x478.jpg\" alt=\"\" class=\"wp-image-1454\" srcset=\"https:\/\/zsp14gliwice.pl\/pm40\/wp-content\/uploads\/2022\/07\/zsp14gliwice-pm40-dzien-mamy-i-taty-5-1024x478.jpg 1024w, https:\/\/zsp14gliwice.pl\/pm40\/wp-content\/uploads\/2022\/07\/zsp14gliwice-pm40-dzien-mamy-i-taty-5-300x140.jpg 300w, https:\/\/zsp14gliwice.pl\/pm40\/wp-content\/uploads\/2022\/07\/zsp14gliwice-pm40-dzien-mamy-i-taty-5-768x359.jpg 768w, https:\/\/zsp14gliwice.pl\/pm40\/wp-content\/uploads\/2022\/07\/zsp14gliwice-pm40-dzien-mamy-i-taty-5-1536x718.jpg 1536w, https:\/\/zsp14gliwice.pl\/pm40\/wp-content\/uploads\/2022\/07\/zsp14gliwice-pm40-dzien-mamy-i-taty-5-100x47.jpg 100w, https:\/\/zsp14gliwice.pl\/pm40\/wp-content\/uploads\/2022\/07\/zsp14gliwice-pm40-dzien-mamy-i-taty-5-862x403.jpg 862w, https:\/\/zsp14gliwice.pl\/pm40\/wp-content\/uploads\/2022\/07\/zsp14gliwice-pm40-dzien-mamy-i-taty-5-1200x561.jpg 1200w, https:\/\/zsp14gliwice.pl\/pm40\/wp-content\/uploads\/2022\/07\/zsp14gliwice-pm40-dzien-mamy-i-taty-5.jpg 1781w\" sizes=\"(max-width: 1024px) 100vw, 1024px\" \/><\/a><\/figure>\n\n\n\n<figure class=\"wp-block-image size-large\"><a href=\"https:\/\/zsp14gliwice.pl\/pm40\/wp-content\/uploads\/2022\/07\/zsp14gliwice-pm40-dzien-mamy-i-taty-6.jpg\"><img loading=\"lazy\" decoding=\"async\" width=\"985\" height=\"589\" data-id=\"1452\" src=\"https:\/\/zsp14gliwice.pl\/pm40\/wp-content\/uploads\/2022\/07\/zsp14gliwice-pm40-dzien-mamy-i-taty-6.jpg\" alt=\"\" class=\"wp-image-1452\" srcset=\"https:\/\/zsp14gliwice.pl\/pm40\/wp-content\/uploads\/2022\/07\/zsp14gliwice-pm40-dzien-mamy-i-taty-6.jpg 985w, https:\/\/zsp14gliwice.pl\/pm40\/wp-content\/uploads\/2022\/07\/zsp14gliwice-pm40-dzien-mamy-i-taty-6-300x179.jpg 300w, https:\/\/zsp14gliwice.pl\/pm40\/wp-content\/uploads\/2022\/07\/zsp14gliwice-pm40-dzien-mamy-i-taty-6-768x459.jpg 768w, https:\/\/zsp14gliwice.pl\/pm40\/wp-content\/uploads\/2022\/07\/zsp14gliwice-pm40-dzien-mamy-i-taty-6-100x60.jpg 100w, https:\/\/zsp14gliwice.pl\/pm40\/wp-content\/uploads\/2022\/07\/zsp14gliwice-pm40-dzien-mamy-i-taty-6-862x515.jpg 862w\" sizes=\"(max-width: 985px) 100vw, 985px\" \/><\/a><\/figure>\n<\/figure>\n","protected":false},"excerpt":{"rendered":"<p>Aby uczci\u0107 naszych ukochanych Rodzic\u00f3w ka\u017cda grupa przygotowa\u0142a wyst\u0119p z okazji Dnia Mamy i Taty. Wierszyki, piosenki, ta\u0144ce i najserdeczniejsze \u017cyczenia nie mia\u0142y ko\u0144ca, dla tych najwa\u017cniejszych os\u00f3b w \u017cyciu ma\u0142ego cz\u0142owieka.<\/p>\n","protected":false},"author":1,"featured_media":1453,"comment_status":"closed","ping_status":"open","sticky":false,"template":"","format":"standard","meta":{"footnotes":""},"categories":[7],"tags":[],"_links":{"self":[{"href":"https:\/\/zsp14gliwice.pl\/pm40\/wp-json\/wp\/v2\/posts\/1450"}],"collection":[{"href":"https:\/\/zsp14gliwice.pl\/pm40\/wp-json\/wp\/v2\/posts"}],"about":[{"href":"https:\/\/zsp14gliwice.pl\/pm40\/wp-json\/wp\/v2\/types\/post"}],"author":[{"embeddable":true,"href":"https:\/\/zsp14gliwice.pl\/pm40\/wp-json\/wp\/v2\/users\/1"}],"replies":[{"embeddable":true,"href":"https:\/\/zsp14gliwice.pl\/pm40\/wp-json\/wp\/v2\/comments?post=1450"}],"version-history":[{"count":1,"href":"https:\/\/zsp14gliwice.pl\/pm40\/wp-json\/wp\/v2\/posts\/1450\/revisions"}],"predecessor-version":[{"id":1457,"href":"https:\/\/zsp14gliwice.pl\/pm40\/wp-json\/wp\/v2\/posts\/1450\/revisions\/1457"}],"wp:featuredmedia":[{"embeddable":true,"href":"https:\/\/zsp14gliwice.pl\/pm40\/wp-json\/wp\/v2\/media\/1453"}],"wp:attachment":[{"href":"https:\/\/zsp14gliwice.pl\/pm40\/wp-json\/wp\/v2\/media?parent=1450"}],"wp:term":[{"taxonomy":"category","embeddable":true,"href":"https:\/\/zsp14gliwice.pl\/pm40\/wp-json\/wp\/v2\/categories?post=1450"},{"taxonomy":"post_tag","embeddable":true,"href":"https:\/\/zsp14gliwice.pl\/pm40\/wp-json\/wp\/v2\/tags?post=1450"}],"curies":[{"name":"wp","href":"https:\/\/api.w.org\/{rel}","templated":true}]}}