{"id":1446,"date":"2022-07-28T08:47:52","date_gmt":"2022-07-28T06:47:52","guid":{"rendered":"https:\/\/zsp14gliwice.pl\/pm40\/?p=1446"},"modified":"2022-07-28T08:47:53","modified_gmt":"2022-07-28T06:47:53","slug":"gliwickie-swieto-rodziny","status":"publish","type":"post","link":"https:\/\/zsp14gliwice.pl\/pm40\/2022\/07\/28\/gliwickie-swieto-rodziny\/","title":{"rendered":"Gliwickie \u015bwi\u0119to Rodziny"},"content":{"rendered":"\n<p>21 maja w Parku Chopina odby\u0142o si\u0119 Gliwickie \u015awi\u0119to Rodziny, w kt\u00f3rym wzi\u0119li udzia\u0142 przedstawiciele naszego przedszkola. Z tej okazji grupa \u201cS\u00f3wki\u201d zaprezentowa\u0142a na scenie dwie piosenki. By\u0142o bardzo rado\u015bnie i rodzinnie!<\/p>\n\n\n\n<figure class=\"wp-block-gallery has-nested-images columns-default is-cropped wp-block-gallery-1 is-layout-flex wp-block-gallery-is-layout-flex\">\n<figure class=\"wp-block-image size-large\"><a href=\"https:\/\/zsp14gliwice.pl\/pm40\/wp-content\/uploads\/2022\/07\/zsp14gliwice-pm40-gliwickie-swieto-rodziny-1.jpg\"><img loading=\"lazy\" decoding=\"async\" width=\"1024\" height=\"577\" data-id=\"1448\" src=\"https:\/\/zsp14gliwice.pl\/pm40\/wp-content\/uploads\/2022\/07\/zsp14gliwice-pm40-gliwickie-swieto-rodziny-1-1024x577.jpg\" alt=\"\" class=\"wp-image-1448\" srcset=\"https:\/\/zsp14gliwice.pl\/pm40\/wp-content\/uploads\/2022\/07\/zsp14gliwice-pm40-gliwickie-swieto-rodziny-1-1024x577.jpg 1024w, https:\/\/zsp14gliwice.pl\/pm40\/wp-content\/uploads\/2022\/07\/zsp14gliwice-pm40-gliwickie-swieto-rodziny-1-300x169.jpg 300w, https:\/\/zsp14gliwice.pl\/pm40\/wp-content\/uploads\/2022\/07\/zsp14gliwice-pm40-gliwickie-swieto-rodziny-1-768x432.jpg 768w, https:\/\/zsp14gliwice.pl\/pm40\/wp-content\/uploads\/2022\/07\/zsp14gliwice-pm40-gliwickie-swieto-rodziny-1-1536x865.jpg 1536w, https:\/\/zsp14gliwice.pl\/pm40\/wp-content\/uploads\/2022\/07\/zsp14gliwice-pm40-gliwickie-swieto-rodziny-1-100x56.jpg 100w, https:\/\/zsp14gliwice.pl\/pm40\/wp-content\/uploads\/2022\/07\/zsp14gliwice-pm40-gliwickie-swieto-rodziny-1-862x485.jpg 862w, https:\/\/zsp14gliwice.pl\/pm40\/wp-content\/uploads\/2022\/07\/zsp14gliwice-pm40-gliwickie-swieto-rodziny-1-1200x676.jpg 1200w, https:\/\/zsp14gliwice.pl\/pm40\/wp-content\/uploads\/2022\/07\/zsp14gliwice-pm40-gliwickie-swieto-rodziny-1.jpg 1593w\" sizes=\"(max-width: 1024px) 100vw, 1024px\" \/><\/a><\/figure>\n\n\n\n<figure class=\"wp-block-image size-large\"><a href=\"https:\/\/zsp14gliwice.pl\/pm40\/wp-content\/uploads\/2022\/07\/zsp14gliwice-pm40-gliwickie-swieto-rodziny-2.jpg\"><img loading=\"lazy\" decoding=\"async\" width=\"1024\" height=\"1022\" data-id=\"1447\" src=\"https:\/\/zsp14gliwice.pl\/pm40\/wp-content\/uploads\/2022\/07\/zsp14gliwice-pm40-gliwickie-swieto-rodziny-2-1024x1022.jpg\" alt=\"\" class=\"wp-image-1447\" srcset=\"https:\/\/zsp14gliwice.pl\/pm40\/wp-content\/uploads\/2022\/07\/zsp14gliwice-pm40-gliwickie-swieto-rodziny-2-1024x1022.jpg 1024w, https:\/\/zsp14gliwice.pl\/pm40\/wp-content\/uploads\/2022\/07\/zsp14gliwice-pm40-gliwickie-swieto-rodziny-2-300x300.jpg 300w, https:\/\/zsp14gliwice.pl\/pm40\/wp-content\/uploads\/2022\/07\/zsp14gliwice-pm40-gliwickie-swieto-rodziny-2-150x150.jpg 150w, https:\/\/zsp14gliwice.pl\/pm40\/wp-content\/uploads\/2022\/07\/zsp14gliwice-pm40-gliwickie-swieto-rodziny-2-768x767.jpg 768w, https:\/\/zsp14gliwice.pl\/pm40\/wp-content\/uploads\/2022\/07\/zsp14gliwice-pm40-gliwickie-swieto-rodziny-2-1536x1533.jpg 1536w, https:\/\/zsp14gliwice.pl\/pm40\/wp-content\/uploads\/2022\/07\/zsp14gliwice-pm40-gliwickie-swieto-rodziny-2-100x100.jpg 100w, https:\/\/zsp14gliwice.pl\/pm40\/wp-content\/uploads\/2022\/07\/zsp14gliwice-pm40-gliwickie-swieto-rodziny-2-862x861.jpg 862w, https:\/\/zsp14gliwice.pl\/pm40\/wp-content\/uploads\/2022\/07\/zsp14gliwice-pm40-gliwickie-swieto-rodziny-2-1200x1198.jpg 1200w, https:\/\/zsp14gliwice.pl\/pm40\/wp-content\/uploads\/2022\/07\/zsp14gliwice-pm40-gliwickie-swieto-rodziny-2.jpg 1725w\" sizes=\"(max-width: 1024px) 100vw, 1024px\" \/><\/a><\/figure>\n<\/figure>\n","protected":false},"excerpt":{"rendered":"<p>21 maja w Parku Chopina odby\u0142o si\u0119 Gliwickie \u015awi\u0119to Rodziny, w kt\u00f3rym wzi\u0119li udzia\u0142 przedstawiciele naszego przedszkola. Z tej okazji grupa \u201cS\u00f3wki\u201d zaprezentowa\u0142a na scenie dwie piosenki. By\u0142o bardzo rado\u015bnie i rodzinnie!<\/p>\n","protected":false},"author":1,"featured_media":1448,"comment_status":"closed","ping_status":"open","sticky":false,"template":"","format":"standard","meta":{"footnotes":""},"categories":[7],"tags":[],"_links":{"self":[{"href":"https:\/\/zsp14gliwice.pl\/pm40\/wp-json\/wp\/v2\/posts\/1446"}],"collection":[{"href":"https:\/\/zsp14gliwice.pl\/pm40\/wp-json\/wp\/v2\/posts"}],"about":[{"href":"https:\/\/zsp14gliwice.pl\/pm40\/wp-json\/wp\/v2\/types\/post"}],"author":[{"embeddable":true,"href":"https:\/\/zsp14gliwice.pl\/pm40\/wp-json\/wp\/v2\/users\/1"}],"replies":[{"embeddable":true,"href":"https:\/\/zsp14gliwice.pl\/pm40\/wp-json\/wp\/v2\/comments?post=1446"}],"version-history":[{"count":1,"href":"https:\/\/zsp14gliwice.pl\/pm40\/wp-json\/wp\/v2\/posts\/1446\/revisions"}],"predecessor-version":[{"id":1449,"href":"https:\/\/zsp14gliwice.pl\/pm40\/wp-json\/wp\/v2\/posts\/1446\/revisions\/1449"}],"wp:featuredmedia":[{"embeddable":true,"href":"https:\/\/zsp14gliwice.pl\/pm40\/wp-json\/wp\/v2\/media\/1448"}],"wp:attachment":[{"href":"https:\/\/zsp14gliwice.pl\/pm40\/wp-json\/wp\/v2\/media?parent=1446"}],"wp:term":[{"taxonomy":"category","embeddable":true,"href":"https:\/\/zsp14gliwice.pl\/pm40\/wp-json\/wp\/v2\/categories?post=1446"},{"taxonomy":"post_tag","embeddable":true,"href":"https:\/\/zsp14gliwice.pl\/pm40\/wp-json\/wp\/v2\/tags?post=1446"}],"curies":[{"name":"wp","href":"https:\/\/api.w.org\/{rel}","templated":true}]}}