{"id":1371,"date":"2022-04-22T15:55:00","date_gmt":"2022-04-22T13:55:00","guid":{"rendered":"https:\/\/zsp14gliwice.pl\/pm40\/?p=1371"},"modified":"2022-04-28T16:02:41","modified_gmt":"2022-04-28T14:02:41","slug":"dzien-ziemi-2","status":"publish","type":"post","link":"https:\/\/zsp14gliwice.pl\/pm40\/2022\/04\/22\/dzien-ziemi-2\/","title":{"rendered":"Dzie\u0144 Ziemi"},"content":{"rendered":"\n<p>22 kwietnia obchodzili\u015bmy Dzie\u0144 Ziemi. Dzieci z grupy Biedronek swoim wyst\u0119pem przypomnia\u0142y nam, jak wa\u017cne jest dbanie o natur\u0119. Ka\u017cdy przedszkolak z\u0142o\u017cy\u0142 obietnic\u0119, \u017ce zawsze b\u0119dzie dba\u0107 o przyrod\u0119. Na zako\u0144czenie \u015bwi\u0119towania Dnia Ziemi ka\u017cdy przedszkolak posadzi\u0142 kwiatki na naszej kolorowej rabatce przed budynkiem przedszkola.<\/p>\n\n\n\n<figure class=\"wp-block-gallery has-nested-images columns-default is-cropped wp-block-gallery-1 is-layout-flex wp-block-gallery-is-layout-flex\">\n<figure class=\"wp-block-image size-large\"><img loading=\"lazy\" decoding=\"async\" width=\"774\" height=\"1024\" data-id=\"1373\" src=\"https:\/\/zsp14gliwice.pl\/pm40\/wp-content\/uploads\/2022\/04\/zsp14gliwice-pm40-dzien-ziemi-2-774x1024.jpg\" alt=\"\" class=\"wp-image-1373\" srcset=\"https:\/\/zsp14gliwice.pl\/pm40\/wp-content\/uploads\/2022\/04\/zsp14gliwice-pm40-dzien-ziemi-2-774x1024.jpg 774w, https:\/\/zsp14gliwice.pl\/pm40\/wp-content\/uploads\/2022\/04\/zsp14gliwice-pm40-dzien-ziemi-2-227x300.jpg 227w, https:\/\/zsp14gliwice.pl\/pm40\/wp-content\/uploads\/2022\/04\/zsp14gliwice-pm40-dzien-ziemi-2-768x1016.jpg 768w, https:\/\/zsp14gliwice.pl\/pm40\/wp-content\/uploads\/2022\/04\/zsp14gliwice-pm40-dzien-ziemi-2-1161x1536.jpg 1161w, https:\/\/zsp14gliwice.pl\/pm40\/wp-content\/uploads\/2022\/04\/zsp14gliwice-pm40-dzien-ziemi-2-1548x2048.jpg 1548w, https:\/\/zsp14gliwice.pl\/pm40\/wp-content\/uploads\/2022\/04\/zsp14gliwice-pm40-dzien-ziemi-2-100x132.jpg 100w, https:\/\/zsp14gliwice.pl\/pm40\/wp-content\/uploads\/2022\/04\/zsp14gliwice-pm40-dzien-ziemi-2-862x1140.jpg 862w, https:\/\/zsp14gliwice.pl\/pm40\/wp-content\/uploads\/2022\/04\/zsp14gliwice-pm40-dzien-ziemi-2-1200x1587.jpg 1200w, https:\/\/zsp14gliwice.pl\/pm40\/wp-content\/uploads\/2022\/04\/zsp14gliwice-pm40-dzien-ziemi-2-scaled.jpg 1935w\" sizes=\"(max-width: 774px) 100vw, 774px\" \/><\/figure>\n\n\n\n<figure class=\"wp-block-image size-large\"><img loading=\"lazy\" decoding=\"async\" width=\"678\" height=\"1024\" data-id=\"1374\" src=\"https:\/\/zsp14gliwice.pl\/pm40\/wp-content\/uploads\/2022\/04\/zsp14gliwice-pm40-dzien-ziemi-3-678x1024.jpg\" alt=\"\" class=\"wp-image-1374\" srcset=\"https:\/\/zsp14gliwice.pl\/pm40\/wp-content\/uploads\/2022\/04\/zsp14gliwice-pm40-dzien-ziemi-3-678x1024.jpg 678w, https:\/\/zsp14gliwice.pl\/pm40\/wp-content\/uploads\/2022\/04\/zsp14gliwice-pm40-dzien-ziemi-3-199x300.jpg 199w, https:\/\/zsp14gliwice.pl\/pm40\/wp-content\/uploads\/2022\/04\/zsp14gliwice-pm40-dzien-ziemi-3-768x1159.jpg 768w, https:\/\/zsp14gliwice.pl\/pm40\/wp-content\/uploads\/2022\/04\/zsp14gliwice-pm40-dzien-ziemi-3-1018x1536.jpg 1018w, https:\/\/zsp14gliwice.pl\/pm40\/wp-content\/uploads\/2022\/04\/zsp14gliwice-pm40-dzien-ziemi-3-1357x2048.jpg 1357w, https:\/\/zsp14gliwice.pl\/pm40\/wp-content\/uploads\/2022\/04\/zsp14gliwice-pm40-dzien-ziemi-3-100x151.jpg 100w, https:\/\/zsp14gliwice.pl\/pm40\/wp-content\/uploads\/2022\/04\/zsp14gliwice-pm40-dzien-ziemi-3-862x1301.jpg 862w, https:\/\/zsp14gliwice.pl\/pm40\/wp-content\/uploads\/2022\/04\/zsp14gliwice-pm40-dzien-ziemi-3-1200x1811.jpg 1200w, https:\/\/zsp14gliwice.pl\/pm40\/wp-content\/uploads\/2022\/04\/zsp14gliwice-pm40-dzien-ziemi-3-scaled.jpg 1696w\" sizes=\"(max-width: 678px) 100vw, 678px\" \/><\/figure>\n<\/figure>\n","protected":false},"excerpt":{"rendered":"<p>22 kwietnia obchodzili\u015bmy Dzie\u0144 Ziemi. Dzieci z grupy Biedronek swoim wyst\u0119pem przypomnia\u0142y nam, jak wa\u017cne jest dbanie o natur\u0119. Ka\u017cdy przedszkolak z\u0142o\u017cy\u0142 obietnic\u0119, \u017ce zawsze b\u0119dzie dba\u0107 o przyrod\u0119. Na zako\u0144czenie \u015bwi\u0119towania Dnia Ziemi ka\u017cdy przedszkolak posadzi\u0142 kwiatki na naszej kolorowej rabatce przed budynkiem przedszkola.<\/p>\n","protected":false},"author":1,"featured_media":1372,"comment_status":"closed","ping_status":"open","sticky":false,"template":"","format":"standard","meta":{"footnotes":""},"categories":[7],"tags":[],"_links":{"self":[{"href":"https:\/\/zsp14gliwice.pl\/pm40\/wp-json\/wp\/v2\/posts\/1371"}],"collection":[{"href":"https:\/\/zsp14gliwice.pl\/pm40\/wp-json\/wp\/v2\/posts"}],"about":[{"href":"https:\/\/zsp14gliwice.pl\/pm40\/wp-json\/wp\/v2\/types\/post"}],"author":[{"embeddable":true,"href":"https:\/\/zsp14gliwice.pl\/pm40\/wp-json\/wp\/v2\/users\/1"}],"replies":[{"embeddable":true,"href":"https:\/\/zsp14gliwice.pl\/pm40\/wp-json\/wp\/v2\/comments?post=1371"}],"version-history":[{"count":1,"href":"https:\/\/zsp14gliwice.pl\/pm40\/wp-json\/wp\/v2\/posts\/1371\/revisions"}],"predecessor-version":[{"id":1375,"href":"https:\/\/zsp14gliwice.pl\/pm40\/wp-json\/wp\/v2\/posts\/1371\/revisions\/1375"}],"wp:featuredmedia":[{"embeddable":true,"href":"https:\/\/zsp14gliwice.pl\/pm40\/wp-json\/wp\/v2\/media\/1372"}],"wp:attachment":[{"href":"https:\/\/zsp14gliwice.pl\/pm40\/wp-json\/wp\/v2\/media?parent=1371"}],"wp:term":[{"taxonomy":"category","embeddable":true,"href":"https:\/\/zsp14gliwice.pl\/pm40\/wp-json\/wp\/v2\/categories?post=1371"},{"taxonomy":"post_tag","embeddable":true,"href":"https:\/\/zsp14gliwice.pl\/pm40\/wp-json\/wp\/v2\/tags?post=1371"}],"curies":[{"name":"wp","href":"https:\/\/api.w.org\/{rel}","templated":true}]}}