{"id":1361,"date":"2022-04-02T15:46:51","date_gmt":"2022-04-02T13:46:51","guid":{"rendered":"https:\/\/zsp14gliwice.pl\/pm40\/?p=1361"},"modified":"2022-04-28T15:51:07","modified_gmt":"2022-04-28T13:51:07","slug":"swiatowy-dzien-swiadomosci-autyzmu-2","status":"publish","type":"post","link":"https:\/\/zsp14gliwice.pl\/pm40\/2022\/04\/02\/swiatowy-dzien-swiadomosci-autyzmu-2\/","title":{"rendered":"\u015awiatowy Dzie\u0144 \u015awiadomo\u015bci Autyzmu"},"content":{"rendered":"\n<p>Nasze przedszkolaki 2 kwietnia rozmawia\u0142y o \u015awiatowym Dniu \u015awiadomo\u015bci<br>Autyzmu. Z pomoc\u0105 historyki obrazkowej i filmu dzieci dowiedzia\u0142y si\u0119, jak mo\u017ce<br>postrzega\u0107 \u015bwiat osoba ze spektrum autyzmu. W ramach tygodniowych zaj\u0119\u0107<br>wszystkie grupy przygotowa\u0142y pi\u0119kne niebieskie motyle.<\/p>\n\n\n\n<figure class=\"wp-block-gallery has-nested-images columns-default is-cropped wp-block-gallery-1 is-layout-flex wp-block-gallery-is-layout-flex\">\n<figure class=\"wp-block-image size-large\"><a href=\"https:\/\/zsp14gliwice.pl\/pm40\/wp-content\/uploads\/2022\/04\/zsp14gliwice-pm40-swiatowy-dzien-swiadomosci-autyzmu-2-scaled.jpg\"><img loading=\"lazy\" decoding=\"async\" width=\"772\" height=\"1024\" data-id=\"1364\" src=\"https:\/\/zsp14gliwice.pl\/pm40\/wp-content\/uploads\/2022\/04\/zsp14gliwice-pm40-swiatowy-dzien-swiadomosci-autyzmu-2-772x1024.jpg\" alt=\"\" class=\"wp-image-1364\" srcset=\"https:\/\/zsp14gliwice.pl\/pm40\/wp-content\/uploads\/2022\/04\/zsp14gliwice-pm40-swiatowy-dzien-swiadomosci-autyzmu-2-772x1024.jpg 772w, https:\/\/zsp14gliwice.pl\/pm40\/wp-content\/uploads\/2022\/04\/zsp14gliwice-pm40-swiatowy-dzien-swiadomosci-autyzmu-2-226x300.jpg 226w, https:\/\/zsp14gliwice.pl\/pm40\/wp-content\/uploads\/2022\/04\/zsp14gliwice-pm40-swiatowy-dzien-swiadomosci-autyzmu-2-768x1019.jpg 768w, https:\/\/zsp14gliwice.pl\/pm40\/wp-content\/uploads\/2022\/04\/zsp14gliwice-pm40-swiatowy-dzien-swiadomosci-autyzmu-2-1157x1536.jpg 1157w, https:\/\/zsp14gliwice.pl\/pm40\/wp-content\/uploads\/2022\/04\/zsp14gliwice-pm40-swiatowy-dzien-swiadomosci-autyzmu-2-1543x2048.jpg 1543w, https:\/\/zsp14gliwice.pl\/pm40\/wp-content\/uploads\/2022\/04\/zsp14gliwice-pm40-swiatowy-dzien-swiadomosci-autyzmu-2-100x133.jpg 100w, https:\/\/zsp14gliwice.pl\/pm40\/wp-content\/uploads\/2022\/04\/zsp14gliwice-pm40-swiatowy-dzien-swiadomosci-autyzmu-2-862x1144.jpg 862w, https:\/\/zsp14gliwice.pl\/pm40\/wp-content\/uploads\/2022\/04\/zsp14gliwice-pm40-swiatowy-dzien-swiadomosci-autyzmu-2-1200x1592.jpg 1200w, https:\/\/zsp14gliwice.pl\/pm40\/wp-content\/uploads\/2022\/04\/zsp14gliwice-pm40-swiatowy-dzien-swiadomosci-autyzmu-2-scaled.jpg 1929w\" sizes=\"(max-width: 772px) 100vw, 772px\" \/><\/a><\/figure>\n\n\n\n<figure class=\"wp-block-image size-large\"><a href=\"https:\/\/zsp14gliwice.pl\/pm40\/wp-content\/uploads\/2022\/04\/zsp14gliwice-pm40-swiatowy-dzien-swiadomosci-autyzmu-3-scaled.jpg\"><img loading=\"lazy\" decoding=\"async\" width=\"1024\" height=\"776\" data-id=\"1363\" src=\"https:\/\/zsp14gliwice.pl\/pm40\/wp-content\/uploads\/2022\/04\/zsp14gliwice-pm40-swiatowy-dzien-swiadomosci-autyzmu-3-1024x776.jpg\" alt=\"\" class=\"wp-image-1363\" srcset=\"https:\/\/zsp14gliwice.pl\/pm40\/wp-content\/uploads\/2022\/04\/zsp14gliwice-pm40-swiatowy-dzien-swiadomosci-autyzmu-3-1024x776.jpg 1024w, https:\/\/zsp14gliwice.pl\/pm40\/wp-content\/uploads\/2022\/04\/zsp14gliwice-pm40-swiatowy-dzien-swiadomosci-autyzmu-3-300x227.jpg 300w, https:\/\/zsp14gliwice.pl\/pm40\/wp-content\/uploads\/2022\/04\/zsp14gliwice-pm40-swiatowy-dzien-swiadomosci-autyzmu-3-768x582.jpg 768w, https:\/\/zsp14gliwice.pl\/pm40\/wp-content\/uploads\/2022\/04\/zsp14gliwice-pm40-swiatowy-dzien-swiadomosci-autyzmu-3-1536x1163.jpg 1536w, https:\/\/zsp14gliwice.pl\/pm40\/wp-content\/uploads\/2022\/04\/zsp14gliwice-pm40-swiatowy-dzien-swiadomosci-autyzmu-3-2048x1551.jpg 2048w, https:\/\/zsp14gliwice.pl\/pm40\/wp-content\/uploads\/2022\/04\/zsp14gliwice-pm40-swiatowy-dzien-swiadomosci-autyzmu-3-100x76.jpg 100w, https:\/\/zsp14gliwice.pl\/pm40\/wp-content\/uploads\/2022\/04\/zsp14gliwice-pm40-swiatowy-dzien-swiadomosci-autyzmu-3-862x653.jpg 862w, https:\/\/zsp14gliwice.pl\/pm40\/wp-content\/uploads\/2022\/04\/zsp14gliwice-pm40-swiatowy-dzien-swiadomosci-autyzmu-3-1200x909.jpg 1200w\" sizes=\"(max-width: 1024px) 100vw, 1024px\" \/><\/a><\/figure>\n<\/figure>\n","protected":false},"excerpt":{"rendered":"<p>Nasze przedszkolaki 2 kwietnia rozmawia\u0142y o \u015awiatowym Dniu \u015awiadomo\u015bciAutyzmu. Z pomoc\u0105 historyki obrazkowej i filmu dzieci dowiedzia\u0142y si\u0119, jak mo\u017cepostrzega\u0107 \u015bwiat osoba ze spektrum autyzmu. W ramach tygodniowych zaj\u0119\u0107wszystkie grupy przygotowa\u0142y pi\u0119kne niebieskie motyle.<\/p>\n","protected":false},"author":1,"featured_media":1362,"comment_status":"closed","ping_status":"open","sticky":false,"template":"","format":"standard","meta":{"footnotes":""},"categories":[7],"tags":[],"_links":{"self":[{"href":"https:\/\/zsp14gliwice.pl\/pm40\/wp-json\/wp\/v2\/posts\/1361"}],"collection":[{"href":"https:\/\/zsp14gliwice.pl\/pm40\/wp-json\/wp\/v2\/posts"}],"about":[{"href":"https:\/\/zsp14gliwice.pl\/pm40\/wp-json\/wp\/v2\/types\/post"}],"author":[{"embeddable":true,"href":"https:\/\/zsp14gliwice.pl\/pm40\/wp-json\/wp\/v2\/users\/1"}],"replies":[{"embeddable":true,"href":"https:\/\/zsp14gliwice.pl\/pm40\/wp-json\/wp\/v2\/comments?post=1361"}],"version-history":[{"count":1,"href":"https:\/\/zsp14gliwice.pl\/pm40\/wp-json\/wp\/v2\/posts\/1361\/revisions"}],"predecessor-version":[{"id":1365,"href":"https:\/\/zsp14gliwice.pl\/pm40\/wp-json\/wp\/v2\/posts\/1361\/revisions\/1365"}],"wp:featuredmedia":[{"embeddable":true,"href":"https:\/\/zsp14gliwice.pl\/pm40\/wp-json\/wp\/v2\/media\/1362"}],"wp:attachment":[{"href":"https:\/\/zsp14gliwice.pl\/pm40\/wp-json\/wp\/v2\/media?parent=1361"}],"wp:term":[{"taxonomy":"category","embeddable":true,"href":"https:\/\/zsp14gliwice.pl\/pm40\/wp-json\/wp\/v2\/categories?post=1361"},{"taxonomy":"post_tag","embeddable":true,"href":"https:\/\/zsp14gliwice.pl\/pm40\/wp-json\/wp\/v2\/tags?post=1361"}],"curies":[{"name":"wp","href":"https:\/\/api.w.org\/{rel}","templated":true}]}}