{"id":1185,"date":"2022-01-18T08:37:07","date_gmt":"2022-01-18T07:37:07","guid":{"rendered":"http:\/\/zsp14gliwice.pl\/pm40\/?p=1185"},"modified":"2022-01-18T08:37:09","modified_gmt":"2022-01-18T07:37:09","slug":"dzien-pluszowego-misia","status":"publish","type":"post","link":"https:\/\/zsp14gliwice.pl\/pm40\/2022\/01\/18\/dzien-pluszowego-misia\/","title":{"rendered":"Dzie\u0144 Pluszowego Misia"},"content":{"rendered":"\n<p>Z okazji Dnia Pluszowego Misia \u201cRybki\u201d zabra\u0142y nas do magicznej krainy naszych<br>ukochanych pluszak\u00f3w. Tego dnia ka\u017cdy z nas m\u00f3g\u0142 wcieli\u0107 si\u0119 w posta\u0107 pluszowego misia,<br>zar\u00f3wno tego znanego z bajek, jak i tego z zacisza domowego pokoiku.<\/p>\n\n\n\n<figure class=\"wp-block-gallery columns-2 is-cropped wp-block-gallery-1 is-layout-flex wp-block-gallery-is-layout-flex\"><ul class=\"blocks-gallery-grid\"><li class=\"blocks-gallery-item\"><figure><a href=\"http:\/\/zsp14gliwice.pl\/pm40\/wp-content\/uploads\/2022\/01\/2-1.jpg\"><img loading=\"lazy\" decoding=\"async\" width=\"1024\" height=\"765\" src=\"http:\/\/zsp14gliwice.pl\/pm40\/wp-content\/uploads\/2022\/01\/2-1-1024x765.jpg\" alt=\"\" data-id=\"1187\" data-full-url=\"http:\/\/zsp14gliwice.pl\/pm40\/wp-content\/uploads\/2022\/01\/2-1.jpg\" data-link=\"http:\/\/zsp14gliwice.pl\/pm40\/?attachment_id=1187\" class=\"wp-image-1187\" srcset=\"https:\/\/zsp14gliwice.pl\/pm40\/wp-content\/uploads\/2022\/01\/2-1-1024x765.jpg 1024w, https:\/\/zsp14gliwice.pl\/pm40\/wp-content\/uploads\/2022\/01\/2-1-300x224.jpg 300w, https:\/\/zsp14gliwice.pl\/pm40\/wp-content\/uploads\/2022\/01\/2-1-768x574.jpg 768w, https:\/\/zsp14gliwice.pl\/pm40\/wp-content\/uploads\/2022\/01\/2-1-1536x1148.jpg 1536w, https:\/\/zsp14gliwice.pl\/pm40\/wp-content\/uploads\/2022\/01\/2-1-100x75.jpg 100w, https:\/\/zsp14gliwice.pl\/pm40\/wp-content\/uploads\/2022\/01\/2-1-862x644.jpg 862w, https:\/\/zsp14gliwice.pl\/pm40\/wp-content\/uploads\/2022\/01\/2-1-1200x897.jpg 1200w, https:\/\/zsp14gliwice.pl\/pm40\/wp-content\/uploads\/2022\/01\/2-1.jpg 1748w\" sizes=\"(max-width: 1024px) 100vw, 1024px\" \/><\/a><\/figure><\/li><li class=\"blocks-gallery-item\"><figure><a href=\"http:\/\/zsp14gliwice.pl\/pm40\/wp-content\/uploads\/2022\/01\/3-1.jpg\"><img loading=\"lazy\" decoding=\"async\" width=\"770\" height=\"1024\" src=\"http:\/\/zsp14gliwice.pl\/pm40\/wp-content\/uploads\/2022\/01\/3-1-770x1024.jpg\" alt=\"\" data-id=\"1188\" data-full-url=\"http:\/\/zsp14gliwice.pl\/pm40\/wp-content\/uploads\/2022\/01\/3-1.jpg\" data-link=\"http:\/\/zsp14gliwice.pl\/pm40\/?attachment_id=1188\" class=\"wp-image-1188\" srcset=\"https:\/\/zsp14gliwice.pl\/pm40\/wp-content\/uploads\/2022\/01\/3-1-770x1024.jpg 770w, https:\/\/zsp14gliwice.pl\/pm40\/wp-content\/uploads\/2022\/01\/3-1-226x300.jpg 226w, https:\/\/zsp14gliwice.pl\/pm40\/wp-content\/uploads\/2022\/01\/3-1-768x1022.jpg 768w, https:\/\/zsp14gliwice.pl\/pm40\/wp-content\/uploads\/2022\/01\/3-1-1155x1536.jpg 1155w, https:\/\/zsp14gliwice.pl\/pm40\/wp-content\/uploads\/2022\/01\/3-1-100x133.jpg 100w, https:\/\/zsp14gliwice.pl\/pm40\/wp-content\/uploads\/2022\/01\/3-1-862x1147.jpg 862w, https:\/\/zsp14gliwice.pl\/pm40\/wp-content\/uploads\/2022\/01\/3-1-1200x1596.jpg 1200w, https:\/\/zsp14gliwice.pl\/pm40\/wp-content\/uploads\/2022\/01\/3-1.jpg 1311w\" sizes=\"(max-width: 770px) 100vw, 770px\" \/><\/a><\/figure><\/li><\/ul><\/figure>\n","protected":false},"excerpt":{"rendered":"<p>Z okazji Dnia Pluszowego Misia \u201cRybki\u201d zabra\u0142y nas do magicznej krainy naszychukochanych pluszak\u00f3w. Tego dnia ka\u017cdy z nas m\u00f3g\u0142 wcieli\u0107 si\u0119 w posta\u0107 pluszowego misia,zar\u00f3wno tego znanego z bajek, jak i tego z zacisza domowego pokoiku.<\/p>\n","protected":false},"author":1,"featured_media":1186,"comment_status":"closed","ping_status":"open","sticky":false,"template":"","format":"standard","meta":{"footnotes":""},"categories":[7],"tags":[],"_links":{"self":[{"href":"https:\/\/zsp14gliwice.pl\/pm40\/wp-json\/wp\/v2\/posts\/1185"}],"collection":[{"href":"https:\/\/zsp14gliwice.pl\/pm40\/wp-json\/wp\/v2\/posts"}],"about":[{"href":"https:\/\/zsp14gliwice.pl\/pm40\/wp-json\/wp\/v2\/types\/post"}],"author":[{"embeddable":true,"href":"https:\/\/zsp14gliwice.pl\/pm40\/wp-json\/wp\/v2\/users\/1"}],"replies":[{"embeddable":true,"href":"https:\/\/zsp14gliwice.pl\/pm40\/wp-json\/wp\/v2\/comments?post=1185"}],"version-history":[{"count":1,"href":"https:\/\/zsp14gliwice.pl\/pm40\/wp-json\/wp\/v2\/posts\/1185\/revisions"}],"predecessor-version":[{"id":1189,"href":"https:\/\/zsp14gliwice.pl\/pm40\/wp-json\/wp\/v2\/posts\/1185\/revisions\/1189"}],"wp:featuredmedia":[{"embeddable":true,"href":"https:\/\/zsp14gliwice.pl\/pm40\/wp-json\/wp\/v2\/media\/1186"}],"wp:attachment":[{"href":"https:\/\/zsp14gliwice.pl\/pm40\/wp-json\/wp\/v2\/media?parent=1185"}],"wp:term":[{"taxonomy":"category","embeddable":true,"href":"https:\/\/zsp14gliwice.pl\/pm40\/wp-json\/wp\/v2\/categories?post=1185"},{"taxonomy":"post_tag","embeddable":true,"href":"https:\/\/zsp14gliwice.pl\/pm40\/wp-json\/wp\/v2\/tags?post=1185"}],"curies":[{"name":"wp","href":"https:\/\/api.w.org\/{rel}","templated":true}]}}