{"id":1145,"date":"2021-11-29T15:58:56","date_gmt":"2021-11-29T14:58:56","guid":{"rendered":"http:\/\/zsp14gliwice.pl\/pm40\/?p=1145"},"modified":"2021-11-29T15:58:57","modified_gmt":"2021-11-29T14:58:57","slug":"miedzynarodowy-dzien-postaci-z-bajek","status":"publish","type":"post","link":"https:\/\/zsp14gliwice.pl\/pm40\/2021\/11\/29\/miedzynarodowy-dzien-postaci-z-bajek\/","title":{"rendered":"Mi\u0119dzynarodowy Dzie\u0144 Postaci z Bajek"},"content":{"rendered":"\n<p>Mi\u0119dzynarodowy Dzie\u0144 Postaci z Bajek obchodzony jest na ca\u0142ym \u015bwiecie. Jest to \u015bwi\u0119to wszystkich bajkowych postaci i dobry moment, aby w nowoczesnym \u015bwiecie przypomina\u0107 dzieciom dawne klasyczne bajki i ba\u015bnie, kt\u00f3re towarzysz\u0105 nam od najm\u0142odszych lat, rozweselaj\u0105 i bawi\u0105, ale te\u017c przekazuj\u0105 wa\u017cne prawdy \u017cyciowe. Tego dnia odby\u0142o si\u0119 bajkowe przedstawienie w wykonaniu nauczycieli naszego przedszkola, a nasz ,,czerwony dywan i scen\u0119 \u201d odwiedzi\u0142o wielu bajkowych bohater\u00f3w. Przedszkolaki wys\u0142ucha\u0142y fragment\u00f3w bajek, rozpoznawa\u0142y bajkowe postacie i tytu\u0142y bajek. Nie zabrak\u0142o element\u00f3w humorystycznych, kt\u00f3re sprawi\u0142y wiele rado\u015bci zar\u00f3wno aktorom jak\u00a0\u00a0\u00a0\u00a0 i widzom. Ten dzie\u0144 sprawi\u0142 przedszkolakom wiele rado\u015bci, a jednocze\u015bnie przypomnia\u0142 jak wa\u017cne s\u0105 bajki, i \u017ce warto po nie si\u0119ga\u0107.<\/p>\n\n\n\n<figure class=\"wp-block-gallery columns-3 is-cropped wp-block-gallery-1 is-layout-flex wp-block-gallery-is-layout-flex\"><ul class=\"blocks-gallery-grid\"><li class=\"blocks-gallery-item\"><figure><a href=\"http:\/\/zsp14gliwice.pl\/pm40\/wp-content\/uploads\/2021\/11\/zsp14gliwice-pm40-miedzynarodowy-dzien-postaci-z-bajek-2.jpg\"><img loading=\"lazy\" decoding=\"async\" width=\"1024\" height=\"576\" src=\"http:\/\/zsp14gliwice.pl\/pm40\/wp-content\/uploads\/2021\/11\/zsp14gliwice-pm40-miedzynarodowy-dzien-postaci-z-bajek-2-1024x576.jpg\" alt=\"\" data-id=\"1147\" data-full-url=\"http:\/\/zsp14gliwice.pl\/pm40\/wp-content\/uploads\/2021\/11\/zsp14gliwice-pm40-miedzynarodowy-dzien-postaci-z-bajek-2.jpg\" data-link=\"http:\/\/zsp14gliwice.pl\/pm40\/?attachment_id=1147\" class=\"wp-image-1147\" srcset=\"https:\/\/zsp14gliwice.pl\/pm40\/wp-content\/uploads\/2021\/11\/zsp14gliwice-pm40-miedzynarodowy-dzien-postaci-z-bajek-2-1024x576.jpg 1024w, https:\/\/zsp14gliwice.pl\/pm40\/wp-content\/uploads\/2021\/11\/zsp14gliwice-pm40-miedzynarodowy-dzien-postaci-z-bajek-2-300x169.jpg 300w, https:\/\/zsp14gliwice.pl\/pm40\/wp-content\/uploads\/2021\/11\/zsp14gliwice-pm40-miedzynarodowy-dzien-postaci-z-bajek-2-768x432.jpg 768w, https:\/\/zsp14gliwice.pl\/pm40\/wp-content\/uploads\/2021\/11\/zsp14gliwice-pm40-miedzynarodowy-dzien-postaci-z-bajek-2-100x56.jpg 100w, https:\/\/zsp14gliwice.pl\/pm40\/wp-content\/uploads\/2021\/11\/zsp14gliwice-pm40-miedzynarodowy-dzien-postaci-z-bajek-2-862x485.jpg 862w, https:\/\/zsp14gliwice.pl\/pm40\/wp-content\/uploads\/2021\/11\/zsp14gliwice-pm40-miedzynarodowy-dzien-postaci-z-bajek-2-1200x675.jpg 1200w, https:\/\/zsp14gliwice.pl\/pm40\/wp-content\/uploads\/2021\/11\/zsp14gliwice-pm40-miedzynarodowy-dzien-postaci-z-bajek-2.jpg 1300w\" sizes=\"(max-width: 1024px) 100vw, 1024px\" \/><\/a><\/figure><\/li><li class=\"blocks-gallery-item\"><figure><a href=\"http:\/\/zsp14gliwice.pl\/pm40\/wp-content\/uploads\/2021\/11\/zsp14gliwice-pm40-miedzynarodowy-dzien-postaci-z-bajek-3.jpg\"><img loading=\"lazy\" decoding=\"async\" width=\"1024\" height=\"647\" src=\"http:\/\/zsp14gliwice.pl\/pm40\/wp-content\/uploads\/2021\/11\/zsp14gliwice-pm40-miedzynarodowy-dzien-postaci-z-bajek-3-1024x647.jpg\" alt=\"\" data-id=\"1148\" data-full-url=\"http:\/\/zsp14gliwice.pl\/pm40\/wp-content\/uploads\/2021\/11\/zsp14gliwice-pm40-miedzynarodowy-dzien-postaci-z-bajek-3.jpg\" data-link=\"http:\/\/zsp14gliwice.pl\/pm40\/?attachment_id=1148\" class=\"wp-image-1148\" srcset=\"https:\/\/zsp14gliwice.pl\/pm40\/wp-content\/uploads\/2021\/11\/zsp14gliwice-pm40-miedzynarodowy-dzien-postaci-z-bajek-3-1024x647.jpg 1024w, https:\/\/zsp14gliwice.pl\/pm40\/wp-content\/uploads\/2021\/11\/zsp14gliwice-pm40-miedzynarodowy-dzien-postaci-z-bajek-3-300x189.jpg 300w, https:\/\/zsp14gliwice.pl\/pm40\/wp-content\/uploads\/2021\/11\/zsp14gliwice-pm40-miedzynarodowy-dzien-postaci-z-bajek-3-768x485.jpg 768w, https:\/\/zsp14gliwice.pl\/pm40\/wp-content\/uploads\/2021\/11\/zsp14gliwice-pm40-miedzynarodowy-dzien-postaci-z-bajek-3-100x63.jpg 100w, https:\/\/zsp14gliwice.pl\/pm40\/wp-content\/uploads\/2021\/11\/zsp14gliwice-pm40-miedzynarodowy-dzien-postaci-z-bajek-3-862x544.jpg 862w, https:\/\/zsp14gliwice.pl\/pm40\/wp-content\/uploads\/2021\/11\/zsp14gliwice-pm40-miedzynarodowy-dzien-postaci-z-bajek-3-1200x758.jpg 1200w, https:\/\/zsp14gliwice.pl\/pm40\/wp-content\/uploads\/2021\/11\/zsp14gliwice-pm40-miedzynarodowy-dzien-postaci-z-bajek-3.jpg 1300w\" sizes=\"(max-width: 1024px) 100vw, 1024px\" \/><\/a><\/figure><\/li><li class=\"blocks-gallery-item\"><figure><a href=\"http:\/\/zsp14gliwice.pl\/pm40\/wp-content\/uploads\/2021\/11\/zsp14gliwice-pm40-miedzynarodowy-dzien-postaci-z-bajek-4.jpg\"><img loading=\"lazy\" decoding=\"async\" width=\"1024\" height=\"576\" src=\"http:\/\/zsp14gliwice.pl\/pm40\/wp-content\/uploads\/2021\/11\/zsp14gliwice-pm40-miedzynarodowy-dzien-postaci-z-bajek-4-1024x576.jpg\" alt=\"\" data-id=\"1149\" data-full-url=\"http:\/\/zsp14gliwice.pl\/pm40\/wp-content\/uploads\/2021\/11\/zsp14gliwice-pm40-miedzynarodowy-dzien-postaci-z-bajek-4.jpg\" data-link=\"http:\/\/zsp14gliwice.pl\/pm40\/?attachment_id=1149\" class=\"wp-image-1149\" srcset=\"https:\/\/zsp14gliwice.pl\/pm40\/wp-content\/uploads\/2021\/11\/zsp14gliwice-pm40-miedzynarodowy-dzien-postaci-z-bajek-4-1024x576.jpg 1024w, https:\/\/zsp14gliwice.pl\/pm40\/wp-content\/uploads\/2021\/11\/zsp14gliwice-pm40-miedzynarodowy-dzien-postaci-z-bajek-4-300x169.jpg 300w, https:\/\/zsp14gliwice.pl\/pm40\/wp-content\/uploads\/2021\/11\/zsp14gliwice-pm40-miedzynarodowy-dzien-postaci-z-bajek-4-768x432.jpg 768w, https:\/\/zsp14gliwice.pl\/pm40\/wp-content\/uploads\/2021\/11\/zsp14gliwice-pm40-miedzynarodowy-dzien-postaci-z-bajek-4-100x56.jpg 100w, https:\/\/zsp14gliwice.pl\/pm40\/wp-content\/uploads\/2021\/11\/zsp14gliwice-pm40-miedzynarodowy-dzien-postaci-z-bajek-4-862x485.jpg 862w, https:\/\/zsp14gliwice.pl\/pm40\/wp-content\/uploads\/2021\/11\/zsp14gliwice-pm40-miedzynarodowy-dzien-postaci-z-bajek-4-1200x675.jpg 1200w, https:\/\/zsp14gliwice.pl\/pm40\/wp-content\/uploads\/2021\/11\/zsp14gliwice-pm40-miedzynarodowy-dzien-postaci-z-bajek-4.jpg 1300w\" sizes=\"(max-width: 1024px) 100vw, 1024px\" \/><\/a><\/figure><\/li><li class=\"blocks-gallery-item\"><figure><a href=\"http:\/\/zsp14gliwice.pl\/pm40\/wp-content\/uploads\/2021\/11\/zsp14gliwice-pm40-miedzynarodowy-dzien-postaci-z-bajek-5.jpg\"><img loading=\"lazy\" decoding=\"async\" width=\"1024\" height=\"576\" src=\"http:\/\/zsp14gliwice.pl\/pm40\/wp-content\/uploads\/2021\/11\/zsp14gliwice-pm40-miedzynarodowy-dzien-postaci-z-bajek-5-1024x576.jpg\" alt=\"\" data-id=\"1150\" data-full-url=\"http:\/\/zsp14gliwice.pl\/pm40\/wp-content\/uploads\/2021\/11\/zsp14gliwice-pm40-miedzynarodowy-dzien-postaci-z-bajek-5.jpg\" data-link=\"http:\/\/zsp14gliwice.pl\/pm40\/?attachment_id=1150\" class=\"wp-image-1150\" srcset=\"https:\/\/zsp14gliwice.pl\/pm40\/wp-content\/uploads\/2021\/11\/zsp14gliwice-pm40-miedzynarodowy-dzien-postaci-z-bajek-5-1024x576.jpg 1024w, https:\/\/zsp14gliwice.pl\/pm40\/wp-content\/uploads\/2021\/11\/zsp14gliwice-pm40-miedzynarodowy-dzien-postaci-z-bajek-5-300x169.jpg 300w, https:\/\/zsp14gliwice.pl\/pm40\/wp-content\/uploads\/2021\/11\/zsp14gliwice-pm40-miedzynarodowy-dzien-postaci-z-bajek-5-768x432.jpg 768w, https:\/\/zsp14gliwice.pl\/pm40\/wp-content\/uploads\/2021\/11\/zsp14gliwice-pm40-miedzynarodowy-dzien-postaci-z-bajek-5-100x56.jpg 100w, https:\/\/zsp14gliwice.pl\/pm40\/wp-content\/uploads\/2021\/11\/zsp14gliwice-pm40-miedzynarodowy-dzien-postaci-z-bajek-5-862x485.jpg 862w, https:\/\/zsp14gliwice.pl\/pm40\/wp-content\/uploads\/2021\/11\/zsp14gliwice-pm40-miedzynarodowy-dzien-postaci-z-bajek-5-1200x675.jpg 1200w, https:\/\/zsp14gliwice.pl\/pm40\/wp-content\/uploads\/2021\/11\/zsp14gliwice-pm40-miedzynarodowy-dzien-postaci-z-bajek-5.jpg 1300w\" sizes=\"(max-width: 1024px) 100vw, 1024px\" \/><\/a><\/figure><\/li><li class=\"blocks-gallery-item\"><figure><a href=\"http:\/\/zsp14gliwice.pl\/pm40\/wp-content\/uploads\/2021\/11\/zsp14gliwice-pm40-miedzynarodowy-dzien-postaci-z-bajek-6.jpg\"><img loading=\"lazy\" decoding=\"async\" width=\"1024\" height=\"737\" src=\"http:\/\/zsp14gliwice.pl\/pm40\/wp-content\/uploads\/2021\/11\/zsp14gliwice-pm40-miedzynarodowy-dzien-postaci-z-bajek-6-1024x737.jpg\" alt=\"\" data-id=\"1151\" data-full-url=\"http:\/\/zsp14gliwice.pl\/pm40\/wp-content\/uploads\/2021\/11\/zsp14gliwice-pm40-miedzynarodowy-dzien-postaci-z-bajek-6.jpg\" data-link=\"http:\/\/zsp14gliwice.pl\/pm40\/?attachment_id=1151\" class=\"wp-image-1151\" srcset=\"https:\/\/zsp14gliwice.pl\/pm40\/wp-content\/uploads\/2021\/11\/zsp14gliwice-pm40-miedzynarodowy-dzien-postaci-z-bajek-6-1024x737.jpg 1024w, https:\/\/zsp14gliwice.pl\/pm40\/wp-content\/uploads\/2021\/11\/zsp14gliwice-pm40-miedzynarodowy-dzien-postaci-z-bajek-6-300x216.jpg 300w, https:\/\/zsp14gliwice.pl\/pm40\/wp-content\/uploads\/2021\/11\/zsp14gliwice-pm40-miedzynarodowy-dzien-postaci-z-bajek-6-768x553.jpg 768w, https:\/\/zsp14gliwice.pl\/pm40\/wp-content\/uploads\/2021\/11\/zsp14gliwice-pm40-miedzynarodowy-dzien-postaci-z-bajek-6-100x72.jpg 100w, https:\/\/zsp14gliwice.pl\/pm40\/wp-content\/uploads\/2021\/11\/zsp14gliwice-pm40-miedzynarodowy-dzien-postaci-z-bajek-6-862x621.jpg 862w, https:\/\/zsp14gliwice.pl\/pm40\/wp-content\/uploads\/2021\/11\/zsp14gliwice-pm40-miedzynarodowy-dzien-postaci-z-bajek-6-1200x864.jpg 1200w, https:\/\/zsp14gliwice.pl\/pm40\/wp-content\/uploads\/2021\/11\/zsp14gliwice-pm40-miedzynarodowy-dzien-postaci-z-bajek-6.jpg 1300w\" sizes=\"(max-width: 1024px) 100vw, 1024px\" \/><\/a><\/figure><\/li><li class=\"blocks-gallery-item\"><figure><a href=\"http:\/\/zsp14gliwice.pl\/pm40\/wp-content\/uploads\/2021\/11\/zsp14gliwice-pm40-miedzynarodowy-dzien-postaci-z-bajek-7.jpg\"><img loading=\"lazy\" decoding=\"async\" width=\"1024\" height=\"766\" src=\"http:\/\/zsp14gliwice.pl\/pm40\/wp-content\/uploads\/2021\/11\/zsp14gliwice-pm40-miedzynarodowy-dzien-postaci-z-bajek-7-1024x766.jpg\" alt=\"\" data-id=\"1152\" data-full-url=\"http:\/\/zsp14gliwice.pl\/pm40\/wp-content\/uploads\/2021\/11\/zsp14gliwice-pm40-miedzynarodowy-dzien-postaci-z-bajek-7.jpg\" data-link=\"http:\/\/zsp14gliwice.pl\/pm40\/?attachment_id=1152\" class=\"wp-image-1152\" srcset=\"https:\/\/zsp14gliwice.pl\/pm40\/wp-content\/uploads\/2021\/11\/zsp14gliwice-pm40-miedzynarodowy-dzien-postaci-z-bajek-7-1024x766.jpg 1024w, https:\/\/zsp14gliwice.pl\/pm40\/wp-content\/uploads\/2021\/11\/zsp14gliwice-pm40-miedzynarodowy-dzien-postaci-z-bajek-7-300x225.jpg 300w, https:\/\/zsp14gliwice.pl\/pm40\/wp-content\/uploads\/2021\/11\/zsp14gliwice-pm40-miedzynarodowy-dzien-postaci-z-bajek-7-768x575.jpg 768w, https:\/\/zsp14gliwice.pl\/pm40\/wp-content\/uploads\/2021\/11\/zsp14gliwice-pm40-miedzynarodowy-dzien-postaci-z-bajek-7-100x75.jpg 100w, https:\/\/zsp14gliwice.pl\/pm40\/wp-content\/uploads\/2021\/11\/zsp14gliwice-pm40-miedzynarodowy-dzien-postaci-z-bajek-7-862x645.jpg 862w, https:\/\/zsp14gliwice.pl\/pm40\/wp-content\/uploads\/2021\/11\/zsp14gliwice-pm40-miedzynarodowy-dzien-postaci-z-bajek-7-1200x898.jpg 1200w, https:\/\/zsp14gliwice.pl\/pm40\/wp-content\/uploads\/2021\/11\/zsp14gliwice-pm40-miedzynarodowy-dzien-postaci-z-bajek-7.jpg 1300w\" sizes=\"(max-width: 1024px) 100vw, 1024px\" \/><\/a><\/figure><\/li><li class=\"blocks-gallery-item\"><figure><a href=\"http:\/\/zsp14gliwice.pl\/pm40\/wp-content\/uploads\/2021\/11\/zsp14gliwice-pm40-miedzynarodowy-dzien-postaci-z-bajek-8.jpg\"><img loading=\"lazy\" decoding=\"async\" width=\"1024\" height=\"611\" src=\"http:\/\/zsp14gliwice.pl\/pm40\/wp-content\/uploads\/2021\/11\/zsp14gliwice-pm40-miedzynarodowy-dzien-postaci-z-bajek-8-1024x611.jpg\" alt=\"\" data-id=\"1153\" data-full-url=\"http:\/\/zsp14gliwice.pl\/pm40\/wp-content\/uploads\/2021\/11\/zsp14gliwice-pm40-miedzynarodowy-dzien-postaci-z-bajek-8.jpg\" data-link=\"http:\/\/zsp14gliwice.pl\/pm40\/?attachment_id=1153\" class=\"wp-image-1153\" srcset=\"https:\/\/zsp14gliwice.pl\/pm40\/wp-content\/uploads\/2021\/11\/zsp14gliwice-pm40-miedzynarodowy-dzien-postaci-z-bajek-8-1024x611.jpg 1024w, https:\/\/zsp14gliwice.pl\/pm40\/wp-content\/uploads\/2021\/11\/zsp14gliwice-pm40-miedzynarodowy-dzien-postaci-z-bajek-8-300x179.jpg 300w, https:\/\/zsp14gliwice.pl\/pm40\/wp-content\/uploads\/2021\/11\/zsp14gliwice-pm40-miedzynarodowy-dzien-postaci-z-bajek-8-768x458.jpg 768w, https:\/\/zsp14gliwice.pl\/pm40\/wp-content\/uploads\/2021\/11\/zsp14gliwice-pm40-miedzynarodowy-dzien-postaci-z-bajek-8-100x60.jpg 100w, https:\/\/zsp14gliwice.pl\/pm40\/wp-content\/uploads\/2021\/11\/zsp14gliwice-pm40-miedzynarodowy-dzien-postaci-z-bajek-8-862x515.jpg 862w, https:\/\/zsp14gliwice.pl\/pm40\/wp-content\/uploads\/2021\/11\/zsp14gliwice-pm40-miedzynarodowy-dzien-postaci-z-bajek-8-1200x716.jpg 1200w, https:\/\/zsp14gliwice.pl\/pm40\/wp-content\/uploads\/2021\/11\/zsp14gliwice-pm40-miedzynarodowy-dzien-postaci-z-bajek-8.jpg 1300w\" sizes=\"(max-width: 1024px) 100vw, 1024px\" \/><\/a><\/figure><\/li><li class=\"blocks-gallery-item\"><figure><a href=\"http:\/\/zsp14gliwice.pl\/pm40\/wp-content\/uploads\/2021\/11\/zsp14gliwice-pm40-miedzynarodowy-dzien-postaci-z-bajek-9.jpg\"><img loading=\"lazy\" decoding=\"async\" width=\"1024\" height=\"769\" src=\"http:\/\/zsp14gliwice.pl\/pm40\/wp-content\/uploads\/2021\/11\/zsp14gliwice-pm40-miedzynarodowy-dzien-postaci-z-bajek-9-1024x769.jpg\" alt=\"\" data-id=\"1154\" data-full-url=\"http:\/\/zsp14gliwice.pl\/pm40\/wp-content\/uploads\/2021\/11\/zsp14gliwice-pm40-miedzynarodowy-dzien-postaci-z-bajek-9.jpg\" data-link=\"http:\/\/zsp14gliwice.pl\/pm40\/?attachment_id=1154\" class=\"wp-image-1154\" srcset=\"https:\/\/zsp14gliwice.pl\/pm40\/wp-content\/uploads\/2021\/11\/zsp14gliwice-pm40-miedzynarodowy-dzien-postaci-z-bajek-9-1024x769.jpg 1024w, https:\/\/zsp14gliwice.pl\/pm40\/wp-content\/uploads\/2021\/11\/zsp14gliwice-pm40-miedzynarodowy-dzien-postaci-z-bajek-9-300x225.jpg 300w, https:\/\/zsp14gliwice.pl\/pm40\/wp-content\/uploads\/2021\/11\/zsp14gliwice-pm40-miedzynarodowy-dzien-postaci-z-bajek-9-768x577.jpg 768w, https:\/\/zsp14gliwice.pl\/pm40\/wp-content\/uploads\/2021\/11\/zsp14gliwice-pm40-miedzynarodowy-dzien-postaci-z-bajek-9-100x75.jpg 100w, https:\/\/zsp14gliwice.pl\/pm40\/wp-content\/uploads\/2021\/11\/zsp14gliwice-pm40-miedzynarodowy-dzien-postaci-z-bajek-9-862x647.jpg 862w, https:\/\/zsp14gliwice.pl\/pm40\/wp-content\/uploads\/2021\/11\/zsp14gliwice-pm40-miedzynarodowy-dzien-postaci-z-bajek-9-1200x901.jpg 1200w, https:\/\/zsp14gliwice.pl\/pm40\/wp-content\/uploads\/2021\/11\/zsp14gliwice-pm40-miedzynarodowy-dzien-postaci-z-bajek-9.jpg 1300w\" sizes=\"(max-width: 1024px) 100vw, 1024px\" \/><\/a><\/figure><\/li><\/ul><\/figure>\n","protected":false},"excerpt":{"rendered":"<p>Mi\u0119dzynarodowy Dzie\u0144 Postaci z Bajek obchodzony jest na ca\u0142ym \u015bwiecie. Jest to \u015bwi\u0119to wszystkich bajkowych postaci i dobry moment, aby w nowoczesnym \u015bwiecie przypomina\u0107 dzieciom dawne klasyczne bajki i ba\u015bnie, kt\u00f3re towarzysz\u0105 nam od najm\u0142odszych lat, rozweselaj\u0105 i bawi\u0105, ale te\u017c przekazuj\u0105 wa\u017cne prawdy \u017cyciowe. Tego dnia odby\u0142o si\u0119 bajkowe przedstawienie w wykonaniu nauczycieli naszego przedszkola, a nasz ,,czerwony dywan &#8230; <\/p>\n<div><a href=\"https:\/\/zsp14gliwice.pl\/pm40\/2021\/11\/29\/miedzynarodowy-dzien-postaci-z-bajek\/\" class=\"more-link\">Read More<\/a><\/div>\n","protected":false},"author":1,"featured_media":1146,"comment_status":"closed","ping_status":"open","sticky":false,"template":"","format":"standard","meta":{"footnotes":""},"categories":[7],"tags":[],"_links":{"self":[{"href":"https:\/\/zsp14gliwice.pl\/pm40\/wp-json\/wp\/v2\/posts\/1145"}],"collection":[{"href":"https:\/\/zsp14gliwice.pl\/pm40\/wp-json\/wp\/v2\/posts"}],"about":[{"href":"https:\/\/zsp14gliwice.pl\/pm40\/wp-json\/wp\/v2\/types\/post"}],"author":[{"embeddable":true,"href":"https:\/\/zsp14gliwice.pl\/pm40\/wp-json\/wp\/v2\/users\/1"}],"replies":[{"embeddable":true,"href":"https:\/\/zsp14gliwice.pl\/pm40\/wp-json\/wp\/v2\/comments?post=1145"}],"version-history":[{"count":1,"href":"https:\/\/zsp14gliwice.pl\/pm40\/wp-json\/wp\/v2\/posts\/1145\/revisions"}],"predecessor-version":[{"id":1155,"href":"https:\/\/zsp14gliwice.pl\/pm40\/wp-json\/wp\/v2\/posts\/1145\/revisions\/1155"}],"wp:featuredmedia":[{"embeddable":true,"href":"https:\/\/zsp14gliwice.pl\/pm40\/wp-json\/wp\/v2\/media\/1146"}],"wp:attachment":[{"href":"https:\/\/zsp14gliwice.pl\/pm40\/wp-json\/wp\/v2\/media?parent=1145"}],"wp:term":[{"taxonomy":"category","embeddable":true,"href":"https:\/\/zsp14gliwice.pl\/pm40\/wp-json\/wp\/v2\/categories?post=1145"},{"taxonomy":"post_tag","embeddable":true,"href":"https:\/\/zsp14gliwice.pl\/pm40\/wp-json\/wp\/v2\/tags?post=1145"}],"curies":[{"name":"wp","href":"https:\/\/api.w.org\/{rel}","templated":true}]}}