{"id":1141,"date":"2021-11-29T15:55:34","date_gmt":"2021-11-29T14:55:34","guid":{"rendered":"http:\/\/zsp14gliwice.pl\/pm40\/?p=1141"},"modified":"2021-11-29T15:55:36","modified_gmt":"2021-11-29T14:55:36","slug":"spotkanie-z-przedstawicielami-strazy-miejskiej","status":"publish","type":"post","link":"https:\/\/zsp14gliwice.pl\/pm40\/2021\/11\/29\/spotkanie-z-przedstawicielami-strazy-miejskiej\/","title":{"rendered":"Spotkanie z przedstawicielami Stra\u017cy Miejskiej"},"content":{"rendered":"\n<p>Spotkanie z przedstawicielami Stra\u017cy Miejskiej Nasze przedszkolaki bra\u0142y udzia\u0142 w prelekcji o<br>bezpiecze\u0144stwie z udzia\u0142em przedstawicieli Stra\u017cy Miejskiej. Dzieci dowiedzia\u0142y si\u0119 o podstawowych<br>zasadach bezpiecze\u0144stwa w przedszkolu i poza nim, a tak\u017ce utrwali\u0142y numer alarmowy, kt\u00f3ry jest<br>bardzo wa\u017cny w \u017cyciu ka\u017cdego z nas.<\/p>\n\n\n\n<figure class=\"wp-block-image size-large\"><img loading=\"lazy\" decoding=\"async\" width=\"768\" height=\"1024\" src=\"http:\/\/zsp14gliwice.pl\/pm40\/wp-content\/uploads\/2021\/11\/zsp14gliwice-pm40-spotkanie-z-przedstawicielami-strazy-miejskiej-2-768x1024.jpg\" alt=\"\" class=\"wp-image-1142\" srcset=\"https:\/\/zsp14gliwice.pl\/pm40\/wp-content\/uploads\/2021\/11\/zsp14gliwice-pm40-spotkanie-z-przedstawicielami-strazy-miejskiej-2-768x1024.jpg 768w, https:\/\/zsp14gliwice.pl\/pm40\/wp-content\/uploads\/2021\/11\/zsp14gliwice-pm40-spotkanie-z-przedstawicielami-strazy-miejskiej-2-225x300.jpg 225w, https:\/\/zsp14gliwice.pl\/pm40\/wp-content\/uploads\/2021\/11\/zsp14gliwice-pm40-spotkanie-z-przedstawicielami-strazy-miejskiej-2-1152x1536.jpg 1152w, https:\/\/zsp14gliwice.pl\/pm40\/wp-content\/uploads\/2021\/11\/zsp14gliwice-pm40-spotkanie-z-przedstawicielami-strazy-miejskiej-2-100x133.jpg 100w, https:\/\/zsp14gliwice.pl\/pm40\/wp-content\/uploads\/2021\/11\/zsp14gliwice-pm40-spotkanie-z-przedstawicielami-strazy-miejskiej-2-862x1149.jpg 862w, https:\/\/zsp14gliwice.pl\/pm40\/wp-content\/uploads\/2021\/11\/zsp14gliwice-pm40-spotkanie-z-przedstawicielami-strazy-miejskiej-2-1200x1600.jpg 1200w, https:\/\/zsp14gliwice.pl\/pm40\/wp-content\/uploads\/2021\/11\/zsp14gliwice-pm40-spotkanie-z-przedstawicielami-strazy-miejskiej-2.jpg 1300w\" sizes=\"(max-width: 768px) 100vw, 768px\" \/><\/figure>\n","protected":false},"excerpt":{"rendered":"<p>Spotkanie z przedstawicielami Stra\u017cy Miejskiej Nasze przedszkolaki bra\u0142y udzia\u0142 w prelekcji obezpiecze\u0144stwie z udzia\u0142em przedstawicieli Stra\u017cy Miejskiej. Dzieci dowiedzia\u0142y si\u0119 o podstawowychzasadach bezpiecze\u0144stwa w przedszkolu i poza nim, a tak\u017ce utrwali\u0142y numer alarmowy, kt\u00f3ry jestbardzo wa\u017cny w \u017cyciu ka\u017cdego z nas.<\/p>\n","protected":false},"author":1,"featured_media":1143,"comment_status":"closed","ping_status":"open","sticky":false,"template":"","format":"standard","meta":{"footnotes":""},"categories":[7],"tags":[],"_links":{"self":[{"href":"https:\/\/zsp14gliwice.pl\/pm40\/wp-json\/wp\/v2\/posts\/1141"}],"collection":[{"href":"https:\/\/zsp14gliwice.pl\/pm40\/wp-json\/wp\/v2\/posts"}],"about":[{"href":"https:\/\/zsp14gliwice.pl\/pm40\/wp-json\/wp\/v2\/types\/post"}],"author":[{"embeddable":true,"href":"https:\/\/zsp14gliwice.pl\/pm40\/wp-json\/wp\/v2\/users\/1"}],"replies":[{"embeddable":true,"href":"https:\/\/zsp14gliwice.pl\/pm40\/wp-json\/wp\/v2\/comments?post=1141"}],"version-history":[{"count":1,"href":"https:\/\/zsp14gliwice.pl\/pm40\/wp-json\/wp\/v2\/posts\/1141\/revisions"}],"predecessor-version":[{"id":1144,"href":"https:\/\/zsp14gliwice.pl\/pm40\/wp-json\/wp\/v2\/posts\/1141\/revisions\/1144"}],"wp:featuredmedia":[{"embeddable":true,"href":"https:\/\/zsp14gliwice.pl\/pm40\/wp-json\/wp\/v2\/media\/1143"}],"wp:attachment":[{"href":"https:\/\/zsp14gliwice.pl\/pm40\/wp-json\/wp\/v2\/media?parent=1141"}],"wp:term":[{"taxonomy":"category","embeddable":true,"href":"https:\/\/zsp14gliwice.pl\/pm40\/wp-json\/wp\/v2\/categories?post=1141"},{"taxonomy":"post_tag","embeddable":true,"href":"https:\/\/zsp14gliwice.pl\/pm40\/wp-json\/wp\/v2\/tags?post=1141"}],"curies":[{"name":"wp","href":"https:\/\/api.w.org\/{rel}","templated":true}]}}