{"id":1135,"date":"2021-11-29T15:52:21","date_gmt":"2021-11-29T14:52:21","guid":{"rendered":"http:\/\/zsp14gliwice.pl\/pm40\/?p=1135"},"modified":"2021-11-29T15:52:23","modified_gmt":"2021-11-29T14:52:23","slug":"konkurs-fotograficzny-pt-jesienny-bukiet","status":"publish","type":"post","link":"https:\/\/zsp14gliwice.pl\/pm40\/2021\/11\/29\/konkurs-fotograficzny-pt-jesienny-bukiet\/","title":{"rendered":"Konkurs fotograficzny pt. \u201cJesienny bukiet\u201d"},"content":{"rendered":"\n<p>W naszym przedszkolu odby\u0142 si\u0119 konkurs fotograficzny pt. \u201cJesienny bukiet\u201d. Dzi\u0119ki nades\u0142anym pi\u0119knym fotografiom w holu przedszkola powsta\u0142a galeria jesiennych fotografii.<\/p>\n\n\n\n<figure class=\"wp-block-gallery columns-2 is-cropped wp-block-gallery-1 is-layout-flex wp-block-gallery-is-layout-flex\"><ul class=\"blocks-gallery-grid\"><li class=\"blocks-gallery-item\"><figure><a href=\"http:\/\/zsp14gliwice.pl\/pm40\/wp-content\/uploads\/2021\/11\/zsp14gliwice-pm40-konkurs-fotograficzny-pt-jesienny-bukiet-2.jpg\"><img loading=\"lazy\" decoding=\"async\" width=\"769\" height=\"1024\" src=\"http:\/\/zsp14gliwice.pl\/pm40\/wp-content\/uploads\/2021\/11\/zsp14gliwice-pm40-konkurs-fotograficzny-pt-jesienny-bukiet-2-769x1024.jpg\" alt=\"\" data-id=\"1137\" data-full-url=\"http:\/\/zsp14gliwice.pl\/pm40\/wp-content\/uploads\/2021\/11\/zsp14gliwice-pm40-konkurs-fotograficzny-pt-jesienny-bukiet-2.jpg\" data-link=\"http:\/\/zsp14gliwice.pl\/pm40\/?attachment_id=1137\" class=\"wp-image-1137\" srcset=\"https:\/\/zsp14gliwice.pl\/pm40\/wp-content\/uploads\/2021\/11\/zsp14gliwice-pm40-konkurs-fotograficzny-pt-jesienny-bukiet-2-769x1024.jpg 769w, https:\/\/zsp14gliwice.pl\/pm40\/wp-content\/uploads\/2021\/11\/zsp14gliwice-pm40-konkurs-fotograficzny-pt-jesienny-bukiet-2-225x300.jpg 225w, https:\/\/zsp14gliwice.pl\/pm40\/wp-content\/uploads\/2021\/11\/zsp14gliwice-pm40-konkurs-fotograficzny-pt-jesienny-bukiet-2-768x1023.jpg 768w, https:\/\/zsp14gliwice.pl\/pm40\/wp-content\/uploads\/2021\/11\/zsp14gliwice-pm40-konkurs-fotograficzny-pt-jesienny-bukiet-2-1153x1536.jpg 1153w, https:\/\/zsp14gliwice.pl\/pm40\/wp-content\/uploads\/2021\/11\/zsp14gliwice-pm40-konkurs-fotograficzny-pt-jesienny-bukiet-2-100x133.jpg 100w, https:\/\/zsp14gliwice.pl\/pm40\/wp-content\/uploads\/2021\/11\/zsp14gliwice-pm40-konkurs-fotograficzny-pt-jesienny-bukiet-2-862x1148.jpg 862w, https:\/\/zsp14gliwice.pl\/pm40\/wp-content\/uploads\/2021\/11\/zsp14gliwice-pm40-konkurs-fotograficzny-pt-jesienny-bukiet-2-1200x1599.jpg 1200w, https:\/\/zsp14gliwice.pl\/pm40\/wp-content\/uploads\/2021\/11\/zsp14gliwice-pm40-konkurs-fotograficzny-pt-jesienny-bukiet-2.jpg 1300w\" sizes=\"(max-width: 769px) 100vw, 769px\" \/><\/a><\/figure><\/li><li class=\"blocks-gallery-item\"><figure><a href=\"http:\/\/zsp14gliwice.pl\/pm40\/wp-content\/uploads\/2021\/11\/zsp14gliwice-pm40-konkurs-fotograficzny-pt-jesienny-bukiet-3.jpg\"><img loading=\"lazy\" decoding=\"async\" width=\"769\" height=\"1024\" src=\"http:\/\/zsp14gliwice.pl\/pm40\/wp-content\/uploads\/2021\/11\/zsp14gliwice-pm40-konkurs-fotograficzny-pt-jesienny-bukiet-3-769x1024.jpg\" alt=\"\" data-id=\"1138\" data-full-url=\"http:\/\/zsp14gliwice.pl\/pm40\/wp-content\/uploads\/2021\/11\/zsp14gliwice-pm40-konkurs-fotograficzny-pt-jesienny-bukiet-3.jpg\" data-link=\"http:\/\/zsp14gliwice.pl\/pm40\/?attachment_id=1138\" class=\"wp-image-1138\" srcset=\"https:\/\/zsp14gliwice.pl\/pm40\/wp-content\/uploads\/2021\/11\/zsp14gliwice-pm40-konkurs-fotograficzny-pt-jesienny-bukiet-3-769x1024.jpg 769w, https:\/\/zsp14gliwice.pl\/pm40\/wp-content\/uploads\/2021\/11\/zsp14gliwice-pm40-konkurs-fotograficzny-pt-jesienny-bukiet-3-225x300.jpg 225w, https:\/\/zsp14gliwice.pl\/pm40\/wp-content\/uploads\/2021\/11\/zsp14gliwice-pm40-konkurs-fotograficzny-pt-jesienny-bukiet-3-768x1023.jpg 768w, https:\/\/zsp14gliwice.pl\/pm40\/wp-content\/uploads\/2021\/11\/zsp14gliwice-pm40-konkurs-fotograficzny-pt-jesienny-bukiet-3-1153x1536.jpg 1153w, https:\/\/zsp14gliwice.pl\/pm40\/wp-content\/uploads\/2021\/11\/zsp14gliwice-pm40-konkurs-fotograficzny-pt-jesienny-bukiet-3-100x133.jpg 100w, https:\/\/zsp14gliwice.pl\/pm40\/wp-content\/uploads\/2021\/11\/zsp14gliwice-pm40-konkurs-fotograficzny-pt-jesienny-bukiet-3-862x1148.jpg 862w, https:\/\/zsp14gliwice.pl\/pm40\/wp-content\/uploads\/2021\/11\/zsp14gliwice-pm40-konkurs-fotograficzny-pt-jesienny-bukiet-3-1200x1599.jpg 1200w, https:\/\/zsp14gliwice.pl\/pm40\/wp-content\/uploads\/2021\/11\/zsp14gliwice-pm40-konkurs-fotograficzny-pt-jesienny-bukiet-3.jpg 1300w\" sizes=\"(max-width: 769px) 100vw, 769px\" \/><\/a><\/figure><\/li><\/ul><\/figure>\n","protected":false},"excerpt":{"rendered":"<p>W naszym przedszkolu odby\u0142 si\u0119 konkurs fotograficzny pt. \u201cJesienny bukiet\u201d. Dzi\u0119ki nades\u0142anym pi\u0119knym fotografiom w holu przedszkola powsta\u0142a galeria jesiennych fotografii.<\/p>\n","protected":false},"author":1,"featured_media":1136,"comment_status":"closed","ping_status":"open","sticky":false,"template":"","format":"standard","meta":{"footnotes":""},"categories":[7],"tags":[],"_links":{"self":[{"href":"https:\/\/zsp14gliwice.pl\/pm40\/wp-json\/wp\/v2\/posts\/1135"}],"collection":[{"href":"https:\/\/zsp14gliwice.pl\/pm40\/wp-json\/wp\/v2\/posts"}],"about":[{"href":"https:\/\/zsp14gliwice.pl\/pm40\/wp-json\/wp\/v2\/types\/post"}],"author":[{"embeddable":true,"href":"https:\/\/zsp14gliwice.pl\/pm40\/wp-json\/wp\/v2\/users\/1"}],"replies":[{"embeddable":true,"href":"https:\/\/zsp14gliwice.pl\/pm40\/wp-json\/wp\/v2\/comments?post=1135"}],"version-history":[{"count":1,"href":"https:\/\/zsp14gliwice.pl\/pm40\/wp-json\/wp\/v2\/posts\/1135\/revisions"}],"predecessor-version":[{"id":1139,"href":"https:\/\/zsp14gliwice.pl\/pm40\/wp-json\/wp\/v2\/posts\/1135\/revisions\/1139"}],"wp:featuredmedia":[{"embeddable":true,"href":"https:\/\/zsp14gliwice.pl\/pm40\/wp-json\/wp\/v2\/media\/1136"}],"wp:attachment":[{"href":"https:\/\/zsp14gliwice.pl\/pm40\/wp-json\/wp\/v2\/media?parent=1135"}],"wp:term":[{"taxonomy":"category","embeddable":true,"href":"https:\/\/zsp14gliwice.pl\/pm40\/wp-json\/wp\/v2\/categories?post=1135"},{"taxonomy":"post_tag","embeddable":true,"href":"https:\/\/zsp14gliwice.pl\/pm40\/wp-json\/wp\/v2\/tags?post=1135"}],"curies":[{"name":"wp","href":"https:\/\/api.w.org\/{rel}","templated":true}]}}