{"id":1091,"date":"2021-10-19T14:56:11","date_gmt":"2021-10-19T12:56:11","guid":{"rendered":"http:\/\/zsp14gliwice.pl\/pm40\/?p=1091"},"modified":"2021-10-19T14:56:34","modified_gmt":"2021-10-19T12:56:34","slug":"14-pazdziernika-dzien-edukacji-narodowej","status":"publish","type":"post","link":"https:\/\/zsp14gliwice.pl\/pm40\/2021\/10\/19\/14-pazdziernika-dzien-edukacji-narodowej\/","title":{"rendered":"14 pa\u017adziernika DZIE\u0143 EDUKACJI NARODOWEJ"},"content":{"rendered":"\n<p><em>14 pa\u017adziernika<\/em>\u00a0to wyj\u0105tkowy dzie\u0144 dla wszystkich pracownik\u00f3w o\u015bwiaty, poniewa\u017c w tym dniu obchodzili\u015bmy\u00a0<em>Dzie\u0144 Edukacji Narodowej.<\/em> W\u00a0tym uroczystym dniu grupa\u00a0<em>Biedronki<\/em> zaprosi\u0142a na akademi\u0119 z\u00a0okazji Dnia Nauczyciela. Dzieci zaprezentowa\u0142y pi\u0119kny program artystyczny, w kt\u00f3rym nie\u00a0zabrak\u0142o wierszy, \u017cycze\u0144 i piosenek. \u00a0Z ca\u0142ego serca dzi\u0119kujemy!<\/p>\n\n\n\n<figure class=\"wp-block-gallery columns-1 is-cropped wp-block-gallery-1 is-layout-flex wp-block-gallery-is-layout-flex\"><ul class=\"blocks-gallery-grid\"><li class=\"blocks-gallery-item\"><figure><a href=\"http:\/\/zsp14gliwice.pl\/pm40\/wp-content\/uploads\/2021\/10\/zsp14gliwice-pm40-dzien-edukacji-narodowej-14-10-2021-2.jpg\"><img loading=\"lazy\" decoding=\"async\" width=\"1024\" height=\"769\" src=\"http:\/\/zsp14gliwice.pl\/pm40\/wp-content\/uploads\/2021\/10\/zsp14gliwice-pm40-dzien-edukacji-narodowej-14-10-2021-2-1024x769.jpg\" alt=\"\" data-id=\"1093\" data-full-url=\"http:\/\/zsp14gliwice.pl\/pm40\/wp-content\/uploads\/2021\/10\/zsp14gliwice-pm40-dzien-edukacji-narodowej-14-10-2021-2.jpg\" data-link=\"http:\/\/zsp14gliwice.pl\/pm40\/?attachment_id=1093\" class=\"wp-image-1093\" srcset=\"https:\/\/zsp14gliwice.pl\/pm40\/wp-content\/uploads\/2021\/10\/zsp14gliwice-pm40-dzien-edukacji-narodowej-14-10-2021-2-1024x769.jpg 1024w, https:\/\/zsp14gliwice.pl\/pm40\/wp-content\/uploads\/2021\/10\/zsp14gliwice-pm40-dzien-edukacji-narodowej-14-10-2021-2-300x225.jpg 300w, https:\/\/zsp14gliwice.pl\/pm40\/wp-content\/uploads\/2021\/10\/zsp14gliwice-pm40-dzien-edukacji-narodowej-14-10-2021-2-768x577.jpg 768w, https:\/\/zsp14gliwice.pl\/pm40\/wp-content\/uploads\/2021\/10\/zsp14gliwice-pm40-dzien-edukacji-narodowej-14-10-2021-2-100x75.jpg 100w, https:\/\/zsp14gliwice.pl\/pm40\/wp-content\/uploads\/2021\/10\/zsp14gliwice-pm40-dzien-edukacji-narodowej-14-10-2021-2-862x647.jpg 862w, https:\/\/zsp14gliwice.pl\/pm40\/wp-content\/uploads\/2021\/10\/zsp14gliwice-pm40-dzien-edukacji-narodowej-14-10-2021-2.jpg 1200w\" sizes=\"(max-width: 1024px) 100vw, 1024px\" \/><\/a><\/figure><\/li><li class=\"blocks-gallery-item\"><figure><a href=\"http:\/\/zsp14gliwice.pl\/pm40\/wp-content\/uploads\/2021\/10\/zsp14gliwice-pm40-dzien-edukacji-narodowej-14-10-2021-3.jpg\"><img loading=\"lazy\" decoding=\"async\" width=\"1024\" height=\"769\" src=\"http:\/\/zsp14gliwice.pl\/pm40\/wp-content\/uploads\/2021\/10\/zsp14gliwice-pm40-dzien-edukacji-narodowej-14-10-2021-3-1024x769.jpg\" alt=\"\" data-id=\"1094\" data-full-url=\"http:\/\/zsp14gliwice.pl\/pm40\/wp-content\/uploads\/2021\/10\/zsp14gliwice-pm40-dzien-edukacji-narodowej-14-10-2021-3.jpg\" data-link=\"http:\/\/zsp14gliwice.pl\/pm40\/?attachment_id=1094\" class=\"wp-image-1094\" srcset=\"https:\/\/zsp14gliwice.pl\/pm40\/wp-content\/uploads\/2021\/10\/zsp14gliwice-pm40-dzien-edukacji-narodowej-14-10-2021-3-1024x769.jpg 1024w, https:\/\/zsp14gliwice.pl\/pm40\/wp-content\/uploads\/2021\/10\/zsp14gliwice-pm40-dzien-edukacji-narodowej-14-10-2021-3-300x225.jpg 300w, https:\/\/zsp14gliwice.pl\/pm40\/wp-content\/uploads\/2021\/10\/zsp14gliwice-pm40-dzien-edukacji-narodowej-14-10-2021-3-768x577.jpg 768w, https:\/\/zsp14gliwice.pl\/pm40\/wp-content\/uploads\/2021\/10\/zsp14gliwice-pm40-dzien-edukacji-narodowej-14-10-2021-3-100x75.jpg 100w, https:\/\/zsp14gliwice.pl\/pm40\/wp-content\/uploads\/2021\/10\/zsp14gliwice-pm40-dzien-edukacji-narodowej-14-10-2021-3-862x647.jpg 862w, https:\/\/zsp14gliwice.pl\/pm40\/wp-content\/uploads\/2021\/10\/zsp14gliwice-pm40-dzien-edukacji-narodowej-14-10-2021-3.jpg 1200w\" sizes=\"(max-width: 1024px) 100vw, 1024px\" \/><\/a><\/figure><\/li><li class=\"blocks-gallery-item\"><figure><a href=\"http:\/\/zsp14gliwice.pl\/pm40\/wp-content\/uploads\/2021\/10\/zsp14gliwice-pm40-dzien-edukacji-narodowej-14-10-2021-4.jpg\"><img loading=\"lazy\" decoding=\"async\" width=\"1024\" height=\"769\" src=\"http:\/\/zsp14gliwice.pl\/pm40\/wp-content\/uploads\/2021\/10\/zsp14gliwice-pm40-dzien-edukacji-narodowej-14-10-2021-4-1024x769.jpg\" alt=\"\" data-id=\"1095\" data-full-url=\"http:\/\/zsp14gliwice.pl\/pm40\/wp-content\/uploads\/2021\/10\/zsp14gliwice-pm40-dzien-edukacji-narodowej-14-10-2021-4.jpg\" data-link=\"http:\/\/zsp14gliwice.pl\/pm40\/?attachment_id=1095\" class=\"wp-image-1095\" srcset=\"https:\/\/zsp14gliwice.pl\/pm40\/wp-content\/uploads\/2021\/10\/zsp14gliwice-pm40-dzien-edukacji-narodowej-14-10-2021-4-1024x769.jpg 1024w, https:\/\/zsp14gliwice.pl\/pm40\/wp-content\/uploads\/2021\/10\/zsp14gliwice-pm40-dzien-edukacji-narodowej-14-10-2021-4-300x225.jpg 300w, https:\/\/zsp14gliwice.pl\/pm40\/wp-content\/uploads\/2021\/10\/zsp14gliwice-pm40-dzien-edukacji-narodowej-14-10-2021-4-768x577.jpg 768w, https:\/\/zsp14gliwice.pl\/pm40\/wp-content\/uploads\/2021\/10\/zsp14gliwice-pm40-dzien-edukacji-narodowej-14-10-2021-4-100x75.jpg 100w, https:\/\/zsp14gliwice.pl\/pm40\/wp-content\/uploads\/2021\/10\/zsp14gliwice-pm40-dzien-edukacji-narodowej-14-10-2021-4-862x647.jpg 862w, https:\/\/zsp14gliwice.pl\/pm40\/wp-content\/uploads\/2021\/10\/zsp14gliwice-pm40-dzien-edukacji-narodowej-14-10-2021-4.jpg 1200w\" sizes=\"(max-width: 1024px) 100vw, 1024px\" \/><\/a><\/figure><\/li><\/ul><\/figure>\n","protected":false},"excerpt":{"rendered":"<p>14 pa\u017adziernika\u00a0to wyj\u0105tkowy dzie\u0144 dla wszystkich pracownik\u00f3w o\u015bwiaty, poniewa\u017c w tym dniu obchodzili\u015bmy\u00a0Dzie\u0144 Edukacji Narodowej. W\u00a0tym uroczystym dniu grupa\u00a0Biedronki zaprosi\u0142a na akademi\u0119 z\u00a0okazji Dnia Nauczyciela. Dzieci zaprezentowa\u0142y pi\u0119kny program artystyczny, w kt\u00f3rym nie\u00a0zabrak\u0142o wierszy, \u017cycze\u0144 i piosenek. \u00a0Z ca\u0142ego serca dzi\u0119kujemy!<\/p>\n","protected":false},"author":1,"featured_media":1092,"comment_status":"closed","ping_status":"open","sticky":false,"template":"","format":"standard","meta":{"footnotes":""},"categories":[7],"tags":[],"_links":{"self":[{"href":"https:\/\/zsp14gliwice.pl\/pm40\/wp-json\/wp\/v2\/posts\/1091"}],"collection":[{"href":"https:\/\/zsp14gliwice.pl\/pm40\/wp-json\/wp\/v2\/posts"}],"about":[{"href":"https:\/\/zsp14gliwice.pl\/pm40\/wp-json\/wp\/v2\/types\/post"}],"author":[{"embeddable":true,"href":"https:\/\/zsp14gliwice.pl\/pm40\/wp-json\/wp\/v2\/users\/1"}],"replies":[{"embeddable":true,"href":"https:\/\/zsp14gliwice.pl\/pm40\/wp-json\/wp\/v2\/comments?post=1091"}],"version-history":[{"count":2,"href":"https:\/\/zsp14gliwice.pl\/pm40\/wp-json\/wp\/v2\/posts\/1091\/revisions"}],"predecessor-version":[{"id":1097,"href":"https:\/\/zsp14gliwice.pl\/pm40\/wp-json\/wp\/v2\/posts\/1091\/revisions\/1097"}],"wp:featuredmedia":[{"embeddable":true,"href":"https:\/\/zsp14gliwice.pl\/pm40\/wp-json\/wp\/v2\/media\/1092"}],"wp:attachment":[{"href":"https:\/\/zsp14gliwice.pl\/pm40\/wp-json\/wp\/v2\/media?parent=1091"}],"wp:term":[{"taxonomy":"category","embeddable":true,"href":"https:\/\/zsp14gliwice.pl\/pm40\/wp-json\/wp\/v2\/categories?post=1091"},{"taxonomy":"post_tag","embeddable":true,"href":"https:\/\/zsp14gliwice.pl\/pm40\/wp-json\/wp\/v2\/tags?post=1091"}],"curies":[{"name":"wp","href":"https:\/\/api.w.org\/{rel}","templated":true}]}}