{"id":1073,"date":"2021-09-20T09:18:00","date_gmt":"2021-09-20T07:18:00","guid":{"rendered":"http:\/\/zsp14gliwice.pl\/pm40\/?p=1073"},"modified":"2021-10-15T09:23:33","modified_gmt":"2021-10-15T07:23:33","slug":"dzien-przedszkolaka-20-ix-2021","status":"publish","type":"post","link":"https:\/\/zsp14gliwice.pl\/pm40\/2021\/09\/20\/dzien-przedszkolaka-20-ix-2021\/","title":{"rendered":"Dzie\u0144 przedszkolaka 20.IX.2021"},"content":{"rendered":"\n<p>Dzie\u0144 Przedszkolaka up\u0142yn\u0105\u0142 nam na weso\u0142ej zabawie, bo \u201cNiewiele do szcz\u0119\u015bcia trzeba nam\u201d! Ta\u0144ce, balony i ju\u017c wszyscy zadowoleni!<\/p>\n\n\n\n<figure class=\"wp-block-gallery columns-3 is-cropped wp-block-gallery-1 is-layout-flex wp-block-gallery-is-layout-flex\"><ul class=\"blocks-gallery-grid\"><li class=\"blocks-gallery-item\"><figure><a href=\"http:\/\/zsp14gliwice.pl\/pm40\/wp-content\/uploads\/2021\/10\/zsp14gliwice-pm40-dzien-przedszkolaka-20-9-2021-7.jpg\"><img loading=\"lazy\" decoding=\"async\" width=\"1024\" height=\"769\" src=\"http:\/\/zsp14gliwice.pl\/pm40\/wp-content\/uploads\/2021\/10\/zsp14gliwice-pm40-dzien-przedszkolaka-20-9-2021-7-1024x769.jpg\" alt=\"\" data-id=\"1075\" data-full-url=\"http:\/\/zsp14gliwice.pl\/pm40\/wp-content\/uploads\/2021\/10\/zsp14gliwice-pm40-dzien-przedszkolaka-20-9-2021-7.jpg\" data-link=\"http:\/\/zsp14gliwice.pl\/pm40\/?attachment_id=1075\" class=\"wp-image-1075\" srcset=\"https:\/\/zsp14gliwice.pl\/pm40\/wp-content\/uploads\/2021\/10\/zsp14gliwice-pm40-dzien-przedszkolaka-20-9-2021-7-1024x769.jpg 1024w, https:\/\/zsp14gliwice.pl\/pm40\/wp-content\/uploads\/2021\/10\/zsp14gliwice-pm40-dzien-przedszkolaka-20-9-2021-7-300x225.jpg 300w, https:\/\/zsp14gliwice.pl\/pm40\/wp-content\/uploads\/2021\/10\/zsp14gliwice-pm40-dzien-przedszkolaka-20-9-2021-7-768x577.jpg 768w, https:\/\/zsp14gliwice.pl\/pm40\/wp-content\/uploads\/2021\/10\/zsp14gliwice-pm40-dzien-przedszkolaka-20-9-2021-7-100x75.jpg 100w, https:\/\/zsp14gliwice.pl\/pm40\/wp-content\/uploads\/2021\/10\/zsp14gliwice-pm40-dzien-przedszkolaka-20-9-2021-7-862x647.jpg 862w, https:\/\/zsp14gliwice.pl\/pm40\/wp-content\/uploads\/2021\/10\/zsp14gliwice-pm40-dzien-przedszkolaka-20-9-2021-7.jpg 1200w\" sizes=\"(max-width: 1024px) 100vw, 1024px\" \/><\/a><\/figure><\/li><li class=\"blocks-gallery-item\"><figure><a href=\"http:\/\/zsp14gliwice.pl\/pm40\/wp-content\/uploads\/2021\/10\/zsp14gliwice-pm40-dzien-przedszkolaka-20-9-2021-8.jpg\"><img loading=\"lazy\" decoding=\"async\" width=\"1024\" height=\"769\" src=\"http:\/\/zsp14gliwice.pl\/pm40\/wp-content\/uploads\/2021\/10\/zsp14gliwice-pm40-dzien-przedszkolaka-20-9-2021-8-1024x769.jpg\" alt=\"\" data-id=\"1076\" data-full-url=\"http:\/\/zsp14gliwice.pl\/pm40\/wp-content\/uploads\/2021\/10\/zsp14gliwice-pm40-dzien-przedszkolaka-20-9-2021-8.jpg\" data-link=\"http:\/\/zsp14gliwice.pl\/pm40\/?attachment_id=1076\" class=\"wp-image-1076\" srcset=\"https:\/\/zsp14gliwice.pl\/pm40\/wp-content\/uploads\/2021\/10\/zsp14gliwice-pm40-dzien-przedszkolaka-20-9-2021-8-1024x769.jpg 1024w, https:\/\/zsp14gliwice.pl\/pm40\/wp-content\/uploads\/2021\/10\/zsp14gliwice-pm40-dzien-przedszkolaka-20-9-2021-8-300x225.jpg 300w, https:\/\/zsp14gliwice.pl\/pm40\/wp-content\/uploads\/2021\/10\/zsp14gliwice-pm40-dzien-przedszkolaka-20-9-2021-8-768x577.jpg 768w, https:\/\/zsp14gliwice.pl\/pm40\/wp-content\/uploads\/2021\/10\/zsp14gliwice-pm40-dzien-przedszkolaka-20-9-2021-8-100x75.jpg 100w, https:\/\/zsp14gliwice.pl\/pm40\/wp-content\/uploads\/2021\/10\/zsp14gliwice-pm40-dzien-przedszkolaka-20-9-2021-8-862x647.jpg 862w, https:\/\/zsp14gliwice.pl\/pm40\/wp-content\/uploads\/2021\/10\/zsp14gliwice-pm40-dzien-przedszkolaka-20-9-2021-8.jpg 1200w\" sizes=\"(max-width: 1024px) 100vw, 1024px\" \/><\/a><\/figure><\/li><li class=\"blocks-gallery-item\"><figure><a href=\"http:\/\/zsp14gliwice.pl\/pm40\/wp-content\/uploads\/2021\/10\/zsp14gliwice-pm40-dzien-przedszkolaka-20-9-2021-9.jpg\"><img loading=\"lazy\" decoding=\"async\" width=\"1024\" height=\"769\" src=\"http:\/\/zsp14gliwice.pl\/pm40\/wp-content\/uploads\/2021\/10\/zsp14gliwice-pm40-dzien-przedszkolaka-20-9-2021-9-1024x769.jpg\" alt=\"\" data-id=\"1077\" data-full-url=\"http:\/\/zsp14gliwice.pl\/pm40\/wp-content\/uploads\/2021\/10\/zsp14gliwice-pm40-dzien-przedszkolaka-20-9-2021-9.jpg\" data-link=\"http:\/\/zsp14gliwice.pl\/pm40\/?attachment_id=1077\" class=\"wp-image-1077\" srcset=\"https:\/\/zsp14gliwice.pl\/pm40\/wp-content\/uploads\/2021\/10\/zsp14gliwice-pm40-dzien-przedszkolaka-20-9-2021-9-1024x769.jpg 1024w, https:\/\/zsp14gliwice.pl\/pm40\/wp-content\/uploads\/2021\/10\/zsp14gliwice-pm40-dzien-przedszkolaka-20-9-2021-9-300x225.jpg 300w, https:\/\/zsp14gliwice.pl\/pm40\/wp-content\/uploads\/2021\/10\/zsp14gliwice-pm40-dzien-przedszkolaka-20-9-2021-9-768x577.jpg 768w, https:\/\/zsp14gliwice.pl\/pm40\/wp-content\/uploads\/2021\/10\/zsp14gliwice-pm40-dzien-przedszkolaka-20-9-2021-9-100x75.jpg 100w, https:\/\/zsp14gliwice.pl\/pm40\/wp-content\/uploads\/2021\/10\/zsp14gliwice-pm40-dzien-przedszkolaka-20-9-2021-9-862x647.jpg 862w, https:\/\/zsp14gliwice.pl\/pm40\/wp-content\/uploads\/2021\/10\/zsp14gliwice-pm40-dzien-przedszkolaka-20-9-2021-9.jpg 1200w\" sizes=\"(max-width: 1024px) 100vw, 1024px\" \/><\/a><\/figure><\/li><li class=\"blocks-gallery-item\"><figure><a href=\"http:\/\/zsp14gliwice.pl\/pm40\/wp-content\/uploads\/2021\/10\/zsp14gliwice-pm40-dzien-przedszkolaka-20-9-2021-10.jpg\"><img loading=\"lazy\" decoding=\"async\" width=\"1024\" height=\"769\" src=\"http:\/\/zsp14gliwice.pl\/pm40\/wp-content\/uploads\/2021\/10\/zsp14gliwice-pm40-dzien-przedszkolaka-20-9-2021-10-1024x769.jpg\" alt=\"\" data-id=\"1078\" data-full-url=\"http:\/\/zsp14gliwice.pl\/pm40\/wp-content\/uploads\/2021\/10\/zsp14gliwice-pm40-dzien-przedszkolaka-20-9-2021-10.jpg\" data-link=\"http:\/\/zsp14gliwice.pl\/pm40\/?attachment_id=1078\" class=\"wp-image-1078\" srcset=\"https:\/\/zsp14gliwice.pl\/pm40\/wp-content\/uploads\/2021\/10\/zsp14gliwice-pm40-dzien-przedszkolaka-20-9-2021-10-1024x769.jpg 1024w, https:\/\/zsp14gliwice.pl\/pm40\/wp-content\/uploads\/2021\/10\/zsp14gliwice-pm40-dzien-przedszkolaka-20-9-2021-10-300x225.jpg 300w, https:\/\/zsp14gliwice.pl\/pm40\/wp-content\/uploads\/2021\/10\/zsp14gliwice-pm40-dzien-przedszkolaka-20-9-2021-10-768x577.jpg 768w, https:\/\/zsp14gliwice.pl\/pm40\/wp-content\/uploads\/2021\/10\/zsp14gliwice-pm40-dzien-przedszkolaka-20-9-2021-10-100x75.jpg 100w, https:\/\/zsp14gliwice.pl\/pm40\/wp-content\/uploads\/2021\/10\/zsp14gliwice-pm40-dzien-przedszkolaka-20-9-2021-10-862x647.jpg 862w, https:\/\/zsp14gliwice.pl\/pm40\/wp-content\/uploads\/2021\/10\/zsp14gliwice-pm40-dzien-przedszkolaka-20-9-2021-10.jpg 1200w\" sizes=\"(max-width: 1024px) 100vw, 1024px\" \/><\/a><\/figure><\/li><li class=\"blocks-gallery-item\"><figure><a href=\"http:\/\/zsp14gliwice.pl\/pm40\/wp-content\/uploads\/2021\/10\/zsp14gliwice-pm40-dzien-przedszkolaka-20-9-2021-11.jpg\"><img loading=\"lazy\" decoding=\"async\" width=\"1024\" height=\"769\" src=\"http:\/\/zsp14gliwice.pl\/pm40\/wp-content\/uploads\/2021\/10\/zsp14gliwice-pm40-dzien-przedszkolaka-20-9-2021-11-1024x769.jpg\" alt=\"\" data-id=\"1079\" data-full-url=\"http:\/\/zsp14gliwice.pl\/pm40\/wp-content\/uploads\/2021\/10\/zsp14gliwice-pm40-dzien-przedszkolaka-20-9-2021-11.jpg\" data-link=\"http:\/\/zsp14gliwice.pl\/pm40\/?attachment_id=1079\" class=\"wp-image-1079\" srcset=\"https:\/\/zsp14gliwice.pl\/pm40\/wp-content\/uploads\/2021\/10\/zsp14gliwice-pm40-dzien-przedszkolaka-20-9-2021-11-1024x769.jpg 1024w, https:\/\/zsp14gliwice.pl\/pm40\/wp-content\/uploads\/2021\/10\/zsp14gliwice-pm40-dzien-przedszkolaka-20-9-2021-11-300x225.jpg 300w, https:\/\/zsp14gliwice.pl\/pm40\/wp-content\/uploads\/2021\/10\/zsp14gliwice-pm40-dzien-przedszkolaka-20-9-2021-11-768x577.jpg 768w, https:\/\/zsp14gliwice.pl\/pm40\/wp-content\/uploads\/2021\/10\/zsp14gliwice-pm40-dzien-przedszkolaka-20-9-2021-11-100x75.jpg 100w, https:\/\/zsp14gliwice.pl\/pm40\/wp-content\/uploads\/2021\/10\/zsp14gliwice-pm40-dzien-przedszkolaka-20-9-2021-11-862x647.jpg 862w, https:\/\/zsp14gliwice.pl\/pm40\/wp-content\/uploads\/2021\/10\/zsp14gliwice-pm40-dzien-przedszkolaka-20-9-2021-11.jpg 1200w\" sizes=\"(max-width: 1024px) 100vw, 1024px\" \/><\/a><\/figure><\/li><li class=\"blocks-gallery-item\"><figure><a href=\"http:\/\/zsp14gliwice.pl\/pm40\/wp-content\/uploads\/2021\/10\/zsp14gliwice-pm40-dzien-przedszkolaka-20-9-2021-12.jpg\"><img loading=\"lazy\" decoding=\"async\" width=\"1024\" height=\"769\" src=\"http:\/\/zsp14gliwice.pl\/pm40\/wp-content\/uploads\/2021\/10\/zsp14gliwice-pm40-dzien-przedszkolaka-20-9-2021-12-1024x769.jpg\" alt=\"\" data-id=\"1080\" data-full-url=\"http:\/\/zsp14gliwice.pl\/pm40\/wp-content\/uploads\/2021\/10\/zsp14gliwice-pm40-dzien-przedszkolaka-20-9-2021-12.jpg\" data-link=\"http:\/\/zsp14gliwice.pl\/pm40\/?attachment_id=1080\" class=\"wp-image-1080\" srcset=\"https:\/\/zsp14gliwice.pl\/pm40\/wp-content\/uploads\/2021\/10\/zsp14gliwice-pm40-dzien-przedszkolaka-20-9-2021-12-1024x769.jpg 1024w, https:\/\/zsp14gliwice.pl\/pm40\/wp-content\/uploads\/2021\/10\/zsp14gliwice-pm40-dzien-przedszkolaka-20-9-2021-12-300x225.jpg 300w, https:\/\/zsp14gliwice.pl\/pm40\/wp-content\/uploads\/2021\/10\/zsp14gliwice-pm40-dzien-przedszkolaka-20-9-2021-12-768x577.jpg 768w, https:\/\/zsp14gliwice.pl\/pm40\/wp-content\/uploads\/2021\/10\/zsp14gliwice-pm40-dzien-przedszkolaka-20-9-2021-12-100x75.jpg 100w, https:\/\/zsp14gliwice.pl\/pm40\/wp-content\/uploads\/2021\/10\/zsp14gliwice-pm40-dzien-przedszkolaka-20-9-2021-12-862x647.jpg 862w, https:\/\/zsp14gliwice.pl\/pm40\/wp-content\/uploads\/2021\/10\/zsp14gliwice-pm40-dzien-przedszkolaka-20-9-2021-12.jpg 1200w\" sizes=\"(max-width: 1024px) 100vw, 1024px\" \/><\/a><\/figure><\/li><li class=\"blocks-gallery-item\"><figure><a href=\"http:\/\/zsp14gliwice.pl\/pm40\/wp-content\/uploads\/2021\/10\/zsp14gliwice-pm40-dzien-przedszkolaka-20-9-2021-13.jpg\"><img loading=\"lazy\" decoding=\"async\" width=\"1024\" height=\"769\" src=\"http:\/\/zsp14gliwice.pl\/pm40\/wp-content\/uploads\/2021\/10\/zsp14gliwice-pm40-dzien-przedszkolaka-20-9-2021-13-1024x769.jpg\" alt=\"\" data-id=\"1081\" data-full-url=\"http:\/\/zsp14gliwice.pl\/pm40\/wp-content\/uploads\/2021\/10\/zsp14gliwice-pm40-dzien-przedszkolaka-20-9-2021-13.jpg\" data-link=\"http:\/\/zsp14gliwice.pl\/pm40\/?attachment_id=1081\" class=\"wp-image-1081\" srcset=\"https:\/\/zsp14gliwice.pl\/pm40\/wp-content\/uploads\/2021\/10\/zsp14gliwice-pm40-dzien-przedszkolaka-20-9-2021-13-1024x769.jpg 1024w, https:\/\/zsp14gliwice.pl\/pm40\/wp-content\/uploads\/2021\/10\/zsp14gliwice-pm40-dzien-przedszkolaka-20-9-2021-13-300x225.jpg 300w, https:\/\/zsp14gliwice.pl\/pm40\/wp-content\/uploads\/2021\/10\/zsp14gliwice-pm40-dzien-przedszkolaka-20-9-2021-13-768x577.jpg 768w, https:\/\/zsp14gliwice.pl\/pm40\/wp-content\/uploads\/2021\/10\/zsp14gliwice-pm40-dzien-przedszkolaka-20-9-2021-13-100x75.jpg 100w, https:\/\/zsp14gliwice.pl\/pm40\/wp-content\/uploads\/2021\/10\/zsp14gliwice-pm40-dzien-przedszkolaka-20-9-2021-13-862x647.jpg 862w, https:\/\/zsp14gliwice.pl\/pm40\/wp-content\/uploads\/2021\/10\/zsp14gliwice-pm40-dzien-przedszkolaka-20-9-2021-13.jpg 1200w\" sizes=\"(max-width: 1024px) 100vw, 1024px\" \/><\/a><\/figure><\/li><li class=\"blocks-gallery-item\"><figure><a href=\"http:\/\/zsp14gliwice.pl\/pm40\/wp-content\/uploads\/2021\/10\/zsp14gliwice-pm40-dzien-przedszkolaka-20-9-2021-2.jpg\"><img loading=\"lazy\" decoding=\"async\" width=\"1024\" height=\"461\" src=\"http:\/\/zsp14gliwice.pl\/pm40\/wp-content\/uploads\/2021\/10\/zsp14gliwice-pm40-dzien-przedszkolaka-20-9-2021-2-1024x461.jpg\" alt=\"\" data-id=\"1082\" data-full-url=\"http:\/\/zsp14gliwice.pl\/pm40\/wp-content\/uploads\/2021\/10\/zsp14gliwice-pm40-dzien-przedszkolaka-20-9-2021-2.jpg\" data-link=\"http:\/\/zsp14gliwice.pl\/pm40\/?attachment_id=1082\" class=\"wp-image-1082\" srcset=\"https:\/\/zsp14gliwice.pl\/pm40\/wp-content\/uploads\/2021\/10\/zsp14gliwice-pm40-dzien-przedszkolaka-20-9-2021-2-1024x461.jpg 1024w, https:\/\/zsp14gliwice.pl\/pm40\/wp-content\/uploads\/2021\/10\/zsp14gliwice-pm40-dzien-przedszkolaka-20-9-2021-2-300x135.jpg 300w, https:\/\/zsp14gliwice.pl\/pm40\/wp-content\/uploads\/2021\/10\/zsp14gliwice-pm40-dzien-przedszkolaka-20-9-2021-2-768x346.jpg 768w, https:\/\/zsp14gliwice.pl\/pm40\/wp-content\/uploads\/2021\/10\/zsp14gliwice-pm40-dzien-przedszkolaka-20-9-2021-2-100x45.jpg 100w, https:\/\/zsp14gliwice.pl\/pm40\/wp-content\/uploads\/2021\/10\/zsp14gliwice-pm40-dzien-przedszkolaka-20-9-2021-2-862x388.jpg 862w, https:\/\/zsp14gliwice.pl\/pm40\/wp-content\/uploads\/2021\/10\/zsp14gliwice-pm40-dzien-przedszkolaka-20-9-2021-2.jpg 1200w\" sizes=\"(max-width: 1024px) 100vw, 1024px\" \/><\/a><\/figure><\/li><li class=\"blocks-gallery-item\"><figure><a href=\"http:\/\/zsp14gliwice.pl\/pm40\/wp-content\/uploads\/2021\/10\/zsp14gliwice-pm40-dzien-przedszkolaka-20-9-2021-3.jpg\"><img loading=\"lazy\" decoding=\"async\" width=\"1024\" height=\"461\" src=\"http:\/\/zsp14gliwice.pl\/pm40\/wp-content\/uploads\/2021\/10\/zsp14gliwice-pm40-dzien-przedszkolaka-20-9-2021-3-1024x461.jpg\" alt=\"\" data-id=\"1083\" data-full-url=\"http:\/\/zsp14gliwice.pl\/pm40\/wp-content\/uploads\/2021\/10\/zsp14gliwice-pm40-dzien-przedszkolaka-20-9-2021-3.jpg\" data-link=\"http:\/\/zsp14gliwice.pl\/pm40\/?attachment_id=1083\" class=\"wp-image-1083\" srcset=\"https:\/\/zsp14gliwice.pl\/pm40\/wp-content\/uploads\/2021\/10\/zsp14gliwice-pm40-dzien-przedszkolaka-20-9-2021-3-1024x461.jpg 1024w, https:\/\/zsp14gliwice.pl\/pm40\/wp-content\/uploads\/2021\/10\/zsp14gliwice-pm40-dzien-przedszkolaka-20-9-2021-3-300x135.jpg 300w, https:\/\/zsp14gliwice.pl\/pm40\/wp-content\/uploads\/2021\/10\/zsp14gliwice-pm40-dzien-przedszkolaka-20-9-2021-3-768x346.jpg 768w, https:\/\/zsp14gliwice.pl\/pm40\/wp-content\/uploads\/2021\/10\/zsp14gliwice-pm40-dzien-przedszkolaka-20-9-2021-3-100x45.jpg 100w, https:\/\/zsp14gliwice.pl\/pm40\/wp-content\/uploads\/2021\/10\/zsp14gliwice-pm40-dzien-przedszkolaka-20-9-2021-3-862x388.jpg 862w, https:\/\/zsp14gliwice.pl\/pm40\/wp-content\/uploads\/2021\/10\/zsp14gliwice-pm40-dzien-przedszkolaka-20-9-2021-3.jpg 1200w\" sizes=\"(max-width: 1024px) 100vw, 1024px\" \/><\/a><\/figure><\/li><li class=\"blocks-gallery-item\"><figure><a href=\"http:\/\/zsp14gliwice.pl\/pm40\/wp-content\/uploads\/2021\/10\/zsp14gliwice-pm40-dzien-przedszkolaka-20-9-2021-4.jpg\"><img loading=\"lazy\" decoding=\"async\" width=\"1024\" height=\"461\" src=\"http:\/\/zsp14gliwice.pl\/pm40\/wp-content\/uploads\/2021\/10\/zsp14gliwice-pm40-dzien-przedszkolaka-20-9-2021-4-1024x461.jpg\" alt=\"\" data-id=\"1084\" data-full-url=\"http:\/\/zsp14gliwice.pl\/pm40\/wp-content\/uploads\/2021\/10\/zsp14gliwice-pm40-dzien-przedszkolaka-20-9-2021-4.jpg\" data-link=\"http:\/\/zsp14gliwice.pl\/pm40\/?attachment_id=1084\" class=\"wp-image-1084\" srcset=\"https:\/\/zsp14gliwice.pl\/pm40\/wp-content\/uploads\/2021\/10\/zsp14gliwice-pm40-dzien-przedszkolaka-20-9-2021-4-1024x461.jpg 1024w, https:\/\/zsp14gliwice.pl\/pm40\/wp-content\/uploads\/2021\/10\/zsp14gliwice-pm40-dzien-przedszkolaka-20-9-2021-4-300x135.jpg 300w, https:\/\/zsp14gliwice.pl\/pm40\/wp-content\/uploads\/2021\/10\/zsp14gliwice-pm40-dzien-przedszkolaka-20-9-2021-4-768x346.jpg 768w, https:\/\/zsp14gliwice.pl\/pm40\/wp-content\/uploads\/2021\/10\/zsp14gliwice-pm40-dzien-przedszkolaka-20-9-2021-4-100x45.jpg 100w, https:\/\/zsp14gliwice.pl\/pm40\/wp-content\/uploads\/2021\/10\/zsp14gliwice-pm40-dzien-przedszkolaka-20-9-2021-4-862x388.jpg 862w, https:\/\/zsp14gliwice.pl\/pm40\/wp-content\/uploads\/2021\/10\/zsp14gliwice-pm40-dzien-przedszkolaka-20-9-2021-4.jpg 1200w\" sizes=\"(max-width: 1024px) 100vw, 1024px\" \/><\/a><\/figure><\/li><li class=\"blocks-gallery-item\"><figure><a href=\"http:\/\/zsp14gliwice.pl\/pm40\/wp-content\/uploads\/2021\/10\/zsp14gliwice-pm40-dzien-przedszkolaka-20-9-2021-5.jpg\"><img loading=\"lazy\" decoding=\"async\" width=\"1024\" height=\"461\" src=\"http:\/\/zsp14gliwice.pl\/pm40\/wp-content\/uploads\/2021\/10\/zsp14gliwice-pm40-dzien-przedszkolaka-20-9-2021-5-1024x461.jpg\" alt=\"\" data-id=\"1085\" data-full-url=\"http:\/\/zsp14gliwice.pl\/pm40\/wp-content\/uploads\/2021\/10\/zsp14gliwice-pm40-dzien-przedszkolaka-20-9-2021-5.jpg\" data-link=\"http:\/\/zsp14gliwice.pl\/pm40\/?attachment_id=1085\" class=\"wp-image-1085\" srcset=\"https:\/\/zsp14gliwice.pl\/pm40\/wp-content\/uploads\/2021\/10\/zsp14gliwice-pm40-dzien-przedszkolaka-20-9-2021-5-1024x461.jpg 1024w, https:\/\/zsp14gliwice.pl\/pm40\/wp-content\/uploads\/2021\/10\/zsp14gliwice-pm40-dzien-przedszkolaka-20-9-2021-5-300x135.jpg 300w, https:\/\/zsp14gliwice.pl\/pm40\/wp-content\/uploads\/2021\/10\/zsp14gliwice-pm40-dzien-przedszkolaka-20-9-2021-5-768x346.jpg 768w, https:\/\/zsp14gliwice.pl\/pm40\/wp-content\/uploads\/2021\/10\/zsp14gliwice-pm40-dzien-przedszkolaka-20-9-2021-5-100x45.jpg 100w, https:\/\/zsp14gliwice.pl\/pm40\/wp-content\/uploads\/2021\/10\/zsp14gliwice-pm40-dzien-przedszkolaka-20-9-2021-5-862x388.jpg 862w, https:\/\/zsp14gliwice.pl\/pm40\/wp-content\/uploads\/2021\/10\/zsp14gliwice-pm40-dzien-przedszkolaka-20-9-2021-5.jpg 1200w\" sizes=\"(max-width: 1024px) 100vw, 1024px\" \/><\/a><\/figure><\/li><li class=\"blocks-gallery-item\"><figure><a href=\"http:\/\/zsp14gliwice.pl\/pm40\/wp-content\/uploads\/2021\/10\/zsp14gliwice-pm40-dzien-przedszkolaka-20-9-2021-6.jpg\"><img loading=\"lazy\" decoding=\"async\" width=\"1024\" height=\"769\" src=\"http:\/\/zsp14gliwice.pl\/pm40\/wp-content\/uploads\/2021\/10\/zsp14gliwice-pm40-dzien-przedszkolaka-20-9-2021-6-1024x769.jpg\" alt=\"\" data-id=\"1086\" data-full-url=\"http:\/\/zsp14gliwice.pl\/pm40\/wp-content\/uploads\/2021\/10\/zsp14gliwice-pm40-dzien-przedszkolaka-20-9-2021-6.jpg\" data-link=\"http:\/\/zsp14gliwice.pl\/pm40\/?attachment_id=1086\" class=\"wp-image-1086\" srcset=\"https:\/\/zsp14gliwice.pl\/pm40\/wp-content\/uploads\/2021\/10\/zsp14gliwice-pm40-dzien-przedszkolaka-20-9-2021-6-1024x769.jpg 1024w, https:\/\/zsp14gliwice.pl\/pm40\/wp-content\/uploads\/2021\/10\/zsp14gliwice-pm40-dzien-przedszkolaka-20-9-2021-6-300x225.jpg 300w, https:\/\/zsp14gliwice.pl\/pm40\/wp-content\/uploads\/2021\/10\/zsp14gliwice-pm40-dzien-przedszkolaka-20-9-2021-6-768x577.jpg 768w, https:\/\/zsp14gliwice.pl\/pm40\/wp-content\/uploads\/2021\/10\/zsp14gliwice-pm40-dzien-przedszkolaka-20-9-2021-6-100x75.jpg 100w, https:\/\/zsp14gliwice.pl\/pm40\/wp-content\/uploads\/2021\/10\/zsp14gliwice-pm40-dzien-przedszkolaka-20-9-2021-6-862x647.jpg 862w, https:\/\/zsp14gliwice.pl\/pm40\/wp-content\/uploads\/2021\/10\/zsp14gliwice-pm40-dzien-przedszkolaka-20-9-2021-6.jpg 1200w\" sizes=\"(max-width: 1024px) 100vw, 1024px\" \/><\/a><\/figure><\/li><\/ul><\/figure>\n","protected":false},"excerpt":{"rendered":"<p>Dzie\u0144 Przedszkolaka up\u0142yn\u0105\u0142 nam na weso\u0142ej zabawie, bo \u201cNiewiele do szcz\u0119\u015bcia trzeba nam\u201d! Ta\u0144ce, balony i ju\u017c wszyscy zadowoleni!<\/p>\n","protected":false},"author":1,"featured_media":1074,"comment_status":"closed","ping_status":"open","sticky":false,"template":"","format":"standard","meta":{"footnotes":""},"categories":[7],"tags":[],"_links":{"self":[{"href":"https:\/\/zsp14gliwice.pl\/pm40\/wp-json\/wp\/v2\/posts\/1073"}],"collection":[{"href":"https:\/\/zsp14gliwice.pl\/pm40\/wp-json\/wp\/v2\/posts"}],"about":[{"href":"https:\/\/zsp14gliwice.pl\/pm40\/wp-json\/wp\/v2\/types\/post"}],"author":[{"embeddable":true,"href":"https:\/\/zsp14gliwice.pl\/pm40\/wp-json\/wp\/v2\/users\/1"}],"replies":[{"embeddable":true,"href":"https:\/\/zsp14gliwice.pl\/pm40\/wp-json\/wp\/v2\/comments?post=1073"}],"version-history":[{"count":1,"href":"https:\/\/zsp14gliwice.pl\/pm40\/wp-json\/wp\/v2\/posts\/1073\/revisions"}],"predecessor-version":[{"id":1087,"href":"https:\/\/zsp14gliwice.pl\/pm40\/wp-json\/wp\/v2\/posts\/1073\/revisions\/1087"}],"wp:featuredmedia":[{"embeddable":true,"href":"https:\/\/zsp14gliwice.pl\/pm40\/wp-json\/wp\/v2\/media\/1074"}],"wp:attachment":[{"href":"https:\/\/zsp14gliwice.pl\/pm40\/wp-json\/wp\/v2\/media?parent=1073"}],"wp:term":[{"taxonomy":"category","embeddable":true,"href":"https:\/\/zsp14gliwice.pl\/pm40\/wp-json\/wp\/v2\/categories?post=1073"},{"taxonomy":"post_tag","embeddable":true,"href":"https:\/\/zsp14gliwice.pl\/pm40\/wp-json\/wp\/v2\/tags?post=1073"}],"curies":[{"name":"wp","href":"https:\/\/api.w.org\/{rel}","templated":true}]}}