{"id":1050,"date":"2021-10-06T08:14:00","date_gmt":"2021-10-06T06:14:00","guid":{"rendered":"http:\/\/zsp14gliwice.pl\/pm40\/?p=1050"},"modified":"2021-10-15T08:27:47","modified_gmt":"2021-10-15T06:27:47","slug":"swiatowy-dzien-mozgowego-porazenia-dzieciecego-6-x-2021","status":"publish","type":"post","link":"https:\/\/zsp14gliwice.pl\/pm40\/2021\/10\/06\/swiatowy-dzien-mozgowego-porazenia-dzieciecego-6-x-2021\/","title":{"rendered":"\u015awiatowy Dzie\u0144 M\u00f3zgowego Pora\u017cenia Dzieci\u0119cego 6.X.2021"},"content":{"rendered":"\n<p>6 pa\u017adziernika 2021 roku obchodzili\u015bmy \u015awiatowy Dzie\u0144 M\u00f3zgowego Pora\u017cenia Dzieci\u0119cego. Na ca\u0142ym \u015bwiecie pa\u017adziernik zwi\u0105zany jest z zielonym kolorem nadziei, kt\u00f3ry ma zwr\u00f3ci\u0107 uwag\u0119 na osoby \u017cyj\u0105ce z m\u00f3zgowym pora\u017ceniem dzieci\u0119cym. To r\u00f3wnie\u017c znak solidarno\u015bci z nimi i ich rodzinami. Przedszkolaki z grupy &#8222;Biedronki&#8221; na zielono udekorowa\u0142y Fauny przed Urz\u0119dem Miejskim w Gliwicach.<\/p>\n\n\n\n<figure class=\"wp-block-gallery columns-3 is-cropped wp-block-gallery-1 is-layout-flex wp-block-gallery-is-layout-flex\"><ul class=\"blocks-gallery-grid\"><li class=\"blocks-gallery-item\"><figure><a href=\"http:\/\/zsp14gliwice.pl\/pm40\/wp-content\/uploads\/2021\/10\/zsp14gliwice-pm40-swiatowy-dzien-mozgowego-porazenia-dzieciecego-6-10-2021-2.jpg\"><img loading=\"lazy\" decoding=\"async\" width=\"1024\" height=\"863\" src=\"http:\/\/zsp14gliwice.pl\/pm40\/wp-content\/uploads\/2021\/10\/zsp14gliwice-pm40-swiatowy-dzien-mozgowego-porazenia-dzieciecego-6-10-2021-2-1024x863.jpg\" alt=\"\" data-id=\"1052\" data-full-url=\"http:\/\/zsp14gliwice.pl\/pm40\/wp-content\/uploads\/2021\/10\/zsp14gliwice-pm40-swiatowy-dzien-mozgowego-porazenia-dzieciecego-6-10-2021-2.jpg\" data-link=\"http:\/\/zsp14gliwice.pl\/pm40\/?attachment_id=1052\" class=\"wp-image-1052\" srcset=\"https:\/\/zsp14gliwice.pl\/pm40\/wp-content\/uploads\/2021\/10\/zsp14gliwice-pm40-swiatowy-dzien-mozgowego-porazenia-dzieciecego-6-10-2021-2-1024x863.jpg 1024w, https:\/\/zsp14gliwice.pl\/pm40\/wp-content\/uploads\/2021\/10\/zsp14gliwice-pm40-swiatowy-dzien-mozgowego-porazenia-dzieciecego-6-10-2021-2-300x253.jpg 300w, https:\/\/zsp14gliwice.pl\/pm40\/wp-content\/uploads\/2021\/10\/zsp14gliwice-pm40-swiatowy-dzien-mozgowego-porazenia-dzieciecego-6-10-2021-2-768x647.jpg 768w, https:\/\/zsp14gliwice.pl\/pm40\/wp-content\/uploads\/2021\/10\/zsp14gliwice-pm40-swiatowy-dzien-mozgowego-porazenia-dzieciecego-6-10-2021-2-100x84.jpg 100w, https:\/\/zsp14gliwice.pl\/pm40\/wp-content\/uploads\/2021\/10\/zsp14gliwice-pm40-swiatowy-dzien-mozgowego-porazenia-dzieciecego-6-10-2021-2-862x726.jpg 862w, https:\/\/zsp14gliwice.pl\/pm40\/wp-content\/uploads\/2021\/10\/zsp14gliwice-pm40-swiatowy-dzien-mozgowego-porazenia-dzieciecego-6-10-2021-2.jpg 1200w\" sizes=\"(max-width: 1024px) 100vw, 1024px\" \/><\/a><\/figure><\/li><li class=\"blocks-gallery-item\"><figure><a href=\"http:\/\/zsp14gliwice.pl\/pm40\/wp-content\/uploads\/2021\/10\/zsp14gliwice-pm40-swiatowy-dzien-mozgowego-porazenia-dzieciecego-6-10-2021-3.jpg\"><img loading=\"lazy\" decoding=\"async\" width=\"1024\" height=\"768\" src=\"http:\/\/zsp14gliwice.pl\/pm40\/wp-content\/uploads\/2021\/10\/zsp14gliwice-pm40-swiatowy-dzien-mozgowego-porazenia-dzieciecego-6-10-2021-3-1024x768.jpg\" alt=\"\" data-id=\"1053\" data-full-url=\"http:\/\/zsp14gliwice.pl\/pm40\/wp-content\/uploads\/2021\/10\/zsp14gliwice-pm40-swiatowy-dzien-mozgowego-porazenia-dzieciecego-6-10-2021-3.jpg\" data-link=\"http:\/\/zsp14gliwice.pl\/pm40\/?attachment_id=1053\" class=\"wp-image-1053\" srcset=\"https:\/\/zsp14gliwice.pl\/pm40\/wp-content\/uploads\/2021\/10\/zsp14gliwice-pm40-swiatowy-dzien-mozgowego-porazenia-dzieciecego-6-10-2021-3-1024x768.jpg 1024w, https:\/\/zsp14gliwice.pl\/pm40\/wp-content\/uploads\/2021\/10\/zsp14gliwice-pm40-swiatowy-dzien-mozgowego-porazenia-dzieciecego-6-10-2021-3-300x225.jpg 300w, https:\/\/zsp14gliwice.pl\/pm40\/wp-content\/uploads\/2021\/10\/zsp14gliwice-pm40-swiatowy-dzien-mozgowego-porazenia-dzieciecego-6-10-2021-3-768x576.jpg 768w, https:\/\/zsp14gliwice.pl\/pm40\/wp-content\/uploads\/2021\/10\/zsp14gliwice-pm40-swiatowy-dzien-mozgowego-porazenia-dzieciecego-6-10-2021-3-100x75.jpg 100w, https:\/\/zsp14gliwice.pl\/pm40\/wp-content\/uploads\/2021\/10\/zsp14gliwice-pm40-swiatowy-dzien-mozgowego-porazenia-dzieciecego-6-10-2021-3-862x647.jpg 862w, https:\/\/zsp14gliwice.pl\/pm40\/wp-content\/uploads\/2021\/10\/zsp14gliwice-pm40-swiatowy-dzien-mozgowego-porazenia-dzieciecego-6-10-2021-3.jpg 1200w\" sizes=\"(max-width: 1024px) 100vw, 1024px\" \/><\/a><\/figure><\/li><li class=\"blocks-gallery-item\"><figure><a href=\"http:\/\/zsp14gliwice.pl\/pm40\/wp-content\/uploads\/2021\/10\/zsp14gliwice-pm40-swiatowy-dzien-mozgowego-porazenia-dzieciecego-6-10-2021-4.jpg\"><img loading=\"lazy\" decoding=\"async\" width=\"1024\" height=\"768\" src=\"http:\/\/zsp14gliwice.pl\/pm40\/wp-content\/uploads\/2021\/10\/zsp14gliwice-pm40-swiatowy-dzien-mozgowego-porazenia-dzieciecego-6-10-2021-4-1024x768.jpg\" alt=\"\" data-id=\"1054\" data-full-url=\"http:\/\/zsp14gliwice.pl\/pm40\/wp-content\/uploads\/2021\/10\/zsp14gliwice-pm40-swiatowy-dzien-mozgowego-porazenia-dzieciecego-6-10-2021-4.jpg\" data-link=\"http:\/\/zsp14gliwice.pl\/pm40\/?attachment_id=1054\" class=\"wp-image-1054\" srcset=\"https:\/\/zsp14gliwice.pl\/pm40\/wp-content\/uploads\/2021\/10\/zsp14gliwice-pm40-swiatowy-dzien-mozgowego-porazenia-dzieciecego-6-10-2021-4-1024x768.jpg 1024w, https:\/\/zsp14gliwice.pl\/pm40\/wp-content\/uploads\/2021\/10\/zsp14gliwice-pm40-swiatowy-dzien-mozgowego-porazenia-dzieciecego-6-10-2021-4-300x225.jpg 300w, https:\/\/zsp14gliwice.pl\/pm40\/wp-content\/uploads\/2021\/10\/zsp14gliwice-pm40-swiatowy-dzien-mozgowego-porazenia-dzieciecego-6-10-2021-4-768x576.jpg 768w, https:\/\/zsp14gliwice.pl\/pm40\/wp-content\/uploads\/2021\/10\/zsp14gliwice-pm40-swiatowy-dzien-mozgowego-porazenia-dzieciecego-6-10-2021-4-100x75.jpg 100w, https:\/\/zsp14gliwice.pl\/pm40\/wp-content\/uploads\/2021\/10\/zsp14gliwice-pm40-swiatowy-dzien-mozgowego-porazenia-dzieciecego-6-10-2021-4-862x647.jpg 862w, https:\/\/zsp14gliwice.pl\/pm40\/wp-content\/uploads\/2021\/10\/zsp14gliwice-pm40-swiatowy-dzien-mozgowego-porazenia-dzieciecego-6-10-2021-4.jpg 1200w\" sizes=\"(max-width: 1024px) 100vw, 1024px\" \/><\/a><\/figure><\/li><li class=\"blocks-gallery-item\"><figure><a href=\"http:\/\/zsp14gliwice.pl\/pm40\/wp-content\/uploads\/2021\/10\/zsp14gliwice-pm40-swiatowy-dzien-mozgowego-porazenia-dzieciecego-6-10-2021-5-scaled.jpg\"><img loading=\"lazy\" decoding=\"async\" width=\"455\" height=\"1024\" src=\"http:\/\/zsp14gliwice.pl\/pm40\/wp-content\/uploads\/2021\/10\/zsp14gliwice-pm40-swiatowy-dzien-mozgowego-porazenia-dzieciecego-6-10-2021-5-455x1024.jpg\" alt=\"\" data-id=\"1055\" data-full-url=\"http:\/\/zsp14gliwice.pl\/pm40\/wp-content\/uploads\/2021\/10\/zsp14gliwice-pm40-swiatowy-dzien-mozgowego-porazenia-dzieciecego-6-10-2021-5-scaled.jpg\" data-link=\"http:\/\/zsp14gliwice.pl\/pm40\/?attachment_id=1055\" class=\"wp-image-1055\" srcset=\"https:\/\/zsp14gliwice.pl\/pm40\/wp-content\/uploads\/2021\/10\/zsp14gliwice-pm40-swiatowy-dzien-mozgowego-porazenia-dzieciecego-6-10-2021-5-455x1024.jpg 455w, https:\/\/zsp14gliwice.pl\/pm40\/wp-content\/uploads\/2021\/10\/zsp14gliwice-pm40-swiatowy-dzien-mozgowego-porazenia-dzieciecego-6-10-2021-5-133x300.jpg 133w, https:\/\/zsp14gliwice.pl\/pm40\/wp-content\/uploads\/2021\/10\/zsp14gliwice-pm40-swiatowy-dzien-mozgowego-porazenia-dzieciecego-6-10-2021-5-768x1728.jpg 768w, https:\/\/zsp14gliwice.pl\/pm40\/wp-content\/uploads\/2021\/10\/zsp14gliwice-pm40-swiatowy-dzien-mozgowego-porazenia-dzieciecego-6-10-2021-5-683x1536.jpg 683w, https:\/\/zsp14gliwice.pl\/pm40\/wp-content\/uploads\/2021\/10\/zsp14gliwice-pm40-swiatowy-dzien-mozgowego-porazenia-dzieciecego-6-10-2021-5-910x2048.jpg 910w, https:\/\/zsp14gliwice.pl\/pm40\/wp-content\/uploads\/2021\/10\/zsp14gliwice-pm40-swiatowy-dzien-mozgowego-porazenia-dzieciecego-6-10-2021-5-100x225.jpg 100w, https:\/\/zsp14gliwice.pl\/pm40\/wp-content\/uploads\/2021\/10\/zsp14gliwice-pm40-swiatowy-dzien-mozgowego-porazenia-dzieciecego-6-10-2021-5-862x1940.jpg 862w, https:\/\/zsp14gliwice.pl\/pm40\/wp-content\/uploads\/2021\/10\/zsp14gliwice-pm40-swiatowy-dzien-mozgowego-porazenia-dzieciecego-6-10-2021-5-scaled.jpg 1138w\" sizes=\"(max-width: 455px) 100vw, 455px\" \/><\/a><\/figure><\/li><li class=\"blocks-gallery-item\"><figure><a href=\"http:\/\/zsp14gliwice.pl\/pm40\/wp-content\/uploads\/2021\/10\/zsp14gliwice-pm40-swiatowy-dzien-mozgowego-porazenia-dzieciecego-6-10-2021-6-scaled.jpg\"><img loading=\"lazy\" decoding=\"async\" width=\"455\" height=\"1024\" src=\"http:\/\/zsp14gliwice.pl\/pm40\/wp-content\/uploads\/2021\/10\/zsp14gliwice-pm40-swiatowy-dzien-mozgowego-porazenia-dzieciecego-6-10-2021-6-455x1024.jpg\" alt=\"\" data-id=\"1056\" data-full-url=\"http:\/\/zsp14gliwice.pl\/pm40\/wp-content\/uploads\/2021\/10\/zsp14gliwice-pm40-swiatowy-dzien-mozgowego-porazenia-dzieciecego-6-10-2021-6-scaled.jpg\" data-link=\"http:\/\/zsp14gliwice.pl\/pm40\/?attachment_id=1056\" class=\"wp-image-1056\" srcset=\"https:\/\/zsp14gliwice.pl\/pm40\/wp-content\/uploads\/2021\/10\/zsp14gliwice-pm40-swiatowy-dzien-mozgowego-porazenia-dzieciecego-6-10-2021-6-455x1024.jpg 455w, https:\/\/zsp14gliwice.pl\/pm40\/wp-content\/uploads\/2021\/10\/zsp14gliwice-pm40-swiatowy-dzien-mozgowego-porazenia-dzieciecego-6-10-2021-6-133x300.jpg 133w, https:\/\/zsp14gliwice.pl\/pm40\/wp-content\/uploads\/2021\/10\/zsp14gliwice-pm40-swiatowy-dzien-mozgowego-porazenia-dzieciecego-6-10-2021-6-768x1728.jpg 768w, https:\/\/zsp14gliwice.pl\/pm40\/wp-content\/uploads\/2021\/10\/zsp14gliwice-pm40-swiatowy-dzien-mozgowego-porazenia-dzieciecego-6-10-2021-6-683x1536.jpg 683w, https:\/\/zsp14gliwice.pl\/pm40\/wp-content\/uploads\/2021\/10\/zsp14gliwice-pm40-swiatowy-dzien-mozgowego-porazenia-dzieciecego-6-10-2021-6-910x2048.jpg 910w, https:\/\/zsp14gliwice.pl\/pm40\/wp-content\/uploads\/2021\/10\/zsp14gliwice-pm40-swiatowy-dzien-mozgowego-porazenia-dzieciecego-6-10-2021-6-100x225.jpg 100w, https:\/\/zsp14gliwice.pl\/pm40\/wp-content\/uploads\/2021\/10\/zsp14gliwice-pm40-swiatowy-dzien-mozgowego-porazenia-dzieciecego-6-10-2021-6-862x1940.jpg 862w, https:\/\/zsp14gliwice.pl\/pm40\/wp-content\/uploads\/2021\/10\/zsp14gliwice-pm40-swiatowy-dzien-mozgowego-porazenia-dzieciecego-6-10-2021-6-scaled.jpg 1138w\" sizes=\"(max-width: 455px) 100vw, 455px\" \/><\/a><\/figure><\/li><li class=\"blocks-gallery-item\"><figure><a href=\"http:\/\/zsp14gliwice.pl\/pm40\/wp-content\/uploads\/2021\/10\/zsp14gliwice-pm40-swiatowy-dzien-mozgowego-porazenia-dzieciecego-6-10-2021-7-scaled.jpg\"><img loading=\"lazy\" decoding=\"async\" width=\"455\" height=\"1024\" src=\"http:\/\/zsp14gliwice.pl\/pm40\/wp-content\/uploads\/2021\/10\/zsp14gliwice-pm40-swiatowy-dzien-mozgowego-porazenia-dzieciecego-6-10-2021-7-455x1024.jpg\" alt=\"\" data-id=\"1057\" data-full-url=\"http:\/\/zsp14gliwice.pl\/pm40\/wp-content\/uploads\/2021\/10\/zsp14gliwice-pm40-swiatowy-dzien-mozgowego-porazenia-dzieciecego-6-10-2021-7-scaled.jpg\" data-link=\"http:\/\/zsp14gliwice.pl\/pm40\/?attachment_id=1057\" class=\"wp-image-1057\" srcset=\"https:\/\/zsp14gliwice.pl\/pm40\/wp-content\/uploads\/2021\/10\/zsp14gliwice-pm40-swiatowy-dzien-mozgowego-porazenia-dzieciecego-6-10-2021-7-455x1024.jpg 455w, https:\/\/zsp14gliwice.pl\/pm40\/wp-content\/uploads\/2021\/10\/zsp14gliwice-pm40-swiatowy-dzien-mozgowego-porazenia-dzieciecego-6-10-2021-7-133x300.jpg 133w, https:\/\/zsp14gliwice.pl\/pm40\/wp-content\/uploads\/2021\/10\/zsp14gliwice-pm40-swiatowy-dzien-mozgowego-porazenia-dzieciecego-6-10-2021-7-768x1728.jpg 768w, https:\/\/zsp14gliwice.pl\/pm40\/wp-content\/uploads\/2021\/10\/zsp14gliwice-pm40-swiatowy-dzien-mozgowego-porazenia-dzieciecego-6-10-2021-7-683x1536.jpg 683w, https:\/\/zsp14gliwice.pl\/pm40\/wp-content\/uploads\/2021\/10\/zsp14gliwice-pm40-swiatowy-dzien-mozgowego-porazenia-dzieciecego-6-10-2021-7-910x2048.jpg 910w, https:\/\/zsp14gliwice.pl\/pm40\/wp-content\/uploads\/2021\/10\/zsp14gliwice-pm40-swiatowy-dzien-mozgowego-porazenia-dzieciecego-6-10-2021-7-100x225.jpg 100w, https:\/\/zsp14gliwice.pl\/pm40\/wp-content\/uploads\/2021\/10\/zsp14gliwice-pm40-swiatowy-dzien-mozgowego-porazenia-dzieciecego-6-10-2021-7-862x1940.jpg 862w, https:\/\/zsp14gliwice.pl\/pm40\/wp-content\/uploads\/2021\/10\/zsp14gliwice-pm40-swiatowy-dzien-mozgowego-porazenia-dzieciecego-6-10-2021-7-scaled.jpg 1138w\" sizes=\"(max-width: 455px) 100vw, 455px\" \/><\/a><\/figure><\/li><li class=\"blocks-gallery-item\"><figure><a href=\"http:\/\/zsp14gliwice.pl\/pm40\/wp-content\/uploads\/2021\/10\/zsp14gliwice-pm40-swiatowy-dzien-mozgowego-porazenia-dzieciecego-6-10-2021-8-scaled.jpg\"><img loading=\"lazy\" decoding=\"async\" width=\"455\" height=\"1024\" src=\"http:\/\/zsp14gliwice.pl\/pm40\/wp-content\/uploads\/2021\/10\/zsp14gliwice-pm40-swiatowy-dzien-mozgowego-porazenia-dzieciecego-6-10-2021-8-455x1024.jpg\" alt=\"\" data-id=\"1058\" data-full-url=\"http:\/\/zsp14gliwice.pl\/pm40\/wp-content\/uploads\/2021\/10\/zsp14gliwice-pm40-swiatowy-dzien-mozgowego-porazenia-dzieciecego-6-10-2021-8-scaled.jpg\" data-link=\"http:\/\/zsp14gliwice.pl\/pm40\/?attachment_id=1058\" class=\"wp-image-1058\" srcset=\"https:\/\/zsp14gliwice.pl\/pm40\/wp-content\/uploads\/2021\/10\/zsp14gliwice-pm40-swiatowy-dzien-mozgowego-porazenia-dzieciecego-6-10-2021-8-455x1024.jpg 455w, https:\/\/zsp14gliwice.pl\/pm40\/wp-content\/uploads\/2021\/10\/zsp14gliwice-pm40-swiatowy-dzien-mozgowego-porazenia-dzieciecego-6-10-2021-8-133x300.jpg 133w, https:\/\/zsp14gliwice.pl\/pm40\/wp-content\/uploads\/2021\/10\/zsp14gliwice-pm40-swiatowy-dzien-mozgowego-porazenia-dzieciecego-6-10-2021-8-768x1728.jpg 768w, https:\/\/zsp14gliwice.pl\/pm40\/wp-content\/uploads\/2021\/10\/zsp14gliwice-pm40-swiatowy-dzien-mozgowego-porazenia-dzieciecego-6-10-2021-8-683x1536.jpg 683w, https:\/\/zsp14gliwice.pl\/pm40\/wp-content\/uploads\/2021\/10\/zsp14gliwice-pm40-swiatowy-dzien-mozgowego-porazenia-dzieciecego-6-10-2021-8-910x2048.jpg 910w, https:\/\/zsp14gliwice.pl\/pm40\/wp-content\/uploads\/2021\/10\/zsp14gliwice-pm40-swiatowy-dzien-mozgowego-porazenia-dzieciecego-6-10-2021-8-100x225.jpg 100w, https:\/\/zsp14gliwice.pl\/pm40\/wp-content\/uploads\/2021\/10\/zsp14gliwice-pm40-swiatowy-dzien-mozgowego-porazenia-dzieciecego-6-10-2021-8-862x1940.jpg 862w, https:\/\/zsp14gliwice.pl\/pm40\/wp-content\/uploads\/2021\/10\/zsp14gliwice-pm40-swiatowy-dzien-mozgowego-porazenia-dzieciecego-6-10-2021-8-scaled.jpg 1138w\" sizes=\"(max-width: 455px) 100vw, 455px\" \/><\/a><\/figure><\/li><\/ul><\/figure>\n","protected":false},"excerpt":{"rendered":"<p>6 pa\u017adziernika 2021 roku obchodzili\u015bmy \u015awiatowy Dzie\u0144 M\u00f3zgowego Pora\u017cenia Dzieci\u0119cego. Na ca\u0142ym \u015bwiecie pa\u017adziernik zwi\u0105zany jest z zielonym kolorem nadziei, kt\u00f3ry ma zwr\u00f3ci\u0107 uwag\u0119 na osoby \u017cyj\u0105ce z m\u00f3zgowym pora\u017ceniem dzieci\u0119cym. To r\u00f3wnie\u017c znak solidarno\u015bci z nimi i ich rodzinami. Przedszkolaki z grupy &#8222;Biedronki&#8221; na zielono udekorowa\u0142y Fauny przed Urz\u0119dem Miejskim w Gliwicach.<\/p>\n","protected":false},"author":1,"featured_media":1051,"comment_status":"closed","ping_status":"open","sticky":false,"template":"","format":"standard","meta":{"footnotes":""},"categories":[7],"tags":[],"_links":{"self":[{"href":"https:\/\/zsp14gliwice.pl\/pm40\/wp-json\/wp\/v2\/posts\/1050"}],"collection":[{"href":"https:\/\/zsp14gliwice.pl\/pm40\/wp-json\/wp\/v2\/posts"}],"about":[{"href":"https:\/\/zsp14gliwice.pl\/pm40\/wp-json\/wp\/v2\/types\/post"}],"author":[{"embeddable":true,"href":"https:\/\/zsp14gliwice.pl\/pm40\/wp-json\/wp\/v2\/users\/1"}],"replies":[{"embeddable":true,"href":"https:\/\/zsp14gliwice.pl\/pm40\/wp-json\/wp\/v2\/comments?post=1050"}],"version-history":[{"count":2,"href":"https:\/\/zsp14gliwice.pl\/pm40\/wp-json\/wp\/v2\/posts\/1050\/revisions"}],"predecessor-version":[{"id":1060,"href":"https:\/\/zsp14gliwice.pl\/pm40\/wp-json\/wp\/v2\/posts\/1050\/revisions\/1060"}],"wp:featuredmedia":[{"embeddable":true,"href":"https:\/\/zsp14gliwice.pl\/pm40\/wp-json\/wp\/v2\/media\/1051"}],"wp:attachment":[{"href":"https:\/\/zsp14gliwice.pl\/pm40\/wp-json\/wp\/v2\/media?parent=1050"}],"wp:term":[{"taxonomy":"category","embeddable":true,"href":"https:\/\/zsp14gliwice.pl\/pm40\/wp-json\/wp\/v2\/categories?post=1050"},{"taxonomy":"post_tag","embeddable":true,"href":"https:\/\/zsp14gliwice.pl\/pm40\/wp-json\/wp\/v2\/tags?post=1050"}],"curies":[{"name":"wp","href":"https:\/\/api.w.org\/{rel}","templated":true}]}}