{"id":1024,"date":"2021-06-30T13:54:00","date_gmt":"2021-06-30T11:54:00","guid":{"rendered":"http:\/\/zsp14gliwice.pl\/pm40\/?p=1024"},"modified":"2021-09-16T13:55:02","modified_gmt":"2021-09-16T11:55:02","slug":"pozegnanie-starszakow","status":"publish","type":"post","link":"https:\/\/zsp14gliwice.pl\/pm40\/2021\/06\/30\/pozegnanie-starszakow\/","title":{"rendered":"Po\u017cegnanie starszak\u00f3w"},"content":{"rendered":"\n<p>22, 23 i 24 czerwca odby\u0142o si\u0119 zako\u0144czenie roku przedszkolnego. Naszym absolwentom z grupy \u201eSmoki\u201d, \u201eP\u0142omyczki\u201d, \u201eSowy\u201d \u017cyczymy sukces\u00f3w, u\u015bmiechu i powodzenia. Niech czas sp\u0119dzony w szkole zaowocuje zdobywaniem wiedzy, dobrymi ocenami, ciekawymi zaj\u0119ciami w przyjaznej, pe\u0142nej \u017cyczliwo\u015bci atmosferze oraz wspania\u0142ymi i trwa\u0142ymi przyja\u017aniami.<\/p>\n\n\n\n<figure class=\"wp-block-gallery columns-3 is-cropped wp-block-gallery-1 is-layout-flex wp-block-gallery-is-layout-flex\"><ul class=\"blocks-gallery-grid\"><li class=\"blocks-gallery-item\"><figure><img loading=\"lazy\" decoding=\"async\" width=\"1024\" height=\"682\" src=\"http:\/\/zsp14gliwice.pl\/pm40\/wp-content\/uploads\/2021\/09\/zsp14gliwice-pm40-zegnaj-przedszkole-pozegnanie-starszakow-2021-3.jpg\" alt=\"\" data-id=\"1026\" data-full-url=\"http:\/\/zsp14gliwice.pl\/pm40\/wp-content\/uploads\/2021\/09\/zsp14gliwice-pm40-zegnaj-przedszkole-pozegnanie-starszakow-2021-3.jpg\" data-link=\"http:\/\/zsp14gliwice.pl\/pm40\/?attachment_id=1026\" class=\"wp-image-1026\" srcset=\"https:\/\/zsp14gliwice.pl\/pm40\/wp-content\/uploads\/2021\/09\/zsp14gliwice-pm40-zegnaj-przedszkole-pozegnanie-starszakow-2021-3.jpg 1024w, https:\/\/zsp14gliwice.pl\/pm40\/wp-content\/uploads\/2021\/09\/zsp14gliwice-pm40-zegnaj-przedszkole-pozegnanie-starszakow-2021-3-300x200.jpg 300w, https:\/\/zsp14gliwice.pl\/pm40\/wp-content\/uploads\/2021\/09\/zsp14gliwice-pm40-zegnaj-przedszkole-pozegnanie-starszakow-2021-3-768x512.jpg 768w, https:\/\/zsp14gliwice.pl\/pm40\/wp-content\/uploads\/2021\/09\/zsp14gliwice-pm40-zegnaj-przedszkole-pozegnanie-starszakow-2021-3-100x67.jpg 100w, https:\/\/zsp14gliwice.pl\/pm40\/wp-content\/uploads\/2021\/09\/zsp14gliwice-pm40-zegnaj-przedszkole-pozegnanie-starszakow-2021-3-862x574.jpg 862w\" sizes=\"(max-width: 1024px) 100vw, 1024px\" \/><\/figure><\/li><li class=\"blocks-gallery-item\"><figure><img loading=\"lazy\" decoding=\"async\" width=\"1024\" height=\"682\" src=\"http:\/\/zsp14gliwice.pl\/pm40\/wp-content\/uploads\/2021\/09\/zsp14gliwice-pm40-zegnaj-przedszkole-pozegnanie-starszakow-2021-2.jpg\" alt=\"\" data-id=\"1027\" data-full-url=\"http:\/\/zsp14gliwice.pl\/pm40\/wp-content\/uploads\/2021\/09\/zsp14gliwice-pm40-zegnaj-przedszkole-pozegnanie-starszakow-2021-2.jpg\" data-link=\"http:\/\/zsp14gliwice.pl\/pm40\/?attachment_id=1027\" class=\"wp-image-1027\" srcset=\"https:\/\/zsp14gliwice.pl\/pm40\/wp-content\/uploads\/2021\/09\/zsp14gliwice-pm40-zegnaj-przedszkole-pozegnanie-starszakow-2021-2.jpg 1024w, https:\/\/zsp14gliwice.pl\/pm40\/wp-content\/uploads\/2021\/09\/zsp14gliwice-pm40-zegnaj-przedszkole-pozegnanie-starszakow-2021-2-300x200.jpg 300w, https:\/\/zsp14gliwice.pl\/pm40\/wp-content\/uploads\/2021\/09\/zsp14gliwice-pm40-zegnaj-przedszkole-pozegnanie-starszakow-2021-2-768x512.jpg 768w, https:\/\/zsp14gliwice.pl\/pm40\/wp-content\/uploads\/2021\/09\/zsp14gliwice-pm40-zegnaj-przedszkole-pozegnanie-starszakow-2021-2-100x67.jpg 100w, https:\/\/zsp14gliwice.pl\/pm40\/wp-content\/uploads\/2021\/09\/zsp14gliwice-pm40-zegnaj-przedszkole-pozegnanie-starszakow-2021-2-862x574.jpg 862w\" sizes=\"(max-width: 1024px) 100vw, 1024px\" \/><\/figure><\/li><li class=\"blocks-gallery-item\"><figure><img loading=\"lazy\" decoding=\"async\" width=\"1024\" height=\"682\" src=\"http:\/\/zsp14gliwice.pl\/pm40\/wp-content\/uploads\/2021\/09\/zsp14gliwice-pm40-zegnaj-przedszkole-pozegnanie-starszakow-2021-1.jpg\" alt=\"\" data-id=\"1028\" data-full-url=\"http:\/\/zsp14gliwice.pl\/pm40\/wp-content\/uploads\/2021\/09\/zsp14gliwice-pm40-zegnaj-przedszkole-pozegnanie-starszakow-2021-1.jpg\" data-link=\"http:\/\/zsp14gliwice.pl\/pm40\/?attachment_id=1028\" class=\"wp-image-1028\" srcset=\"https:\/\/zsp14gliwice.pl\/pm40\/wp-content\/uploads\/2021\/09\/zsp14gliwice-pm40-zegnaj-przedszkole-pozegnanie-starszakow-2021-1.jpg 1024w, https:\/\/zsp14gliwice.pl\/pm40\/wp-content\/uploads\/2021\/09\/zsp14gliwice-pm40-zegnaj-przedszkole-pozegnanie-starszakow-2021-1-300x200.jpg 300w, https:\/\/zsp14gliwice.pl\/pm40\/wp-content\/uploads\/2021\/09\/zsp14gliwice-pm40-zegnaj-przedszkole-pozegnanie-starszakow-2021-1-768x512.jpg 768w, https:\/\/zsp14gliwice.pl\/pm40\/wp-content\/uploads\/2021\/09\/zsp14gliwice-pm40-zegnaj-przedszkole-pozegnanie-starszakow-2021-1-100x67.jpg 100w, https:\/\/zsp14gliwice.pl\/pm40\/wp-content\/uploads\/2021\/09\/zsp14gliwice-pm40-zegnaj-przedszkole-pozegnanie-starszakow-2021-1-862x574.jpg 862w\" sizes=\"(max-width: 1024px) 100vw, 1024px\" \/><\/figure><\/li><\/ul><\/figure>\n","protected":false},"excerpt":{"rendered":"<p>22, 23 i 24 czerwca odby\u0142o si\u0119 zako\u0144czenie roku przedszkolnego. Naszym absolwentom z grupy \u201eSmoki\u201d, \u201eP\u0142omyczki\u201d, \u201eSowy\u201d \u017cyczymy sukces\u00f3w, u\u015bmiechu i powodzenia. Niech czas sp\u0119dzony w szkole zaowocuje zdobywaniem wiedzy, dobrymi ocenami, ciekawymi zaj\u0119ciami w przyjaznej, pe\u0142nej \u017cyczliwo\u015bci atmosferze oraz wspania\u0142ymi i trwa\u0142ymi przyja\u017aniami.<\/p>\n","protected":false},"author":1,"featured_media":1025,"comment_status":"closed","ping_status":"open","sticky":false,"template":"","format":"standard","meta":{"footnotes":""},"categories":[7],"tags":[],"_links":{"self":[{"href":"https:\/\/zsp14gliwice.pl\/pm40\/wp-json\/wp\/v2\/posts\/1024"}],"collection":[{"href":"https:\/\/zsp14gliwice.pl\/pm40\/wp-json\/wp\/v2\/posts"}],"about":[{"href":"https:\/\/zsp14gliwice.pl\/pm40\/wp-json\/wp\/v2\/types\/post"}],"author":[{"embeddable":true,"href":"https:\/\/zsp14gliwice.pl\/pm40\/wp-json\/wp\/v2\/users\/1"}],"replies":[{"embeddable":true,"href":"https:\/\/zsp14gliwice.pl\/pm40\/wp-json\/wp\/v2\/comments?post=1024"}],"version-history":[{"count":1,"href":"https:\/\/zsp14gliwice.pl\/pm40\/wp-json\/wp\/v2\/posts\/1024\/revisions"}],"predecessor-version":[{"id":1029,"href":"https:\/\/zsp14gliwice.pl\/pm40\/wp-json\/wp\/v2\/posts\/1024\/revisions\/1029"}],"wp:featuredmedia":[{"embeddable":true,"href":"https:\/\/zsp14gliwice.pl\/pm40\/wp-json\/wp\/v2\/media\/1025"}],"wp:attachment":[{"href":"https:\/\/zsp14gliwice.pl\/pm40\/wp-json\/wp\/v2\/media?parent=1024"}],"wp:term":[{"taxonomy":"category","embeddable":true,"href":"https:\/\/zsp14gliwice.pl\/pm40\/wp-json\/wp\/v2\/categories?post=1024"},{"taxonomy":"post_tag","embeddable":true,"href":"https:\/\/zsp14gliwice.pl\/pm40\/wp-json\/wp\/v2\/tags?post=1024"}],"curies":[{"name":"wp","href":"https:\/\/api.w.org\/{rel}","templated":true}]}}